{"id":7343,"date":"2026-02-13T16:33:35","date_gmt":"2026-02-13T16:33:35","guid":{"rendered":"https:\/\/www.mormaii.com.br\/franquias\/?p=7343"},"modified":"2026-02-13T16:33:36","modified_gmt":"2026-02-13T16:33:36","slug":"studio-mormaii-bh-castelo","status":"publish","type":"post","link":"https:\/\/www.mormaii.com.br\/franquias\/inauguracoes\/studio-mormaii-bh-castelo\/","title":{"rendered":"Por dentro dos Studios: Inaugura\u00e7\u00e3o do Studio Mormaii BH Castelo"},"content":{"rendered":"\n<p>A s\u00e9rie <strong>\u201cPor Dentro dos Studios\u201d<\/strong> chega a Belo Horizonte para contar a hist\u00f3ria do novo <strong>Studio Mormaii BH Castelo<\/strong>, que nasce com o prop\u00f3sito de promover sa\u00fade, bem-estar e qualidade de vida de forma integral, unindo movimento, cuidado e conex\u00e3o.<\/p>\n\n\n\n<h2 class=\"wp-block-heading\"><strong>Conhe\u00e7a as franqueadas \u2013 Fernanda e B\u00e1rbara<\/strong><\/h2>\n\n\n\n<div class=\"wp-block-media-text is-stacked-on-mobile is-vertically-aligned-center\" style=\"grid-template-columns:35% auto\"><figure class=\"wp-block-media-text__media\"><img fetchpriority=\"high\" decoding=\"async\" width=\"684\" height=\"1024\" src=\"http:\/\/www.mormaii.com.br\/franquias\/wp-content\/uploads\/2026\/02\/\u00a9Joao-Neto-2026-74-684x1024.jpg\" alt=\"Fernanda e B\u00e1rbara, franqueadas do Studio Mormaii BH Castelo\" class=\"wp-image-7360 size-full\" srcset=\"https:\/\/www.mormaii.com.br\/franquias\/wp-content\/uploads\/2026\/02\/\u00a9Joao-Neto-2026-74-684x1024.jpg 684w, https:\/\/www.mormaii.com.br\/franquias\/wp-content\/uploads\/2026\/02\/\u00a9Joao-Neto-2026-74-200x300.jpg 200w, https:\/\/www.mormaii.com.br\/franquias\/wp-content\/uploads\/2026\/02\/\u00a9Joao-Neto-2026-74-768x1150.jpg 768w, https:\/\/www.mormaii.com.br\/franquias\/wp-content\/uploads\/2026\/02\/\u00a9Joao-Neto-2026-74-1026x1536.jpg 1026w, https:\/\/www.mormaii.com.br\/franquias\/wp-content\/uploads\/2026\/02\/\u00a9Joao-Neto-2026-74.jpg 1366w\" sizes=\"(max-width: 684px) 100vw, 684px\" \/><\/figure><div class=\"wp-block-media-text__content\">\n<p>\u00c0 frente da opera\u00e7\u00e3o est\u00e3o <strong>Fernanda e B\u00e1rbara<\/strong>, amigas de inf\u00e2ncia que transformaram afinidade, confian\u00e7a e prop\u00f3sito em um sonho em comum. Apesar da forma\u00e7\u00e3o em <strong>Engenharia<\/strong>, a vida as conduziu a repensar caminhos e atender a um chamado maior: criar um espa\u00e7o acolhedor e profissional, onde cada pessoa seja respeitada em sua individualidade e estimulada a evoluir no pr\u00f3prio ritmo.<\/p>\n<\/div><\/div>\n\n\n\n<p><\/p>\n\n\n\n<h2 class=\"wp-block-heading\"><strong>A escolha pela Mormaii<\/strong><\/h2>\n\n\n\n<p>As franqueadas acreditam no movimento como ferramenta de transforma\u00e7\u00e3o f\u00edsica e mental, e encontraram no <strong>Studio Mormaii<\/strong> uma marca que traduz exatamente o que ambas valorizam: <strong>equil\u00edbrio entre corpo e mente, performance com consci\u00eancia e um estilo de vida saud\u00e1vel e sustent\u00e1vel<\/strong>. A identifica\u00e7\u00e3o com os valores da marca foi imediata!<\/p>\n\n\n\n<h2 class=\"wp-block-heading\"><strong>O processo de implanta\u00e7\u00e3o<\/strong><\/h2>\n\n\n\n<p>O processo de implanta\u00e7\u00e3o foi descrito como <strong>positivo, organizado e bem estruturado<\/strong>, com orienta\u00e7\u00f5es fundamentais em treinamento, direcionamento operacional e acompanhamento estrat\u00e9gico. Para elas, esse suporte foi essencial para tirar o Studio do papel com consist\u00eancia e seguran\u00e7a, mantendo a ess\u00eancia de um atendimento pr\u00f3ximo e de alta qualidade.<\/p>\n\n\n\n<figure class=\"wp-block-image aligncenter size-large is-resized\"><img decoding=\"async\" width=\"1024\" height=\"684\" src=\"https:\/\/www.mormaii.com.br\/franquias\/wp-content\/uploads\/2026\/02\/\u00a9Joao-Neto-2026-59-1-1024x684.jpg\" alt=\"Sudio Mormaii BH Castelo por dentro\" class=\"wp-image-7363\" style=\"aspect-ratio:1.4971061093247588;width:486px;height:auto\" srcset=\"https:\/\/www.mormaii.com.br\/franquias\/wp-content\/uploads\/2026\/02\/\u00a9Joao-Neto-2026-59-1-1024x684.jpg 1024w, https:\/\/www.mormaii.com.br\/franquias\/wp-content\/uploads\/2026\/02\/\u00a9Joao-Neto-2026-59-1-300x200.jpg 300w, https:\/\/www.mormaii.com.br\/franquias\/wp-content\/uploads\/2026\/02\/\u00a9Joao-Neto-2026-59-1-768x513.jpg 768w, https:\/\/www.mormaii.com.br\/franquias\/wp-content\/uploads\/2026\/02\/\u00a9Joao-Neto-2026-59-1-1536x1026.jpg 1536w, https:\/\/www.mormaii.com.br\/franquias\/wp-content\/uploads\/2026\/02\/\u00a9Joao-Neto-2026-59-1.jpg 2046w\" sizes=\"(max-width: 1024px) 100vw, 1024px\" \/><\/figure>\n\n\n\n<h2 class=\"wp-block-heading\"><strong>A inaugura\u00e7\u00e3o e os pr\u00f3ximos passos<\/strong><\/h2>\n\n\n\n<p>Nos primeiros meses, a expectativa \u00e9 focar em uma experi\u00eancia de alto n\u00edvel para os alunos, com <strong>atendimento customizado<\/strong>, qualidade t\u00e9cnica e constru\u00e7\u00e3o de relacionamento, consolidando a marca na regi\u00e3o e formando uma base s\u00f3lida de alunos satisfeitos e engajados. Mais do que um Studio, a unidade BH Castelo nasce como um lugar de <strong>cuidado, movimento e inspira\u00e7\u00e3o<\/strong>.<\/p>\n\n\n\n<p><strong>Instagram:<\/strong> <a href=\"https:\/\/www.instagram.com\/studiomormaiibhcastelo\/\" target=\"_blank\" rel=\"noreferrer noopener\"><mark style=\"background-color:rgba(0, 0, 0, 0)\" class=\"has-inline-color has-vivid-green-cyan-color\">@studiomormaiibhcastelo<\/mark><br><\/a><strong>Facebook:<\/strong> <a href=\"https:\/\/www.facebook.com\/StudioMormaiiBHCastelo\" target=\"_blank\" rel=\"noreferrer noopener\"><mark style=\"background-color:rgba(0, 0, 0, 0)\" class=\"has-inline-color has-vivid-green-cyan-color\">@studiomormaiibhcastelo<\/mark><\/a><\/p>\n\n\n\n<h3 class=\"wp-block-heading\"><strong>Seja um Franqueado!<\/strong><\/h3>\n\n\n\n<p>Quer fazer parte de uma marca que promove sa\u00fade e bem-estar com metodologia integrada e experi\u00eancia premium? Descubra como se tornar um franqueado e seja um embaixador do estilo de vida Mormaii na sua cidade. <strong>Clique<mark style=\"background-color:rgba(0, 0, 0, 0)\" class=\"has-inline-color has-vivid-green-cyan-color\"> <\/mark><a href=\"https:\/\/www.mormaii.com.br\/franquias\/#contato\" type=\"link\" id=\"https:\/\/www.mormaii.com.br\/franquias\/#contato\" target=\"_blank\" rel=\"noreferrer noopener\"><mark style=\"background-color:rgba(0, 0, 0, 0)\" class=\"has-inline-color has-vivid-green-cyan-color\">aqui<\/mark><\/a><mark style=\"background-color:rgba(0, 0, 0, 0)\" class=\"has-inline-color has-vivid-green-cyan-color\"> <\/mark>e entre em contato com o nosso time de expans\u00e3o!<\/strong><\/p>\n","protected":false},"excerpt":{"rendered":"<p>A s\u00e9rie \u201cPor Dentro dos Studios\u201d chega a Belo Horizonte para contar a hist\u00f3ria do novo Studio Mormaii BH Castelo, que nasce com o prop\u00f3sito de promover sa\u00fade, bem-estar e qualidade de vida de forma integral, unindo movimento, cuidado e conex\u00e3o. Conhe\u00e7a as franqueadas \u2013 Fernanda e B\u00e1rbara \u00c0 frente da opera\u00e7\u00e3o est\u00e3o Fernanda e [&hellip;]<\/p>\n","protected":false},"author":6,"featured_media":7361,"comment_status":"open","ping_status":"open","sticky":false,"template":"","format":"standard","meta":{"footnotes":""},"categories":[28],"tags":[97],"class_list":["post-7343","post","type-post","status-publish","format-standard","has-post-thumbnail","hentry","category-inauguracoes","tag-studio-mormaii-bh-castelo"],"yoast_head":"<!-- This site is optimized with the Yoast SEO plugin v27.5 - https:\/\/yoast.com\/product\/yoast-seo-wordpress\/ -->\n<title>Por dentro dos Studios: Inaugura\u00e7\u00e3o do Studio Mormaii BH Castelo - Mormaii Franquias<\/title>\n<meta name=\"description\" content=\"A Mormaii chegou em BH Castelo! Confira tudo sobre a inaugura\u00e7\u00e3o do novo Studio Mormaii BH Castelo e fique por dentro das novidades!\" \/>\n<meta name=\"robots\" content=\"index, follow, max-snippet:-1, max-image-preview:large, max-video-preview:-1\" \/>\n<link rel=\"canonical\" href=\"https:\/\/www.mormaii.com.br\/franquias\/inauguracoes\/studio-mormaii-bh-castelo\/\" \/>\n<meta property=\"og:locale\" content=\"pt_BR\" \/>\n<meta property=\"og:type\" content=\"article\" \/>\n<meta property=\"og:title\" content=\"Por dentro dos Studios: Inaugura\u00e7\u00e3o do Studio Mormaii BH Castelo - Mormaii Franquias\" \/>\n<meta property=\"og:description\" content=\"A Mormaii chegou em BH Castelo! Confira tudo sobre a inaugura\u00e7\u00e3o do novo Studio Mormaii BH Castelo e fique por dentro das novidades!\" \/>\n<meta property=\"og:url\" content=\"https:\/\/www.mormaii.com.br\/franquias\/inauguracoes\/studio-mormaii-bh-castelo\/\" \/>\n<meta property=\"og:site_name\" content=\"Mormaii Franquias\" \/>\n<meta property=\"article:published_time\" content=\"2026-02-13T16:33:35+00:00\" \/>\n<meta property=\"article:modified_time\" content=\"2026-02-13T16:33:36+00:00\" \/>\n<meta property=\"og:image\" content=\"https:\/\/www.mormaii.com.br\/franquias\/wp-content\/uploads\/2026\/02\/\u00a9Joao-Neto-2026-251.jpg\" \/>\n\t<meta property=\"og:image:width\" content=\"2046\" \/>\n\t<meta property=\"og:image:height\" content=\"1366\" \/>\n\t<meta property=\"og:image:type\" content=\"image\/jpeg\" \/>\n<meta name=\"author\" content=\"camille\" \/>\n<meta name=\"twitter:card\" content=\"summary_large_image\" \/>\n<meta name=\"twitter:label1\" content=\"Escrito por\" \/>\n\t<meta name=\"twitter:data1\" content=\"camille\" \/>\n\t<meta name=\"twitter:label2\" content=\"Est. tempo de leitura\" \/>\n\t<meta name=\"twitter:data2\" content=\"3 minutos\" \/>\n<script type=\"application\/ld+json\" class=\"yoast-schema-graph\">{\"@context\":\"https:\\\/\\\/schema.org\",\"@graph\":[{\"@type\":\"Article\",\"@id\":\"https:\\\/\\\/www.mormaii.com.br\\\/franquias\\\/inauguracoes\\\/studio-mormaii-bh-castelo\\\/#article\",\"isPartOf\":{\"@id\":\"https:\\\/\\\/www.mormaii.com.br\\\/franquias\\\/inauguracoes\\\/studio-mormaii-bh-castelo\\\/\"},\"author\":{\"name\":\"camille\",\"@id\":\"http:\\\/\\\/www.mormaii.com.br\\\/franquias\\\/#\\\/schema\\\/person\\\/df87b6c5302d26a75f1439356efea0bf\"},\"headline\":\"Por dentro dos Studios: Inaugura\u00e7\u00e3o do Studio Mormaii BH Castelo\",\"datePublished\":\"2026-02-13T16:33:35+00:00\",\"dateModified\":\"2026-02-13T16:33:36+00:00\",\"mainEntityOfPage\":{\"@id\":\"https:\\\/\\\/www.mormaii.com.br\\\/franquias\\\/inauguracoes\\\/studio-mormaii-bh-castelo\\\/\"},\"wordCount\":386,\"commentCount\":0,\"image\":{\"@id\":\"https:\\\/\\\/www.mormaii.com.br\\\/franquias\\\/inauguracoes\\\/studio-mormaii-bh-castelo\\\/#primaryimage\"},\"thumbnailUrl\":\"https:\\\/\\\/www.mormaii.com.br\\\/franquias\\\/wp-content\\\/uploads\\\/2026\\\/02\\\/\u00a9Joao-Neto-2026-251.jpg\",\"keywords\":[\"Studio Mormaii BH Castelo\"],\"articleSection\":[\"Inaugura\u00e7\u00f5es\"],\"inLanguage\":\"pt-BR\",\"potentialAction\":[{\"@type\":\"CommentAction\",\"name\":\"Comment\",\"target\":[\"https:\\\/\\\/www.mormaii.com.br\\\/franquias\\\/inauguracoes\\\/studio-mormaii-bh-castelo\\\/#respond\"]}]},{\"@type\":\"WebPage\",\"@id\":\"https:\\\/\\\/www.mormaii.com.br\\\/franquias\\\/inauguracoes\\\/studio-mormaii-bh-castelo\\\/\",\"url\":\"https:\\\/\\\/www.mormaii.com.br\\\/franquias\\\/inauguracoes\\\/studio-mormaii-bh-castelo\\\/\",\"name\":\"Por dentro dos Studios: Inaugura\u00e7\u00e3o do Studio Mormaii BH Castelo - Mormaii Franquias\",\"isPartOf\":{\"@id\":\"http:\\\/\\\/www.mormaii.com.br\\\/franquias\\\/#website\"},\"primaryImageOfPage\":{\"@id\":\"https:\\\/\\\/www.mormaii.com.br\\\/franquias\\\/inauguracoes\\\/studio-mormaii-bh-castelo\\\/#primaryimage\"},\"image\":{\"@id\":\"https:\\\/\\\/www.mormaii.com.br\\\/franquias\\\/inauguracoes\\\/studio-mormaii-bh-castelo\\\/#primaryimage\"},\"thumbnailUrl\":\"https:\\\/\\\/www.mormaii.com.br\\\/franquias\\\/wp-content\\\/uploads\\\/2026\\\/02\\\/\u00a9Joao-Neto-2026-251.jpg\",\"datePublished\":\"2026-02-13T16:33:35+00:00\",\"dateModified\":\"2026-02-13T16:33:36+00:00\",\"author\":{\"@id\":\"http:\\\/\\\/www.mormaii.com.br\\\/franquias\\\/#\\\/schema\\\/person\\\/df87b6c5302d26a75f1439356efea0bf\"},\"description\":\"A Mormaii chegou em BH Castelo! Confira tudo sobre a inaugura\u00e7\u00e3o do novo Studio Mormaii BH Castelo e fique por dentro das novidades!\",\"breadcrumb\":{\"@id\":\"https:\\\/\\\/www.mormaii.com.br\\\/franquias\\\/inauguracoes\\\/studio-mormaii-bh-castelo\\\/#breadcrumb\"},\"inLanguage\":\"pt-BR\",\"potentialAction\":[{\"@type\":\"ReadAction\",\"target\":[\"https:\\\/\\\/www.mormaii.com.br\\\/franquias\\\/inauguracoes\\\/studio-mormaii-bh-castelo\\\/\"]}]},{\"@type\":\"ImageObject\",\"inLanguage\":\"pt-BR\",\"@id\":\"https:\\\/\\\/www.mormaii.com.br\\\/franquias\\\/inauguracoes\\\/studio-mormaii-bh-castelo\\\/#primaryimage\",\"url\":\"https:\\\/\\\/www.mormaii.com.br\\\/franquias\\\/wp-content\\\/uploads\\\/2026\\\/02\\\/\u00a9Joao-Neto-2026-251.jpg\",\"contentUrl\":\"https:\\\/\\\/www.mormaii.com.br\\\/franquias\\\/wp-content\\\/uploads\\\/2026\\\/02\\\/\u00a9Joao-Neto-2026-251.jpg\",\"width\":2046,\"height\":1366,\"caption\":\"Fachada Studio Mormaii BH Castelo\"},{\"@type\":\"BreadcrumbList\",\"@id\":\"https:\\\/\\\/www.mormaii.com.br\\\/franquias\\\/inauguracoes\\\/studio-mormaii-bh-castelo\\\/#breadcrumb\",\"itemListElement\":[{\"@type\":\"ListItem\",\"position\":1,\"name\":\"In\u00edcio\",\"item\":\"http:\\\/\\\/www.mormaii.com.br\\\/franquias\\\/\"},{\"@type\":\"ListItem\",\"position\":2,\"name\":\"Por dentro dos Studios: Inaugura\u00e7\u00e3o do Studio Mormaii BH Castelo\"}]},{\"@type\":\"WebSite\",\"@id\":\"http:\\\/\\\/www.mormaii.com.br\\\/franquias\\\/#website\",\"url\":\"http:\\\/\\\/www.mormaii.com.br\\\/franquias\\\/\",\"name\":\"Mormaii Franquias\",\"description\":\"Mormaii Franquias\",\"potentialAction\":[{\"@type\":\"SearchAction\",\"target\":{\"@type\":\"EntryPoint\",\"urlTemplate\":\"http:\\\/\\\/www.mormaii.com.br\\\/franquias\\\/?s={search_term_string}\"},\"query-input\":{\"@type\":\"PropertyValueSpecification\",\"valueRequired\":true,\"valueName\":\"search_term_string\"}}],\"inLanguage\":\"pt-BR\"},{\"@type\":\"Person\",\"@id\":\"http:\\\/\\\/www.mormaii.com.br\\\/franquias\\\/#\\\/schema\\\/person\\\/df87b6c5302d26a75f1439356efea0bf\",\"name\":\"camille\",\"image\":{\"@type\":\"ImageObject\",\"inLanguage\":\"pt-BR\",\"@id\":\"https:\\\/\\\/secure.gravatar.com\\\/avatar\\\/2f179882c7682d90305acc3b883e6c5607445b654bfec8493735bd1530029635?s=96&d=mm&r=g\",\"url\":\"https:\\\/\\\/secure.gravatar.com\\\/avatar\\\/2f179882c7682d90305acc3b883e6c5607445b654bfec8493735bd1530029635?s=96&d=mm&r=g\",\"contentUrl\":\"https:\\\/\\\/secure.gravatar.com\\\/avatar\\\/2f179882c7682d90305acc3b883e6c5607445b654bfec8493735bd1530029635?s=96&d=mm&r=g\",\"caption\":\"camille\"}}]}<\/script>\n<!-- \/ Yoast SEO plugin. -->","yoast_head_json":{"title":"Por dentro dos Studios: Inaugura\u00e7\u00e3o do Studio Mormaii BH Castelo - Mormaii Franquias","description":"A Mormaii chegou em BH Castelo! Confira tudo sobre a inaugura\u00e7\u00e3o do novo Studio Mormaii BH Castelo e fique por dentro das novidades!","robots":{"index":"index","follow":"follow","max-snippet":"max-snippet:-1","max-image-preview":"max-image-preview:large","max-video-preview":"max-video-preview:-1"},"canonical":"https:\/\/www.mormaii.com.br\/franquias\/inauguracoes\/studio-mormaii-bh-castelo\/","og_locale":"pt_BR","og_type":"article","og_title":"Por dentro dos Studios: Inaugura\u00e7\u00e3o do Studio Mormaii BH Castelo - Mormaii Franquias","og_description":"A Mormaii chegou em BH Castelo! Confira tudo sobre a inaugura\u00e7\u00e3o do novo Studio Mormaii BH Castelo e fique por dentro das novidades!","og_url":"https:\/\/www.mormaii.com.br\/franquias\/inauguracoes\/studio-mormaii-bh-castelo\/","og_site_name":"Mormaii Franquias","article_published_time":"2026-02-13T16:33:35+00:00","article_modified_time":"2026-02-13T16:33:36+00:00","og_image":[{"width":2046,"height":1366,"url":"https:\/\/www.mormaii.com.br\/franquias\/wp-content\/uploads\/2026\/02\/\u00a9Joao-Neto-2026-251.jpg","type":"image\/jpeg"}],"author":"camille","twitter_card":"summary_large_image","twitter_misc":{"Escrito por":"camille","Est. tempo de leitura":"3 minutos"},"schema":{"@context":"https:\/\/schema.org","@graph":[{"@type":"Article","@id":"https:\/\/www.mormaii.com.br\/franquias\/inauguracoes\/studio-mormaii-bh-castelo\/#article","isPartOf":{"@id":"https:\/\/www.mormaii.com.br\/franquias\/inauguracoes\/studio-mormaii-bh-castelo\/"},"author":{"name":"camille","@id":"http:\/\/www.mormaii.com.br\/franquias\/#\/schema\/person\/df87b6c5302d26a75f1439356efea0bf"},"headline":"Por dentro dos Studios: Inaugura\u00e7\u00e3o do Studio Mormaii BH Castelo","datePublished":"2026-02-13T16:33:35+00:00","dateModified":"2026-02-13T16:33:36+00:00","mainEntityOfPage":{"@id":"https:\/\/www.mormaii.com.br\/franquias\/inauguracoes\/studio-mormaii-bh-castelo\/"},"wordCount":386,"commentCount":0,"image":{"@id":"https:\/\/www.mormaii.com.br\/franquias\/inauguracoes\/studio-mormaii-bh-castelo\/#primaryimage"},"thumbnailUrl":"https:\/\/www.mormaii.com.br\/franquias\/wp-content\/uploads\/2026\/02\/\u00a9Joao-Neto-2026-251.jpg","keywords":["Studio Mormaii BH Castelo"],"articleSection":["Inaugura\u00e7\u00f5es"],"inLanguage":"pt-BR","potentialAction":[{"@type":"CommentAction","name":"Comment","target":["https:\/\/www.mormaii.com.br\/franquias\/inauguracoes\/studio-mormaii-bh-castelo\/#respond"]}]},{"@type":"WebPage","@id":"https:\/\/www.mormaii.com.br\/franquias\/inauguracoes\/studio-mormaii-bh-castelo\/","url":"https:\/\/www.mormaii.com.br\/franquias\/inauguracoes\/studio-mormaii-bh-castelo\/","name":"Por dentro dos Studios: Inaugura\u00e7\u00e3o do Studio Mormaii BH Castelo - Mormaii Franquias","isPartOf":{"@id":"http:\/\/www.mormaii.com.br\/franquias\/#website"},"primaryImageOfPage":{"@id":"https:\/\/www.mormaii.com.br\/franquias\/inauguracoes\/studio-mormaii-bh-castelo\/#primaryimage"},"image":{"@id":"https:\/\/www.mormaii.com.br\/franquias\/inauguracoes\/studio-mormaii-bh-castelo\/#primaryimage"},"thumbnailUrl":"https:\/\/www.mormaii.com.br\/franquias\/wp-content\/uploads\/2026\/02\/\u00a9Joao-Neto-2026-251.jpg","datePublished":"2026-02-13T16:33:35+00:00","dateModified":"2026-02-13T16:33:36+00:00","author":{"@id":"http:\/\/www.mormaii.com.br\/franquias\/#\/schema\/person\/df87b6c5302d26a75f1439356efea0bf"},"description":"A Mormaii chegou em BH Castelo! Confira tudo sobre a inaugura\u00e7\u00e3o do novo Studio Mormaii BH Castelo e fique por dentro das novidades!","breadcrumb":{"@id":"https:\/\/www.mormaii.com.br\/franquias\/inauguracoes\/studio-mormaii-bh-castelo\/#breadcrumb"},"inLanguage":"pt-BR","potentialAction":[{"@type":"ReadAction","target":["https:\/\/www.mormaii.com.br\/franquias\/inauguracoes\/studio-mormaii-bh-castelo\/"]}]},{"@type":"ImageObject","inLanguage":"pt-BR","@id":"https:\/\/www.mormaii.com.br\/franquias\/inauguracoes\/studio-mormaii-bh-castelo\/#primaryimage","url":"https:\/\/www.mormaii.com.br\/franquias\/wp-content\/uploads\/2026\/02\/\u00a9Joao-Neto-2026-251.jpg","contentUrl":"https:\/\/www.mormaii.com.br\/franquias\/wp-content\/uploads\/2026\/02\/\u00a9Joao-Neto-2026-251.jpg","width":2046,"height":1366,"caption":"Fachada Studio Mormaii BH Castelo"},{"@type":"BreadcrumbList","@id":"https:\/\/www.mormaii.com.br\/franquias\/inauguracoes\/studio-mormaii-bh-castelo\/#breadcrumb","itemListElement":[{"@type":"ListItem","position":1,"name":"In\u00edcio","item":"http:\/\/www.mormaii.com.br\/franquias\/"},{"@type":"ListItem","position":2,"name":"Por dentro dos Studios: Inaugura\u00e7\u00e3o do Studio Mormaii BH Castelo"}]},{"@type":"WebSite","@id":"http:\/\/www.mormaii.com.br\/franquias\/#website","url":"http:\/\/www.mormaii.com.br\/franquias\/","name":"Mormaii Franquias","description":"Mormaii Franquias","potentialAction":[{"@type":"SearchAction","target":{"@type":"EntryPoint","urlTemplate":"http:\/\/www.mormaii.com.br\/franquias\/?s={search_term_string}"},"query-input":{"@type":"PropertyValueSpecification","valueRequired":true,"valueName":"search_term_string"}}],"inLanguage":"pt-BR"},{"@type":"Person","@id":"http:\/\/www.mormaii.com.br\/franquias\/#\/schema\/person\/df87b6c5302d26a75f1439356efea0bf","name":"camille","image":{"@type":"ImageObject","inLanguage":"pt-BR","@id":"https:\/\/secure.gravatar.com\/avatar\/2f179882c7682d90305acc3b883e6c5607445b654bfec8493735bd1530029635?s=96&d=mm&r=g","url":"https:\/\/secure.gravatar.com\/avatar\/2f179882c7682d90305acc3b883e6c5607445b654bfec8493735bd1530029635?s=96&d=mm&r=g","contentUrl":"https:\/\/secure.gravatar.com\/avatar\/2f179882c7682d90305acc3b883e6c5607445b654bfec8493735bd1530029635?s=96&d=mm&r=g","caption":"camille"}}]}},"_links":{"self":[{"href":"https:\/\/www.mormaii.com.br\/franquias\/wp-json\/wp\/v2\/posts\/7343","targetHints":{"allow":["GET"]}}],"collection":[{"href":"https:\/\/www.mormaii.com.br\/franquias\/wp-json\/wp\/v2\/posts"}],"about":[{"href":"https:\/\/www.mormaii.com.br\/franquias\/wp-json\/wp\/v2\/types\/post"}],"author":[{"embeddable":true,"href":"https:\/\/www.mormaii.com.br\/franquias\/wp-json\/wp\/v2\/users\/6"}],"replies":[{"embeddable":true,"href":"https:\/\/www.mormaii.com.br\/franquias\/wp-json\/wp\/v2\/comments?post=7343"}],"version-history":[{"count":3,"href":"https:\/\/www.mormaii.com.br\/franquias\/wp-json\/wp\/v2\/posts\/7343\/revisions"}],"predecessor-version":[{"id":7364,"href":"https:\/\/www.mormaii.com.br\/franquias\/wp-json\/wp\/v2\/posts\/7343\/revisions\/7364"}],"wp:featuredmedia":[{"embeddable":true,"href":"https:\/\/www.mormaii.com.br\/franquias\/wp-json\/wp\/v2\/media\/7361"}],"wp:attachment":[{"href":"https:\/\/www.mormaii.com.br\/franquias\/wp-json\/wp\/v2\/media?parent=7343"}],"wp:term":[{"taxonomy":"category","embeddable":true,"href":"https:\/\/www.mormaii.com.br\/franquias\/wp-json\/wp\/v2\/categories?post=7343"},{"taxonomy":"post_tag","embeddable":true,"href":"https:\/\/www.mormaii.com.br\/franquias\/wp-json\/wp\/v2\/tags?post=7343"}],"curies":[{"name":"wp","href":"https:\/\/api.w.org\/{rel}","templated":true}]}}