{"id":1004,"date":"2016-04-04T13:33:38","date_gmt":"2016-04-04T13:33:38","guid":{"rendered":"http:\/\/www.mormaii.com.br\/site\/?p=1004"},"modified":"2022-06-10T10:52:53","modified_gmt":"2022-06-10T13:52:53","slug":"noticias28o-salao-internacional-do-automovel-de-sao-paulo","status":"publish","type":"post","link":"https:\/\/www.mormaii.com.br\/site\/noticias28o-salao-internacional-do-automovel-de-sao-paulo\/","title":{"rendered":"28\u00ba Sal\u00e3o Internacional do Autom\u00f3vel de S\u00e3o Paulo"},"content":{"rendered":"<p><\/p>\n<p><a href=\"http:\/\/images.mormaii.com.br\/wp-content\/uploads\/PIT-MOR-0171-14C-BANNER-RELEASE-SITE-SUZUKI-600X400PX.jpg\"><img loading=\"lazy\" decoding=\"async\" data-fr-image-pasted=\"true\" src=\"http:\/\/images.mormaii.com.br\/wp-content\/uploads\/PIT-MOR-0171-14C-BANNER-RELEASE-SITE-SUZUKI-600X400PX.jpg\" alt=\"\" title=\"PIT-MOR-0171-14C-BANNER-RELEASE-SITE--SUZUKI-600X400PX\" width=\"600\" height=\"400\" class=\"aligncenter size-full wp-image-52370 fr-fin\"><\/a><\/p>\n<p>De 30\/10 a 09\/11, acontece o 28\u00ba Sal\u00e3o Internacional do Autom\u00f3vel de S\u00e3o Paulo \u2013 a maior feira automobil\u00edstica da Am\u00e9rica Latina. O evento \u00e9 considerado uma verdadeira vitrine para montadoras nacionais e internacionais, al\u00e9m de empresas do ramo de autom\u00f3veis, apresentarem as \u00faltimas novidades do setor no Pavilh\u00e3o de Exposi\u00e7\u00f5es do Anhembi (Av. Olavo Fontoura, 1.209 \u2013 Santana \u2013 S\u00e3o Paulo\/SP).<\/p>\n<p>A Mormaii estar\u00e1 presente no dia 04\/11, expondo o seu carro diretamente no \u201cbox\u201d da Suzuki \u2013 parceira e fabricante do modelo assinado pela marca. Alguns atletas e o ator Caio Castro j\u00e1 confirmaram presen\u00e7a no stand \u2013 que contar\u00e1 com v\u00e1rias outras atra\u00e7\u00f5es.<\/p>\n<p>Para saber todas as informa\u00e7\u00f5es sobre o evento, acesse:&nbsp;<a href=\"http:\/\/www.salaodoautomovel.com.br\/O-Evento\/Informacoes-Gerais\/Apresentacao\/\">http:\/\/www.salaodoautomovel.com.br\/O-Evento\/Informacoes-Gerais\/Apresentacao\/<\/a><\/p>\n","protected":false},"excerpt":{"rendered":"<p>De 30\/10 a 09\/11, acontece o 28\u00ba Sal\u00e3o Internacional do Autom\u00f3vel de S\u00e3o Paulo \u2013 a maior feira automobil\u00edstica da Am\u00e9rica Latina. O evento \u00e9 considerado uma verdadeira vitrine para montadoras nacionais e internacionais, al\u00e9m de empresas do ramo de autom\u00f3veis, apresentarem as \u00faltimas novidades do setor no Pavilh\u00e3o de Exposi\u00e7\u00f5es do Anhembi (Av. Olavo [&hellip;]<\/p>\n","protected":false},"author":3,"featured_media":1005,"comment_status":"open","ping_status":"open","sticky":false,"template":"","format":"standard","meta":{"_uag_custom_page_level_css":"","_mi_skip_tracking":false,"footnotes":""},"categories":[914,7],"tags":[],"class_list":["post-1004","post","type-post","status-publish","format-standard","has-post-thumbnail","hentry","category-mormaii","category-novidades"],"acf":[],"uagb_featured_image_src":{"full":["https:\/\/www.mormaii.com.br\/site\/wp-content\/uploads\/2017\/06\/45cb01f9cca68f597a85.jpg",1600,959,false],"thumbnail":["https:\/\/www.mormaii.com.br\/site\/wp-content\/uploads\/2017\/06\/45cb01f9cca68f597a85-150x150.jpg",150,150,true],"medium":["https:\/\/www.mormaii.com.br\/site\/wp-content\/uploads\/2017\/06\/45cb01f9cca68f597a85-300x180.jpg",300,180,true],"medium_large":["https:\/\/www.mormaii.com.br\/site\/wp-content\/uploads\/2017\/06\/45cb01f9cca68f597a85-768x460.jpg",768,460,true],"large":["https:\/\/www.mormaii.com.br\/site\/wp-content\/uploads\/2017\/06\/45cb01f9cca68f597a85-1024x614.jpg",1024,614,true],"1536x1536":["https:\/\/www.mormaii.com.br\/site\/wp-content\/uploads\/2017\/06\/45cb01f9cca68f597a85.jpg",1536,921,false],"2048x2048":["https:\/\/www.mormaii.com.br\/site\/wp-content\/uploads\/2017\/06\/45cb01f9cca68f597a85.jpg",1600,959,false],"qi_addons_for_elementor_image_size_square":["https:\/\/www.mormaii.com.br\/site\/wp-content\/uploads\/2017\/06\/45cb01f9cca68f597a85.jpg",650,390,false],"qi_addons_for_elementor_image_size_landscape":["https:\/\/www.mormaii.com.br\/site\/wp-content\/uploads\/2017\/06\/45cb01f9cca68f597a85.jpg",1084,650,false],"qi_addons_for_elementor_image_size_portrait":["https:\/\/www.mormaii.com.br\/site\/wp-content\/uploads\/2017\/06\/45cb01f9cca68f597a85.jpg",650,390,false],"qi_addons_for_elementor_image_size_huge-square":["https:\/\/www.mormaii.com.br\/site\/wp-content\/uploads\/2017\/06\/45cb01f9cca68f597a85.jpg",1300,779,false]},"uagb_author_info":{"display_name":"mormaii_importer","author_link":"https:\/\/www.mormaii.com.br\/site\/author\/mormaii_importer\/"},"uagb_comment_info":0,"uagb_excerpt":"De 30\/10 a 09\/11, acontece o 28\u00ba Sal\u00e3o Internacional do Autom\u00f3vel de S\u00e3o Paulo \u2013 a maior feira automobil\u00edstica da Am\u00e9rica Latina. O evento \u00e9 considerado uma verdadeira vitrine para montadoras nacionais e internacionais, al\u00e9m de empresas do ramo de autom\u00f3veis, apresentarem as \u00faltimas novidades do setor no Pavilh\u00e3o de Exposi\u00e7\u00f5es do Anhembi (Av. Olavo&hellip;","_links":{"self":[{"href":"https:\/\/www.mormaii.com.br\/site\/wp-json\/wp\/v2\/posts\/1004"}],"collection":[{"href":"https:\/\/www.mormaii.com.br\/site\/wp-json\/wp\/v2\/posts"}],"about":[{"href":"https:\/\/www.mormaii.com.br\/site\/wp-json\/wp\/v2\/types\/post"}],"author":[{"embeddable":true,"href":"https:\/\/www.mormaii.com.br\/site\/wp-json\/wp\/v2\/users\/3"}],"replies":[{"embeddable":true,"href":"https:\/\/www.mormaii.com.br\/site\/wp-json\/wp\/v2\/comments?post=1004"}],"version-history":[{"count":1,"href":"https:\/\/www.mormaii.com.br\/site\/wp-json\/wp\/v2\/posts\/1004\/revisions"}],"predecessor-version":[{"id":58346,"href":"https:\/\/www.mormaii.com.br\/site\/wp-json\/wp\/v2\/posts\/1004\/revisions\/58346"}],"wp:featuredmedia":[{"embeddable":true,"href":"https:\/\/www.mormaii.com.br\/site\/wp-json\/wp\/v2\/media\/1005"}],"wp:attachment":[{"href":"https:\/\/www.mormaii.com.br\/site\/wp-json\/wp\/v2\/media?parent=1004"}],"wp:term":[{"taxonomy":"category","embeddable":true,"href":"https:\/\/www.mormaii.com.br\/site\/wp-json\/wp\/v2\/categories?post=1004"},{"taxonomy":"post_tag","embeddable":true,"href":"https:\/\/www.mormaii.com.br\/site\/wp-json\/wp\/v2\/tags?post=1004"}],"curies":[{"name":"wp","href":"https:\/\/api.w.org\/{rel}","templated":true}]}}