{"id":1008,"date":"2016-04-04T13:33:38","date_gmt":"2016-04-04T13:33:38","guid":{"rendered":"http:\/\/www.mormaii.com.br\/site\/?p=1008"},"modified":"2022-06-10T10:34:44","modified_gmt":"2022-06-10T13:34:44","slug":"noticiasfamilia-nalu-em-nova-temporada","status":"publish","type":"post","link":"https:\/\/www.mormaii.com.br\/site\/noticiasfamilia-nalu-em-nova-temporada\/","title":{"rendered":"Fam\u00edlia Nalu em nova temporada"},"content":{"rendered":"<p>Fabiana Nigol fez a gentileza de enviar uma cartinha contando todas as novidades da nova temporada da Fam\u00edlia Nalu, que vai ao ar nessa quinta-feira, dia 06 de novembro, \u00e0s 22h, no Multishow.<\/p>\n<div id=\"attachment_52333\" class=\"wp-caption aligncenter\"><img loading=\"lazy\" decoding=\"async\" data-fr-image-pasted=\"true\" class=\"size-full wp-image-52333 fr-fin\" title=\"Imperd\u00edvel\" src=\"http:\/\/images.mormaii.com.br\/wp-content\/uploads\/mormaii-nalu-veneza.jpg\" alt=\"Imperd\u00edvel\" width=\"600\" height=\"400\"><\/p>\n<p class=\"wp-caption-text\">Imperd\u00edvel<\/p>\n<\/div>\n<p>Ol\u00e1 queridos amigos!<\/p>\n<p>Est\u00e1 chegando a hora de mais uma temporada in\u00e9dita da Fam\u00edlia Nalu.<\/p>\n<p>Gostaria de compartilhar um pouco da nossa viagem para que fiquem inteirados do que gravamos nesses treze epis\u00f3dios.<\/p>\n<p>Essa \u00e9 a nona temporada do programa e viajamos para destinos in\u00e9ditos.<\/p>\n<p>Foram seis pa\u00edses filmados: Fran\u00e7a, It\u00e1lia, Alemanha, Ilhas Maldivas, \u00c1frica do Sul e Mo\u00e7ambique.<\/p>\n<p>Partimos do Brasil e fizemos uma parada em Paris (10 horas somente). O sonho da Bela era conhecer a Torre Eiffel ent\u00e3o preparamos um&nbsp;<em>pic nic<\/em>&nbsp;em Champ d\u2019Mars, provamos o tradicional crepe e passeamos de&nbsp;<em>carroussel<\/em>. Nosso voo partiria \u00e0 noite.<\/p>\n<p>Na Su\u00ed\u00e7a, alugamos um&nbsp;<em>motorhome<\/em>&nbsp;e cruzamos os Alpes at\u00e9 a It\u00e1lia, nosso destino era Roma e as ondas na regi\u00e3o da Toscana (paramos em Santa Serena, San Vicenzo, Santa Marinella).<\/p>\n<p>Descobrimos que \u00e9 poss\u00edvel surfar na It\u00e1lia e conhecemos um dos nossos destinos preferidos at\u00e9 agora, Roma. Visitamos o Museu do Vaticano, Capela Sistina, Bas\u00edlica de S.Pedro, o Coliseu (lindo!) e o Pantheon.<\/p>\n<p>N\u00e3o poder\u00edamos deixar de conhecer Veneza e l\u00e1 fomos n\u00f3s\u2026 Pato levou um stand up paddle e curtimos os canais de Veneza de uma outra maneira. Passeamos de g\u00f4ndola tamb\u00e9m, com direito a serenata na janela do hotel e tudo! De Veneza, dirigimos como nosso&nbsp;<em>motorhome<\/em>&nbsp;at\u00e9 a Alemanha.<\/p>\n<p>O objetivo era surfar a famosa onda de rio em Munich. O surf foi noturno, iluminado por geradores e durou at\u00e9 2h30 da manh\u00e3! Curtimos muitas coisas bacanas pela cidade de Munich, conhecemos a \u201cpraia\u201d dos alem\u00e3es e sua maravilhosa culin\u00e1ria!<\/p>\n<p>Da Europa fomos para Maldivas em busca de surf, antes de continuar nossa temporada na \u00c1frica do Sul. \u00c1guas cristalinas, calor e muita onda. Maldivas nos surpreendeu pela beleza e pelas ondas perfeitas. Realmente a cor da \u00e1gua \u00e9 inigual\u00e1vel.<\/p>\n<p>Na \u00c1frica do Sul passamos por Johannesburgo e conhecemos um bairro novo, moderno, cheio de arte: Maboneng. Fomos at\u00e9 o bairro Soweto saltar de&nbsp;<em>bungee jump<\/em>&nbsp;no meio de duas torres grafitadas por artistas locais e conhecer o bairro onde viveu Nelson Mandela.<\/p>\n<p>Em Cape Town, caminhamos at\u00e9 o topo da Table Montain por uma trilha, a primeira trilha da Belinha! E talvez a \u00faltima (risos), pois durou tr\u00eas horas e meia, mas o visual foi incr\u00edvel! Surfamos em fam\u00edlia em Muizemberg e mergulhamos com tubar\u00f5es brancos em Gaasbai, mas o destino mesmo eram as ondas em J\u2019Bay.<\/p>\n<p>Jeffrey\u2019s Bay \u00e9 a cidade mais surf da \u00c1frica do Sul e nos recebeu muito bem! As ondas entraram grandes e perfeitas! N\u00e3o preciso nem dizer que o Pato estava radiante! As ondas baixaram por dois dias e seguimos para os famosos saf\u00e1ris africanos.<\/p>\n<p>Uma das experi\u00eancias mais incr\u00edveis que j\u00e1 vivenciamos! Observar os animais livres e saud\u00e1veis na gigantesca savana foi inesquec\u00edvel! Tivemos muita sorte e encontramos os&nbsp;<em>big fives<\/em>&nbsp;( le\u00e3o, rinoceronte, b\u00fafalo, elefante e leopardo), vimos&nbsp;<em>cheetas<\/em>ca\u00e7ando e vivemos grandes momentos por l\u00e1.<\/p>\n<p>Em Durban, conhecemos a famosa&nbsp;<em>Wave House<\/em>&nbsp;onde \u00e9 s\u00f3 apertar um bot\u00e3o e surfar da maneira que preferir. At\u00e9 tubo era poss\u00edvel!<\/p>\n<p>De l\u00e1 fomos para Santa Lucia, cidade que separa a \u00c1frica do Sul da \u00c1frica (continental). Fomos ver os hipop\u00f3tamos de perto, o animal que mais mata na \u00c1frica, apesar de nunca termos imaginado isso.<\/p>\n<p>Mo\u00e7ambique tamb\u00e9m nos surpreendeu. Pato surfou boas ondas na ba\u00eda de Tofo. Bela fez um amigo pra l\u00e1 de especial e visitamos um arquip\u00e9lago pouco conhecido na regi\u00e3o de Benguera. L\u00e1 fizemos o mergulho mais incr\u00edvel de nossas vidas!<\/p>\n<p>Obrigada a todos!<br \/>Bjs,<br \/>Fabi, Pato e Belinha.<\/p>\n<div id=\"attachment_52332\" class=\"wp-caption aligncenter\"><img loading=\"lazy\" decoding=\"async\" data-fr-image-pasted=\"true\" class=\"size-full wp-image-52332 fr-fin\" title=\"Confira os hor\u00e1rios alternativos e n\u00e3o perca um epis\u00f3dio dessa festa, n\u00e9 Bela?\" src=\"http:\/\/images.mormaii.com.br\/wp-content\/uploads\/mormaii-nalu-bela.jpg\" alt=\"Confira os hor\u00e1rios alternativos e n\u00e3o perca um epis\u00f3dio dessa festa, n\u00e9 Bela?\" width=\"600\" height=\"400\"><\/p>\n<p class=\"wp-caption-text\">Confira os hor\u00e1rios alternativos e n\u00e3o perca um epis\u00f3dio dessa festa!<\/p>\n<\/div>\n<p>Ter\u00e7a: 2h \u2013 Quinta: 06h e 16h30 \u2013 Sexta: 8h \u2013 S\u00e1bado: 5h30 e 13h30<\/p>\n","protected":false},"excerpt":{"rendered":"<p>Fabiana Nigol fez a gentileza de enviar uma cartinha contando todas as novidades da nova temporada da Fam\u00edlia Nalu, que vai ao ar nessa quinta-feira, dia 06 de novembro, \u00e0s 22h, no Multishow. Imperd\u00edvel Ol\u00e1 queridos amigos! Est\u00e1 chegando a hora de mais uma temporada in\u00e9dita da Fam\u00edlia Nalu. Gostaria de compartilhar um pouco da [&hellip;]<\/p>\n","protected":false},"author":3,"featured_media":1009,"comment_status":"open","ping_status":"open","sticky":false,"template":"","format":"standard","meta":{"_uag_custom_page_level_css":"","_mi_skip_tracking":false,"footnotes":""},"categories":[914,7],"tags":[],"class_list":["post-1008","post","type-post","status-publish","format-standard","has-post-thumbnail","hentry","category-mormaii","category-novidades"],"acf":[],"uagb_featured_image_src":{"full":["https:\/\/www.mormaii.com.br\/site\/wp-content\/uploads\/2017\/06\/9178938e88bde1f3681e.jpg",1600,959,false],"thumbnail":["https:\/\/www.mormaii.com.br\/site\/wp-content\/uploads\/2017\/06\/9178938e88bde1f3681e-150x150.jpg",150,150,true],"medium":["https:\/\/www.mormaii.com.br\/site\/wp-content\/uploads\/2017\/06\/9178938e88bde1f3681e-300x180.jpg",300,180,true],"medium_large":["https:\/\/www.mormaii.com.br\/site\/wp-content\/uploads\/2017\/06\/9178938e88bde1f3681e-768x460.jpg",768,460,true],"large":["https:\/\/www.mormaii.com.br\/site\/wp-content\/uploads\/2017\/06\/9178938e88bde1f3681e-1024x614.jpg",1024,614,true],"1536x1536":["https:\/\/www.mormaii.com.br\/site\/wp-content\/uploads\/2017\/06\/9178938e88bde1f3681e.jpg",1536,921,false],"2048x2048":["https:\/\/www.mormaii.com.br\/site\/wp-content\/uploads\/2017\/06\/9178938e88bde1f3681e.jpg",1600,959,false],"qi_addons_for_elementor_image_size_square":["https:\/\/www.mormaii.com.br\/site\/wp-content\/uploads\/2017\/06\/9178938e88bde1f3681e.jpg",650,390,false],"qi_addons_for_elementor_image_size_landscape":["https:\/\/www.mormaii.com.br\/site\/wp-content\/uploads\/2017\/06\/9178938e88bde1f3681e.jpg",1084,650,false],"qi_addons_for_elementor_image_size_portrait":["https:\/\/www.mormaii.com.br\/site\/wp-content\/uploads\/2017\/06\/9178938e88bde1f3681e.jpg",650,390,false],"qi_addons_for_elementor_image_size_huge-square":["https:\/\/www.mormaii.com.br\/site\/wp-content\/uploads\/2017\/06\/9178938e88bde1f3681e.jpg",1300,779,false]},"uagb_author_info":{"display_name":"mormaii_importer","author_link":"https:\/\/www.mormaii.com.br\/site\/author\/mormaii_importer\/"},"uagb_comment_info":0,"uagb_excerpt":"Fabiana Nigol fez a gentileza de enviar uma cartinha contando todas as novidades da nova temporada da Fam\u00edlia Nalu, que vai ao ar nessa quinta-feira, dia 06 de novembro, \u00e0s 22h, no Multishow. Imperd\u00edvel Ol\u00e1 queridos amigos! Est\u00e1 chegando a hora de mais uma temporada in\u00e9dita da Fam\u00edlia Nalu. Gostaria de compartilhar um pouco da&hellip;","_links":{"self":[{"href":"https:\/\/www.mormaii.com.br\/site\/wp-json\/wp\/v2\/posts\/1008"}],"collection":[{"href":"https:\/\/www.mormaii.com.br\/site\/wp-json\/wp\/v2\/posts"}],"about":[{"href":"https:\/\/www.mormaii.com.br\/site\/wp-json\/wp\/v2\/types\/post"}],"author":[{"embeddable":true,"href":"https:\/\/www.mormaii.com.br\/site\/wp-json\/wp\/v2\/users\/3"}],"replies":[{"embeddable":true,"href":"https:\/\/www.mormaii.com.br\/site\/wp-json\/wp\/v2\/comments?post=1008"}],"version-history":[{"count":1,"href":"https:\/\/www.mormaii.com.br\/site\/wp-json\/wp\/v2\/posts\/1008\/revisions"}],"predecessor-version":[{"id":57559,"href":"https:\/\/www.mormaii.com.br\/site\/wp-json\/wp\/v2\/posts\/1008\/revisions\/57559"}],"wp:featuredmedia":[{"embeddable":true,"href":"https:\/\/www.mormaii.com.br\/site\/wp-json\/wp\/v2\/media\/1009"}],"wp:attachment":[{"href":"https:\/\/www.mormaii.com.br\/site\/wp-json\/wp\/v2\/media?parent=1008"}],"wp:term":[{"taxonomy":"category","embeddable":true,"href":"https:\/\/www.mormaii.com.br\/site\/wp-json\/wp\/v2\/categories?post=1008"},{"taxonomy":"post_tag","embeddable":true,"href":"https:\/\/www.mormaii.com.br\/site\/wp-json\/wp\/v2\/tags?post=1008"}],"curies":[{"name":"wp","href":"https:\/\/api.w.org\/{rel}","templated":true}]}}