{"id":10090,"date":"2018-07-16T08:15:18","date_gmt":"2018-07-16T11:15:18","guid":{"rendered":"https:\/\/www.mormaii.com.br\/site\/?p=10090"},"modified":"2022-06-10T10:40:43","modified_gmt":"2022-06-10T13:40:43","slug":"carlos-burle-surfa-altas-na-laje-da-manitiba","status":"publish","type":"post","link":"https:\/\/www.mormaii.com.br\/site\/carlos-burle-surfa-altas-na-laje-da-manitiba\/","title":{"rendered":"Carlos Burle surfa altas na Laje da Manitiba"},"content":{"rendered":"<div id=\"attachment_10091\" style=\"width: 1290px\" class=\"wp-caption alignnone\"><img loading=\"lazy\" decoding=\"async\" aria-describedby=\"caption-attachment-10091\" class=\"wp-image-10091 size-full\" title=\"Laje da Manitiba\" src=\"https:\/\/www.mormaii.com.br\/site\/wp-content\/uploads\/2018\/07\/CARLOS-BURLE-01.jpg\" alt=\"\" width=\"1280\" height=\"706\" srcset=\"https:\/\/www.mormaii.com.br\/site\/wp-content\/uploads\/2018\/07\/CARLOS-BURLE-01.jpg 1280w, https:\/\/www.mormaii.com.br\/site\/wp-content\/uploads\/2018\/07\/CARLOS-BURLE-01-300x165.jpg 300w, https:\/\/www.mormaii.com.br\/site\/wp-content\/uploads\/2018\/07\/CARLOS-BURLE-01-768x424.jpg 768w, https:\/\/www.mormaii.com.br\/site\/wp-content\/uploads\/2018\/07\/CARLOS-BURLE-01-1024x565.jpg 1024w, https:\/\/www.mormaii.com.br\/site\/wp-content\/uploads\/2018\/07\/CARLOS-BURLE-01-600x331.jpg 600w\" sizes=\"(max-width: 1280px) 100vw, 1280px\" \/><p id=\"caption-attachment-10091\" class=\"wp-caption-text\">Carlos Burle na Laje da Manitiba \/ Foto: Renan Vignoli<\/p><\/div>\n<h3>Laje da Manitiba<\/h3>\n<p>Na \u00faltima semana, um swell de grandes propor\u00e7\u00f5es bombou no litoral fluminense e despertou as ondas da Laje de Manitiba, em Saquarema (RJ).<\/p>\n<p>Nomes como <a href=\"https:\/\/www.mormaii.com.br\/site\/carlosburle\/\" target=\"_blank\" rel=\"noopener\">Carlos Burle<\/a>, Alem\u00e3o de Maresias e Marcos Monteiro, al\u00e9m de Lucas, Jo\u00e3o e Gustavo Chianca, desafiaram s\u00e9ries monstruosas que ultrapassaram os 4 metros em uma sess\u00e3o clicada pelo fot\u00f3grafo local Renan Vignoli.<\/p>\n<p>O time de big riders resolveu apostar nos canudos da Laje de Manitiba, conhecida como \u201cTeahupoo brasileira\u201d, e o pico mais uma vez n\u00e3o negou fogo.<\/p>\n<p>\u201cQuando chegamos em Jacon\u00e9 j\u00e1 percebi que estava muito grande, nunca tinha visto uma ondula\u00e7\u00e3o quebrar daquele jeito\u201d, diz Vignoli.<\/p>\n<p>\u201cConfesso que deu at\u00e9 medo de ir l\u00e1 fora, pois n\u00e3o tenho nem caixa estanque. Mesmo assim fiquei em cima do jet e consegui clicar a sess\u00e3o um pouco mais de longe. De t\u00e3o grande que estava tinha hora que a s\u00e9rie quase nos pegava\u201d.<\/p>\n<p>\u201cAinda n\u00e3o tinha presenciado um mar assim no litoral brasileiro. Foi uma sess\u00e3o alucinante, tamb\u00e9m nunca tinha visto a Laje deste jeito. O Burle mesmo disse que a \u00faltima vez que quebrou assim foi em 2009, h\u00e1 quase dez. Desta vez acertamos na mosca, a onda estava bem estilo Teahupoo e foi incr\u00edvel\u201d, finaliza Renan.<\/p>\n<p>Assista ao v\u00eddeo e curta altas ondas em territ\u00f3rio brasileiro.<\/p>\n<p><iframe loading=\"lazy\" title=\"Brazil Slab V2\" src=\"https:\/\/player.vimeo.com\/video\/279568779?app_id=122963\" width=\"768\" height=\"432\" frameborder=\"0\" allowfullscreen=\"allowfullscreen\"><\/iframe><\/p>\n<p><a href=\"https:\/\/www.mormaiishop.com.br\/wetsuits\/Masculino?PS=12&amp;map=c,specificationFilter_59&amp;O=OrderByReleaseDateDESC\" target=\"_blank\" rel=\"noopener\"><img loading=\"lazy\" decoding=\"async\" class=\"alignnone wp-image-9954 size-full\" src=\"https:\/\/www.mormaii.com.br\/site\/wp-content\/uploads\/2018\/04\/WETSUITSofriochegou_BANNERtopoOFICIAL.jpg\" alt=\"ofriochegou_neoprene-mormaii\" width=\"1921\" height=\"583\" srcset=\"https:\/\/www.mormaii.com.br\/site\/wp-content\/uploads\/2018\/04\/WETSUITSofriochegou_BANNERtopoOFICIAL.jpg 1921w, https:\/\/www.mormaii.com.br\/site\/wp-content\/uploads\/2018\/04\/WETSUITSofriochegou_BANNERtopoOFICIAL-300x91.jpg 300w, https:\/\/www.mormaii.com.br\/site\/wp-content\/uploads\/2018\/04\/WETSUITSofriochegou_BANNERtopoOFICIAL-768x233.jpg 768w, https:\/\/www.mormaii.com.br\/site\/wp-content\/uploads\/2018\/04\/WETSUITSofriochegou_BANNERtopoOFICIAL-1024x311.jpg 1024w, https:\/\/www.mormaii.com.br\/site\/wp-content\/uploads\/2018\/04\/WETSUITSofriochegou_BANNERtopoOFICIAL-1920x583.jpg 1920w, https:\/\/www.mormaii.com.br\/site\/wp-content\/uploads\/2018\/04\/WETSUITSofriochegou_BANNERtopoOFICIAL-600x182.jpg 600w\" sizes=\"(max-width: 1921px) 100vw, 1921px\" \/><\/a><\/p>\n","protected":false},"excerpt":{"rendered":"<p>Laje da Manitiba Na \u00faltima semana, um swell de grandes propor\u00e7\u00f5es bombou no litoral fluminense e despertou as ondas da Laje de Manitiba, em Saquarema (RJ). Nomes como Carlos Burle, Alem\u00e3o de Maresias e Marcos Monteiro, al\u00e9m de Lucas, Jo\u00e3o e Gustavo Chianca, desafiaram s\u00e9ries monstruosas que ultrapassaram os 4 metros em uma sess\u00e3o clicada [&hellip;]<\/p>\n","protected":false},"author":5,"featured_media":10091,"comment_status":"closed","ping_status":"closed","sticky":false,"template":"","format":"standard","meta":{"_uag_custom_page_level_css":"","_mi_skip_tracking":false,"footnotes":""},"categories":[40,914,7,345],"tags":[311,282,726,253],"class_list":["post-10090","post","type-post","status-publish","format-standard","has-post-thumbnail","hentry","category-esportes","category-mormaii","category-novidades","category-surf","tag-carlos-burle","tag-home","tag-laje-da-manitiba","tag-surf"],"acf":[],"uagb_featured_image_src":{"full":["https:\/\/www.mormaii.com.br\/site\/wp-content\/uploads\/2018\/07\/CARLOS-BURLE-01.jpg",1280,706,false],"thumbnail":["https:\/\/www.mormaii.com.br\/site\/wp-content\/uploads\/2018\/07\/CARLOS-BURLE-01-150x150.jpg",150,150,true],"medium":["https:\/\/www.mormaii.com.br\/site\/wp-content\/uploads\/2018\/07\/CARLOS-BURLE-01-300x165.jpg",300,165,true],"medium_large":["https:\/\/www.mormaii.com.br\/site\/wp-content\/uploads\/2018\/07\/CARLOS-BURLE-01-768x424.jpg",768,424,true],"large":["https:\/\/www.mormaii.com.br\/site\/wp-content\/uploads\/2018\/07\/CARLOS-BURLE-01-1024x565.jpg",1024,565,true],"1536x1536":["https:\/\/www.mormaii.com.br\/site\/wp-content\/uploads\/2018\/07\/CARLOS-BURLE-01.jpg",1280,706,false],"2048x2048":["https:\/\/www.mormaii.com.br\/site\/wp-content\/uploads\/2018\/07\/CARLOS-BURLE-01.jpg",1280,706,false],"qi_addons_for_elementor_image_size_square":["https:\/\/www.mormaii.com.br\/site\/wp-content\/uploads\/2018\/07\/CARLOS-BURLE-01.jpg",650,359,false],"qi_addons_for_elementor_image_size_landscape":["https:\/\/www.mormaii.com.br\/site\/wp-content\/uploads\/2018\/07\/CARLOS-BURLE-01.jpg",1178,650,false],"qi_addons_for_elementor_image_size_portrait":["https:\/\/www.mormaii.com.br\/site\/wp-content\/uploads\/2018\/07\/CARLOS-BURLE-01.jpg",650,359,false],"qi_addons_for_elementor_image_size_huge-square":["https:\/\/www.mormaii.com.br\/site\/wp-content\/uploads\/2018\/07\/CARLOS-BURLE-01.jpg",1280,706,false]},"uagb_author_info":{"display_name":"Tissot","author_link":"https:\/\/www.mormaii.com.br\/site\/author\/fabiano\/"},"uagb_comment_info":0,"uagb_excerpt":"Laje da Manitiba Na \u00faltima semana, um swell de grandes propor\u00e7\u00f5es bombou no litoral fluminense e despertou as ondas da Laje de Manitiba, em Saquarema (RJ). Nomes como Carlos Burle, Alem\u00e3o de Maresias e Marcos Monteiro, al\u00e9m de Lucas, Jo\u00e3o e Gustavo Chianca, desafiaram s\u00e9ries monstruosas que ultrapassaram os 4 metros em uma sess\u00e3o clicada&hellip;","_links":{"self":[{"href":"https:\/\/www.mormaii.com.br\/site\/wp-json\/wp\/v2\/posts\/10090"}],"collection":[{"href":"https:\/\/www.mormaii.com.br\/site\/wp-json\/wp\/v2\/posts"}],"about":[{"href":"https:\/\/www.mormaii.com.br\/site\/wp-json\/wp\/v2\/types\/post"}],"author":[{"embeddable":true,"href":"https:\/\/www.mormaii.com.br\/site\/wp-json\/wp\/v2\/users\/5"}],"replies":[{"embeddable":true,"href":"https:\/\/www.mormaii.com.br\/site\/wp-json\/wp\/v2\/comments?post=10090"}],"version-history":[{"count":4,"href":"https:\/\/www.mormaii.com.br\/site\/wp-json\/wp\/v2\/posts\/10090\/revisions"}],"predecessor-version":[{"id":10095,"href":"https:\/\/www.mormaii.com.br\/site\/wp-json\/wp\/v2\/posts\/10090\/revisions\/10095"}],"wp:featuredmedia":[{"embeddable":true,"href":"https:\/\/www.mormaii.com.br\/site\/wp-json\/wp\/v2\/media\/10091"}],"wp:attachment":[{"href":"https:\/\/www.mormaii.com.br\/site\/wp-json\/wp\/v2\/media?parent=10090"}],"wp:term":[{"taxonomy":"category","embeddable":true,"href":"https:\/\/www.mormaii.com.br\/site\/wp-json\/wp\/v2\/categories?post=10090"},{"taxonomy":"post_tag","embeddable":true,"href":"https:\/\/www.mormaii.com.br\/site\/wp-json\/wp\/v2\/tags?post=10090"}],"curies":[{"name":"wp","href":"https:\/\/api.w.org\/{rel}","templated":true}]}}