{"id":10374,"date":"2018-08-12T16:29:10","date_gmt":"2018-08-12T19:29:10","guid":{"rendered":"https:\/\/www.mormaii.com.br\/site\/?p=10374"},"modified":"2023-03-30T10:15:27","modified_gmt":"2023-03-30T13:15:27","slug":"forum-e-commerce-brasil","status":"publish","type":"post","link":"https:\/\/www.mormaii.com.br\/site\/forum-e-commerce-brasil\/","title":{"rendered":"Dr. Morongo no F\u00f3rum E-Commerce Brasil"},"content":{"rendered":"<h3><img loading=\"lazy\" decoding=\"async\" class=\"alignnone size-full wp-image-10375\" src=\"https:\/\/www.mormaii.com.br\/site\/wp-content\/uploads\/2018\/08\/focc81rum-ecommerce-brasil.png\" alt=\"\" width=\"720\" height=\"470\" srcset=\"https:\/\/www.mormaii.com.br\/site\/wp-content\/uploads\/2018\/08\/focc81rum-ecommerce-brasil.png 720w, https:\/\/www.mormaii.com.br\/site\/wp-content\/uploads\/2018\/08\/focc81rum-ecommerce-brasil-300x196.png 300w, https:\/\/www.mormaii.com.br\/site\/wp-content\/uploads\/2018\/08\/focc81rum-ecommerce-brasil-600x392.png 600w\" sizes=\"(max-width: 720px) 100vw, 720px\" \/><\/h3>\n<h3>F\u00f3rum E-Commerce Brasil 2018<\/h3>\n<p>O F\u00f3rum E-Commerce Brasil 2018 \u00e9 o principal evento de e-commerce da Am\u00e9rica Latina e o terceiro maior evento de e-commerce do mundo, de acordo com a Forrester Research.<\/p>\n<p>Re\u00fane mais de\u00a0 15 mil congressistas durante tr\u00eas dias plenos de atividades t\u00e9cnicas e de neg\u00f3cios, divididos em diversas \u00e1reas de conte\u00fado, visando a excel\u00eancia.<\/p>\n<div id=\"attachment_10376\" style=\"width: 1210px\" class=\"wp-caption alignnone\"><img loading=\"lazy\" decoding=\"async\" aria-describedby=\"caption-attachment-10376\" class=\"wp-image-10376 size-full\" src=\"https:\/\/www.mormaii.com.br\/site\/wp-content\/uploads\/2018\/08\/210317SILVEIRAmorongoJAMESTHISTED021.jpg\" alt=\"\" width=\"1200\" height=\"800\" srcset=\"https:\/\/www.mormaii.com.br\/site\/wp-content\/uploads\/2018\/08\/210317SILVEIRAmorongoJAMESTHISTED021.jpg 1200w, https:\/\/www.mormaii.com.br\/site\/wp-content\/uploads\/2018\/08\/210317SILVEIRAmorongoJAMESTHISTED021-300x200.jpg 300w, https:\/\/www.mormaii.com.br\/site\/wp-content\/uploads\/2018\/08\/210317SILVEIRAmorongoJAMESTHISTED021-768x512.jpg 768w, https:\/\/www.mormaii.com.br\/site\/wp-content\/uploads\/2018\/08\/210317SILVEIRAmorongoJAMESTHISTED021-1024x683.jpg 1024w, https:\/\/www.mormaii.com.br\/site\/wp-content\/uploads\/2018\/08\/210317SILVEIRAmorongoJAMESTHISTED021-1170x780.jpg 1170w, https:\/\/www.mormaii.com.br\/site\/wp-content\/uploads\/2018\/08\/210317SILVEIRAmorongoJAMESTHISTED021-600x400.jpg 600w\" sizes=\"(max-width: 1200px) 100vw, 1200px\" \/><p id=\"caption-attachment-10376\" class=\"wp-caption-text\">Estilo de vida \/\/ Foto: James Thisted<\/p><\/div>\n<h3>Dr. Morongo<\/h3>\n<p>O Dr. Morongo palestra amanh\u00e3 no evento, dia 16 de agosto, \u00e0s 15h45 no Audit\u00f3rio Vendas, com o tema: &#8220;O que nos reserva o pr\u00f3ximo salto hol\u00e1rquico: liberdade ou submiss\u00e3o?&#8221;<\/p>\n<p>Na apresenta\u00e7\u00e3o de sua paletra, Morongo foi descrito da seguinte maneira pela organiza\u00e7\u00e3o do F\u00f3rum E-Commerce Brasil 2018:<\/p>\n<p>&#8220;Marco Aur\u00e9lio Raymundo, 69 anos, natural de Gua\u00edba (RS). Morongo \u00e9, al\u00e9m de um apelido, uma marca. Um estilo de vida. E poucas coisas valem tanto, atualmente, quanto uma identidade bem definida. Principalmente nos neg\u00f3cios. Mas n\u00e3o s\u00e3o especificamente os n\u00fameros que chamam a aten\u00e7\u00e3o de empres\u00e1rios das mais diferentes \u00e1reas. O que Morongo aponta como liberdade com responsabilidade na gest\u00e3o do empreendimento \u00e9 o grande diferencial!&#8221;<\/p>\n<h3>O Evento<\/h3>\n<p>O evento ser\u00e1 no\u00a0Transamerica Expo Center, na\u00a0Av. Dr. M\u00e1rio Villas Boas Rodrigues, 387 Santo Amaro, S\u00e3o Paulo \u2013 SP.<\/p>\n<p>A inscri\u00e7\u00e3o para o F\u00f3rum E-Commerce Brasil \u00e9 \u00fanica, e d\u00e1 acesso a todos os audit\u00f3rios do evento, sal\u00e3o de neg\u00f3cios, atividades de networking, alimenta\u00e7\u00e3o e material completo de acompanhamento.<\/p>\n<p>Para credenciamento de imprensa, entre em contato com a pelo email redacao@ecommercebrasil.com.br | Tel: (11) 3063-5941<\/p>\n<p><a href=\"https:\/\/www.mormaii.com.br\/site\/15o-brasileiro-de-wakesurf-mormaii\/\" target=\"_blank\" rel=\"noopener\"><img loading=\"lazy\" decoding=\"async\" class=\"alignnone wp-image-10261 size-full\" src=\"https:\/\/www.mormaii.com.br\/site\/wp-content\/uploads\/2018\/08\/BANNER_HOMEinscrevaseWAKE.jpg\" alt=\"\" width=\"1920\" height=\"583\" srcset=\"https:\/\/www.mormaii.com.br\/site\/wp-content\/uploads\/2018\/08\/BANNER_HOMEinscrevaseWAKE.jpg 1920w, https:\/\/www.mormaii.com.br\/site\/wp-content\/uploads\/2018\/08\/BANNER_HOMEinscrevaseWAKE-300x91.jpg 300w, https:\/\/www.mormaii.com.br\/site\/wp-content\/uploads\/2018\/08\/BANNER_HOMEinscrevaseWAKE-768x233.jpg 768w, https:\/\/www.mormaii.com.br\/site\/wp-content\/uploads\/2018\/08\/BANNER_HOMEinscrevaseWAKE-1024x311.jpg 1024w, https:\/\/www.mormaii.com.br\/site\/wp-content\/uploads\/2018\/08\/BANNER_HOMEinscrevaseWAKE-600x182.jpg 600w\" sizes=\"(max-width: 1920px) 100vw, 1920px\" \/><\/a><\/p>\n","protected":false},"excerpt":{"rendered":"<p>F\u00f3rum E-Commerce Brasil 2018 O F\u00f3rum E-Commerce Brasil 2018 \u00e9 o principal evento de e-commerce da Am\u00e9rica Latina e o terceiro maior evento de e-commerce do mundo, de acordo com a Forrester Research. Re\u00fane mais de\u00a0 15 mil congressistas durante tr\u00eas dias plenos de atividades t\u00e9cnicas e de neg\u00f3cios, divididos em diversas \u00e1reas de conte\u00fado, [&hellip;]<\/p>\n","protected":false},"author":5,"featured_media":10376,"comment_status":"closed","ping_status":"closed","sticky":false,"template":"","format":"standard","meta":{"_uag_custom_page_level_css":"","_mi_skip_tracking":false,"footnotes":""},"categories":[914,926,7],"tags":[405,768,282,29],"class_list":["post-10374","post","type-post","status-publish","format-standard","has-post-thumbnail","hentry","category-mormaii","category-morongo","category-novidades","tag-dr-morongo","tag-forum-e-commerce-brasil-2018","tag-home","tag-mormaii"],"acf":[],"uagb_featured_image_src":{"full":["https:\/\/www.mormaii.com.br\/site\/wp-content\/uploads\/2018\/08\/210317SILVEIRAmorongoJAMESTHISTED021.jpg",1200,800,false],"thumbnail":["https:\/\/www.mormaii.com.br\/site\/wp-content\/uploads\/2018\/08\/210317SILVEIRAmorongoJAMESTHISTED021-150x150.jpg",150,150,true],"medium":["https:\/\/www.mormaii.com.br\/site\/wp-content\/uploads\/2018\/08\/210317SILVEIRAmorongoJAMESTHISTED021-300x200.jpg",300,200,true],"medium_large":["https:\/\/www.mormaii.com.br\/site\/wp-content\/uploads\/2018\/08\/210317SILVEIRAmorongoJAMESTHISTED021-768x512.jpg",768,512,true],"large":["https:\/\/www.mormaii.com.br\/site\/wp-content\/uploads\/2018\/08\/210317SILVEIRAmorongoJAMESTHISTED021-1024x683.jpg",1024,683,true],"1536x1536":["https:\/\/www.mormaii.com.br\/site\/wp-content\/uploads\/2018\/08\/210317SILVEIRAmorongoJAMESTHISTED021.jpg",1200,800,false],"2048x2048":["https:\/\/www.mormaii.com.br\/site\/wp-content\/uploads\/2018\/08\/210317SILVEIRAmorongoJAMESTHISTED021.jpg",1200,800,false],"qi_addons_for_elementor_image_size_square":["https:\/\/www.mormaii.com.br\/site\/wp-content\/uploads\/2018\/08\/210317SILVEIRAmorongoJAMESTHISTED021.jpg",650,433,false],"qi_addons_for_elementor_image_size_landscape":["https:\/\/www.mormaii.com.br\/site\/wp-content\/uploads\/2018\/08\/210317SILVEIRAmorongoJAMESTHISTED021.jpg",975,650,false],"qi_addons_for_elementor_image_size_portrait":["https:\/\/www.mormaii.com.br\/site\/wp-content\/uploads\/2018\/08\/210317SILVEIRAmorongoJAMESTHISTED021.jpg",650,433,false],"qi_addons_for_elementor_image_size_huge-square":["https:\/\/www.mormaii.com.br\/site\/wp-content\/uploads\/2018\/08\/210317SILVEIRAmorongoJAMESTHISTED021.jpg",1200,800,false]},"uagb_author_info":{"display_name":"Tissot","author_link":"https:\/\/www.mormaii.com.br\/site\/author\/fabiano\/"},"uagb_comment_info":0,"uagb_excerpt":"F\u00f3rum E-Commerce Brasil 2018 O F\u00f3rum E-Commerce Brasil 2018 \u00e9 o principal evento de e-commerce da Am\u00e9rica Latina e o terceiro maior evento de e-commerce do mundo, de acordo com a Forrester Research. Re\u00fane mais de\u00a0 15 mil congressistas durante tr\u00eas dias plenos de atividades t\u00e9cnicas e de neg\u00f3cios, divididos em diversas \u00e1reas de conte\u00fado,&hellip;","_links":{"self":[{"href":"https:\/\/www.mormaii.com.br\/site\/wp-json\/wp\/v2\/posts\/10374"}],"collection":[{"href":"https:\/\/www.mormaii.com.br\/site\/wp-json\/wp\/v2\/posts"}],"about":[{"href":"https:\/\/www.mormaii.com.br\/site\/wp-json\/wp\/v2\/types\/post"}],"author":[{"embeddable":true,"href":"https:\/\/www.mormaii.com.br\/site\/wp-json\/wp\/v2\/users\/5"}],"replies":[{"embeddable":true,"href":"https:\/\/www.mormaii.com.br\/site\/wp-json\/wp\/v2\/comments?post=10374"}],"version-history":[{"count":1,"href":"https:\/\/www.mormaii.com.br\/site\/wp-json\/wp\/v2\/posts\/10374\/revisions"}],"predecessor-version":[{"id":10377,"href":"https:\/\/www.mormaii.com.br\/site\/wp-json\/wp\/v2\/posts\/10374\/revisions\/10377"}],"wp:featuredmedia":[{"embeddable":true,"href":"https:\/\/www.mormaii.com.br\/site\/wp-json\/wp\/v2\/media\/10376"}],"wp:attachment":[{"href":"https:\/\/www.mormaii.com.br\/site\/wp-json\/wp\/v2\/media?parent=10374"}],"wp:term":[{"taxonomy":"category","embeddable":true,"href":"https:\/\/www.mormaii.com.br\/site\/wp-json\/wp\/v2\/categories?post=10374"},{"taxonomy":"post_tag","embeddable":true,"href":"https:\/\/www.mormaii.com.br\/site\/wp-json\/wp\/v2\/tags?post=10374"}],"curies":[{"name":"wp","href":"https:\/\/api.w.org\/{rel}","templated":true}]}}