{"id":10380,"date":"2018-08-20T00:45:04","date_gmt":"2018-08-20T03:45:04","guid":{"rendered":"https:\/\/www.mormaii.com.br\/site\/?p=10380"},"modified":"2022-06-10T10:18:52","modified_gmt":"2022-06-10T13:18:52","slug":"projeto-viagem-aos-acores","status":"publish","type":"post","link":"https:\/\/www.mormaii.com.br\/site\/projeto-viagem-aos-acores\/","title":{"rendered":"Projeto Viagem aos A\u00e7ores"},"content":{"rendered":"<p><img loading=\"lazy\" decoding=\"async\" class=\"alignnone size-full wp-image-10382\" src=\"https:\/\/www.mormaii.com.br\/site\/wp-content\/uploads\/2018\/08\/projeto-viagem-aos-acores.jpg\" alt=\"\" width=\"700\" height=\"395\" srcset=\"https:\/\/www.mormaii.com.br\/site\/wp-content\/uploads\/2018\/08\/projeto-viagem-aos-acores.jpg 700w, https:\/\/www.mormaii.com.br\/site\/wp-content\/uploads\/2018\/08\/projeto-viagem-aos-acores-300x169.jpg 300w, https:\/\/www.mormaii.com.br\/site\/wp-content\/uploads\/2018\/08\/projeto-viagem-aos-acores-600x339.jpg 600w\" sizes=\"(max-width: 700px) 100vw, 700px\" \/><\/p>\n<h3>Projeto Viagem aos A\u00e7ores<\/h3>\n<p>O Projeto Viagem aos A\u00e7ores vai levar, em outubro, 58 alunos do 5\u00ba ano da institui\u00e7\u00e3o para Portugal em um interc\u00e2mbio educacional 100% financiado por parceiros.<\/p>\n<p>O objetivo \u00e9 consolidar todo o conhecimento trabalhado em virtude dos 270 anos de coloniza\u00e7\u00e3o a\u00e7oriana em Santa Catarina.<\/p>\n<p>\u201cOs alunos ter\u00e3o oportunidade de ver e viver tudo aquilo que aprenderam nos livros e v\u00eddeos.<\/p>\n<h3>Falta pouco<\/h3>\n<p>Dos R$ 600 mil necess\u00e1rios para o projeto, mais da metade j\u00e1 foi garantido com o apoio do Prefeito dos A\u00e7ores, Alamo Meneses,\u00a0e do Presidente da C\u00e2mara dos A\u00e7ores, Tiberio Dinis, vereadores e empres\u00e1rios da nossa regi\u00e3o.<\/p>\n<h3>Financiamento coletivo<\/h3>\n<p>Agora, o grupo lan\u00e7a um <a href=\"https:\/\/www.vakinha.com.br\/vaquinha\/volta-as-origens-expedicao-escolar-aos-acores\" target=\"_blank\" rel=\"noopener\">financiamento coletivo<\/a> para que qualquer pessoa consiga ajudar a realizar este sonho.<\/p>\n<p><img loading=\"lazy\" decoding=\"async\" class=\"alignnone size-full wp-image-10383\" src=\"https:\/\/www.mormaii.com.br\/site\/wp-content\/uploads\/2018\/08\/projeto-viagem-aos-acores-2.jpg\" alt=\"\" width=\"700\" height=\"400\" srcset=\"https:\/\/www.mormaii.com.br\/site\/wp-content\/uploads\/2018\/08\/projeto-viagem-aos-acores-2.jpg 700w, https:\/\/www.mormaii.com.br\/site\/wp-content\/uploads\/2018\/08\/projeto-viagem-aos-acores-2-300x171.jpg 300w, https:\/\/www.mormaii.com.br\/site\/wp-content\/uploads\/2018\/08\/projeto-viagem-aos-acores-2-600x343.jpg 600w\" sizes=\"(max-width: 700px) 100vw, 700px\" \/><\/p>\n<h3>\u00a0A viagem<\/h3>\n<p>Os alunos embarcam no dia 13 de outubro, levando tarefas pedag\u00f3gicas e a miss\u00e3o de captar material para uma web s\u00e9rie de 6 a 8 cap\u00edtulos, divulgada nas redes sociais, no retorno, no dia 20 de outubro.<\/p>\n<p>\u201cUm interc\u00e2mbio educacional em uma escola p\u00fablica, onde n\u00e3o somente os privilegiados t\u00eam acesso, mas todos os estudantes, al\u00e9m de dar oportunidades iguais, vai gerar reflex\u00f5es. L\u00e1, eles ter\u00e3o contato com outra cultura, com o funcionamento de um pa\u00eds de primeiro mundo, e certamente trar\u00e3o bons exemplos pra c\u00e1\u201d, defende o professor Thiago Marques.<\/p>\n<h3>Roteiro<\/h3>\n<p>Principal tema do Projeto Pedag\u00f3gico da Secretaria de Educa\u00e7\u00e3o de Garopaba, a coloniza\u00e7\u00e3o A\u00e7oriana est\u00e1 \u00e9 parte de toda a grade curricular nas escolas, principalmente nas disciplinas de hist\u00f3ria e geografia do 5\u00ba ano.<\/p>\n<p>Neste sentido, os alunos conhecer\u00e3o a Ilha Terceira, com vistas aos pontos Monte Brasil, Serra do Cuma, Praia da Vit\u00f3ria, S\u00e3o Mateus de Calheta, Farol Ponta das Contendas, Porto Martins e locais hist\u00f3ricos como a Reserva Natural da Serrada, o Miradouro de Santa Barbara, Quatro Ribeiras.<\/p>\n<p>No cronograma, ainda est\u00e1 previsto um dia na Cidade do Porto, onde est\u00e1 localizada a Escola da Ponte.<\/p>\n<p>\u201c\u00c9 uma das maiores refer\u00eancias de sucesso educacional no mundo. Uma institui\u00e7\u00e3o de perspectiva democr\u00e1tica, integral, inclusiva e aut\u00f4noma, com valores \u00e9ticos e morais que precisam ser acompanhados e compartilhados\u201d, informa a diretora Sonia.<\/p>\n<h3>Vamos nessa?<\/h3>\n<p>Contamos com sua participa\u00e7\u00e3o. Para ajudar no\u00a0Projeto Viagem aos A\u00e7ores <a href=\"https:\/\/www.vakinha.com.br\/vaquinha\/volta-as-origens-expedicao-escolar-aos-acores\" target=\"_blank\" rel=\"noopener\">acesse o link de deixe sua contribui\u00e7\u00e3o.<\/a><\/p>\n<p>&nbsp;<\/p>\n","protected":false},"excerpt":{"rendered":"<p>Projeto Viagem aos A\u00e7ores O Projeto Viagem aos A\u00e7ores vai levar, em outubro, 58 alunos do 5\u00ba ano da institui\u00e7\u00e3o para Portugal em um interc\u00e2mbio educacional 100% financiado por parceiros. O objetivo \u00e9 consolidar todo o conhecimento trabalhado em virtude dos 270 anos de coloniza\u00e7\u00e3o a\u00e7oriana em Santa Catarina. \u201cOs alunos ter\u00e3o oportunidade de ver [&hellip;]<\/p>\n","protected":false},"author":5,"featured_media":10382,"comment_status":"closed","ping_status":"closed","sticky":false,"template":"","format":"standard","meta":{"_uag_custom_page_level_css":"","_mi_skip_tracking":false,"footnotes":""},"categories":[914,7],"tags":[340,282,29,769],"class_list":["post-10380","post","type-post","status-publish","format-standard","has-post-thumbnail","hentry","category-mormaii","category-novidades","tag-garopaba","tag-home","tag-mormaii","tag-projeto-viagem-aos-acores"],"acf":[],"uagb_featured_image_src":{"full":["https:\/\/www.mormaii.com.br\/site\/wp-content\/uploads\/2018\/08\/projeto-viagem-aos-acores.jpg",700,395,false],"thumbnail":["https:\/\/www.mormaii.com.br\/site\/wp-content\/uploads\/2018\/08\/projeto-viagem-aos-acores-150x150.jpg",150,150,true],"medium":["https:\/\/www.mormaii.com.br\/site\/wp-content\/uploads\/2018\/08\/projeto-viagem-aos-acores-300x169.jpg",300,169,true],"medium_large":["https:\/\/www.mormaii.com.br\/site\/wp-content\/uploads\/2018\/08\/projeto-viagem-aos-acores.jpg",700,395,false],"large":["https:\/\/www.mormaii.com.br\/site\/wp-content\/uploads\/2018\/08\/projeto-viagem-aos-acores.jpg",700,395,false],"1536x1536":["https:\/\/www.mormaii.com.br\/site\/wp-content\/uploads\/2018\/08\/projeto-viagem-aos-acores.jpg",700,395,false],"2048x2048":["https:\/\/www.mormaii.com.br\/site\/wp-content\/uploads\/2018\/08\/projeto-viagem-aos-acores.jpg",700,395,false],"qi_addons_for_elementor_image_size_square":["https:\/\/www.mormaii.com.br\/site\/wp-content\/uploads\/2018\/08\/projeto-viagem-aos-acores.jpg",650,367,false],"qi_addons_for_elementor_image_size_landscape":["https:\/\/www.mormaii.com.br\/site\/wp-content\/uploads\/2018\/08\/projeto-viagem-aos-acores.jpg",700,395,false],"qi_addons_for_elementor_image_size_portrait":["https:\/\/www.mormaii.com.br\/site\/wp-content\/uploads\/2018\/08\/projeto-viagem-aos-acores.jpg",650,367,false],"qi_addons_for_elementor_image_size_huge-square":["https:\/\/www.mormaii.com.br\/site\/wp-content\/uploads\/2018\/08\/projeto-viagem-aos-acores.jpg",700,395,false]},"uagb_author_info":{"display_name":"Tissot","author_link":"https:\/\/www.mormaii.com.br\/site\/author\/fabiano\/"},"uagb_comment_info":0,"uagb_excerpt":"Projeto Viagem aos A\u00e7ores O Projeto Viagem aos A\u00e7ores vai levar, em outubro, 58 alunos do 5\u00ba ano da institui\u00e7\u00e3o para Portugal em um interc\u00e2mbio educacional 100% financiado por parceiros. O objetivo \u00e9 consolidar todo o conhecimento trabalhado em virtude dos 270 anos de coloniza\u00e7\u00e3o a\u00e7oriana em Santa Catarina. \u201cOs alunos ter\u00e3o oportunidade de ver&hellip;","_links":{"self":[{"href":"https:\/\/www.mormaii.com.br\/site\/wp-json\/wp\/v2\/posts\/10380"}],"collection":[{"href":"https:\/\/www.mormaii.com.br\/site\/wp-json\/wp\/v2\/posts"}],"about":[{"href":"https:\/\/www.mormaii.com.br\/site\/wp-json\/wp\/v2\/types\/post"}],"author":[{"embeddable":true,"href":"https:\/\/www.mormaii.com.br\/site\/wp-json\/wp\/v2\/users\/5"}],"replies":[{"embeddable":true,"href":"https:\/\/www.mormaii.com.br\/site\/wp-json\/wp\/v2\/comments?post=10380"}],"version-history":[{"count":3,"href":"https:\/\/www.mormaii.com.br\/site\/wp-json\/wp\/v2\/posts\/10380\/revisions"}],"predecessor-version":[{"id":10386,"href":"https:\/\/www.mormaii.com.br\/site\/wp-json\/wp\/v2\/posts\/10380\/revisions\/10386"}],"wp:featuredmedia":[{"embeddable":true,"href":"https:\/\/www.mormaii.com.br\/site\/wp-json\/wp\/v2\/media\/10382"}],"wp:attachment":[{"href":"https:\/\/www.mormaii.com.br\/site\/wp-json\/wp\/v2\/media?parent=10380"}],"wp:term":[{"taxonomy":"category","embeddable":true,"href":"https:\/\/www.mormaii.com.br\/site\/wp-json\/wp\/v2\/categories?post=10380"},{"taxonomy":"post_tag","embeddable":true,"href":"https:\/\/www.mormaii.com.br\/site\/wp-json\/wp\/v2\/tags?post=10380"}],"curies":[{"name":"wp","href":"https:\/\/api.w.org\/{rel}","templated":true}]}}