{"id":10394,"date":"2018-08-21T08:00:18","date_gmt":"2018-08-21T11:00:18","guid":{"rendered":"https:\/\/www.mormaii.com.br\/site\/?p=10394"},"modified":"2022-06-10T10:01:31","modified_gmt":"2022-06-10T13:01:31","slug":"voce-conhece-o-curso-treinamento-integrado-mormaii","status":"publish","type":"post","link":"https:\/\/www.mormaii.com.br\/site\/voce-conhece-o-curso-treinamento-integrado-mormaii\/","title":{"rendered":"Voc\u00ea conhece o curso Treinamento Integrado Mormaii?"},"content":{"rendered":"<p><img loading=\"lazy\" decoding=\"async\" class=\"aligncenter size-full wp-image-10395\" src=\"https:\/\/www.mormaii.com.br\/site\/wp-content\/uploads\/2018\/08\/post02_blog.jpg\" alt=\"\" width=\"1280\" height=\"767\" srcset=\"https:\/\/www.mormaii.com.br\/site\/wp-content\/uploads\/2018\/08\/post02_blog.jpg 1280w, https:\/\/www.mormaii.com.br\/site\/wp-content\/uploads\/2018\/08\/post02_blog-300x180.jpg 300w, https:\/\/www.mormaii.com.br\/site\/wp-content\/uploads\/2018\/08\/post02_blog-768x460.jpg 768w, https:\/\/www.mormaii.com.br\/site\/wp-content\/uploads\/2018\/08\/post02_blog-1024x614.jpg 1024w, https:\/\/www.mormaii.com.br\/site\/wp-content\/uploads\/2018\/08\/post02_blog-600x360.jpg 600w\" sizes=\"(max-width: 1280px) 100vw, 1280px\" \/><\/p>\n<p>O<a href=\"https:\/\/fitness.mormaii.com.br\/cursos\/?utm_eaf=2a7668f8&amp;utm_source=site-externo&amp;utm_campaign=mormaii-oficial&amp;utm_medium=blog-201808-curso-metodo\" target=\"_blank\" rel=\"noopener\"> Curso de Treinamento Integrado Mormaii<\/a> est\u00e1 chegando em S\u00e3o Paulo! Nos dias 29 e 30 de setembro a cidade vai ser tomada pelo m\u00e9todo. Ficou com vontade? Saiba um pouquinho mais sobre o curso:<\/p>\n<p>O M\u00e9todo Integrado Mormaii Fitness \u00e9 uma proposta exclusiva de t\u00e9cnicas integradas que levam qualidade de vida e bem-estar para al\u00e9m do treinamento f\u00edsico e trabalha treinamento funcional, pilates, cardio e a t\u00e9cnica alem\u00e3 Five Konzept.<\/p>\n<p>No curso voc\u00ea ir\u00e1 desenvolver t\u00e9cnicas para trabalhar estabilidade, mobilidade e condicionamento de alunos e pacientes em academias, est\u00fadios de Pilates e cl\u00ednicas de Fisioterapia e ainda habilitar-se para fazer parte da equipe de professores dos <a href=\"https:\/\/fitness.mormaii.com.br\/studio?utm_eaf=e1f3e822&amp;utm_source=site-externo&amp;utm_campaign=mormaii-oficial&amp;utm_medium=blog-201808-studios\" target=\"_blank\" rel=\"noopener\">Studios Integrados Mormaii Fitness<\/a>.<\/p>\n<p>Al\u00e9m de muito conhecimento, voc\u00ea ainda pode encontrar oportunidades de trabalho. Incr\u00edvel, n\u00e3o?<\/p>\n<p>O curso \u00e9 recomendado para profissionais de Educa\u00e7\u00e3o F\u00edsica, de Fisioterapia, personal trainers, professores de muscula\u00e7\u00e3o, espa\u00e7os de pilates e treinamento funcional.<br \/>\n&#8211; Data: 29 e 30 de setembro ou 08 e 09 de dezembro<br \/>\n&#8211; Dura\u00e7\u00e3o do curso: 16 horas\/aula<br \/>\n&#8211; Material: apostila com o conte\u00fado abordado e descri\u00e7\u00e3o de todos os movimentos, modifica\u00e7\u00f5es e aplica\u00e7\u00f5es.<\/p>\n<p>\u2192 <a href=\"https:\/\/fitness.mormaii.com.br\/cursos\/?utm_eaf=621eb35b&amp;utm_source=site-externo&amp;utm_campaign=mormaii-oficial&amp;utm_medium=blog-201808-curso-sp\" target=\"_blank\" rel=\"noopener\">Clique aqui<\/a> para saber mais e n\u00e3o perca essa oportunidade de se destacar no mercado. Impulsione a sua carreira com a Mormaii!<\/p>\n<p>&nbsp;<\/p>\n<div id=\"websigner_softplan_com_br\" class=\"websigner_softplan_com_br\" style=\"display: none;\"><\/div>\n<div id=\"websigner_softplan_com_br\" class=\"websigner_softplan_com_br\" style=\"display: none;\"><\/div>\n<div id=\"websigner_softplan_com_br\" class=\"websigner_softplan_com_br\" style=\"display: none;\"><\/div>\n<div id=\"websigner_softplan_com_br\" class=\"websigner_softplan_com_br\" style=\"display: none;\"><\/div>\n","protected":false},"excerpt":{"rendered":"<p>O Curso de Treinamento Integrado Mormaii est\u00e1 chegando em S\u00e3o Paulo! Nos dias 29 e 30 de setembro a cidade vai ser tomada pelo m\u00e9todo. Ficou com vontade? Saiba um pouquinho mais sobre o curso: O M\u00e9todo Integrado Mormaii Fitness \u00e9 uma proposta exclusiva de t\u00e9cnicas integradas que levam qualidade de vida e bem-estar para [&hellip;]<\/p>\n","protected":false},"author":1,"featured_media":10395,"comment_status":"closed","ping_status":"closed","sticky":false,"template":"","format":"standard","meta":{"_uag_custom_page_level_css":"","_mi_skip_tracking":false,"footnotes":""},"categories":[914],"tags":[371,372],"class_list":["post-10394","post","type-post","status-publish","format-standard","has-post-thumbnail","hentry","category-mormaii","tag-blog","tag-fitness"],"acf":[],"uagb_featured_image_src":{"full":["https:\/\/www.mormaii.com.br\/site\/wp-content\/uploads\/2018\/08\/post02_blog.jpg",1280,767,false],"thumbnail":["https:\/\/www.mormaii.com.br\/site\/wp-content\/uploads\/2018\/08\/post02_blog-150x150.jpg",150,150,true],"medium":["https:\/\/www.mormaii.com.br\/site\/wp-content\/uploads\/2018\/08\/post02_blog-300x180.jpg",300,180,true],"medium_large":["https:\/\/www.mormaii.com.br\/site\/wp-content\/uploads\/2018\/08\/post02_blog-768x460.jpg",768,460,true],"large":["https:\/\/www.mormaii.com.br\/site\/wp-content\/uploads\/2018\/08\/post02_blog-1024x614.jpg",1024,614,true],"1536x1536":["https:\/\/www.mormaii.com.br\/site\/wp-content\/uploads\/2018\/08\/post02_blog.jpg",1280,767,false],"2048x2048":["https:\/\/www.mormaii.com.br\/site\/wp-content\/uploads\/2018\/08\/post02_blog.jpg",1280,767,false],"qi_addons_for_elementor_image_size_square":["https:\/\/www.mormaii.com.br\/site\/wp-content\/uploads\/2018\/08\/post02_blog.jpg",650,389,false],"qi_addons_for_elementor_image_size_landscape":["https:\/\/www.mormaii.com.br\/site\/wp-content\/uploads\/2018\/08\/post02_blog.jpg",1085,650,false],"qi_addons_for_elementor_image_size_portrait":["https:\/\/www.mormaii.com.br\/site\/wp-content\/uploads\/2018\/08\/post02_blog.jpg",650,389,false],"qi_addons_for_elementor_image_size_huge-square":["https:\/\/www.mormaii.com.br\/site\/wp-content\/uploads\/2018\/08\/post02_blog.jpg",1280,767,false]},"uagb_author_info":{"display_name":"admin","author_link":"https:\/\/www.mormaii.com.br\/site\/author\/admin\/"},"uagb_comment_info":0,"uagb_excerpt":"O Curso de Treinamento Integrado Mormaii est\u00e1 chegando em S\u00e3o Paulo! Nos dias 29 e 30 de setembro a cidade vai ser tomada pelo m\u00e9todo. Ficou com vontade? Saiba um pouquinho mais sobre o curso: O M\u00e9todo Integrado Mormaii Fitness \u00e9 uma proposta exclusiva de t\u00e9cnicas integradas que levam qualidade de vida e bem-estar para&hellip;","_links":{"self":[{"href":"https:\/\/www.mormaii.com.br\/site\/wp-json\/wp\/v2\/posts\/10394"}],"collection":[{"href":"https:\/\/www.mormaii.com.br\/site\/wp-json\/wp\/v2\/posts"}],"about":[{"href":"https:\/\/www.mormaii.com.br\/site\/wp-json\/wp\/v2\/types\/post"}],"author":[{"embeddable":true,"href":"https:\/\/www.mormaii.com.br\/site\/wp-json\/wp\/v2\/users\/1"}],"replies":[{"embeddable":true,"href":"https:\/\/www.mormaii.com.br\/site\/wp-json\/wp\/v2\/comments?post=10394"}],"version-history":[{"count":4,"href":"https:\/\/www.mormaii.com.br\/site\/wp-json\/wp\/v2\/posts\/10394\/revisions"}],"predecessor-version":[{"id":10399,"href":"https:\/\/www.mormaii.com.br\/site\/wp-json\/wp\/v2\/posts\/10394\/revisions\/10399"}],"wp:featuredmedia":[{"embeddable":true,"href":"https:\/\/www.mormaii.com.br\/site\/wp-json\/wp\/v2\/media\/10395"}],"wp:attachment":[{"href":"https:\/\/www.mormaii.com.br\/site\/wp-json\/wp\/v2\/media?parent=10394"}],"wp:term":[{"taxonomy":"category","embeddable":true,"href":"https:\/\/www.mormaii.com.br\/site\/wp-json\/wp\/v2\/categories?post=10394"},{"taxonomy":"post_tag","embeddable":true,"href":"https:\/\/www.mormaii.com.br\/site\/wp-json\/wp\/v2\/tags?post=10394"}],"curies":[{"name":"wp","href":"https:\/\/api.w.org\/{rel}","templated":true}]}}