{"id":10410,"date":"2018-08-24T00:32:30","date_gmt":"2018-08-24T03:32:30","guid":{"rendered":"https:\/\/www.mormaii.com.br\/site\/?p=10410"},"modified":"2022-06-10T10:53:08","modified_gmt":"2022-06-10T13:53:08","slug":"15o-brasileiro-de-wakesurf-mormaii-2","status":"publish","type":"post","link":"https:\/\/www.mormaii.com.br\/site\/15o-brasileiro-de-wakesurf-mormaii-2\/","title":{"rendered":"15\u00ba Brasileiro de Wakesurf Mormaii"},"content":{"rendered":"<p><img loading=\"lazy\" decoding=\"async\" class=\"alignnone wp-image-10415 size-full\" title=\"Brasileiro de Wakesurf Mormaii\" src=\"https:\/\/www.mormaii.com.br\/site\/wp-content\/uploads\/2018\/08\/wakesurf-mormaii-brasilia-3.jpg\" alt=\"Brasileiro de Wakesurf Mormaii\" width=\"700\" height=\"560\" srcset=\"https:\/\/www.mormaii.com.br\/site\/wp-content\/uploads\/2018\/08\/wakesurf-mormaii-brasilia-3.jpg 700w, https:\/\/www.mormaii.com.br\/site\/wp-content\/uploads\/2018\/08\/wakesurf-mormaii-brasilia-3-300x240.jpg 300w, https:\/\/www.mormaii.com.br\/site\/wp-content\/uploads\/2018\/08\/wakesurf-mormaii-brasilia-3-600x480.jpg 600w\" sizes=\"(max-width: 700px) 100vw, 700px\" \/><\/p>\n<h3>Brasileiro de Wakesurf Mormaii<\/h3>\n<p>O 15\u00ba Campeonato Brasileiro de Wakesurf Mormaii agitou o Lago Parano\u00e1, em Bras\u00edlia, nos dias 17, 18 e 19 de agosto, em frente ao Surf Bar Mormaii, no Pont\u00e3o do Lago Sul.<\/p>\n<p><img loading=\"lazy\" decoding=\"async\" class=\"alignnone wp-image-10411 size-full\" title=\"Brasileiro de Wakesurf Mormaii\" src=\"https:\/\/www.mormaii.com.br\/site\/wp-content\/uploads\/2018\/08\/wakesurf-mormaii-brasilia-8.jpg\" alt=\"\" width=\"700\" height=\"560\" srcset=\"https:\/\/www.mormaii.com.br\/site\/wp-content\/uploads\/2018\/08\/wakesurf-mormaii-brasilia-8.jpg 700w, https:\/\/www.mormaii.com.br\/site\/wp-content\/uploads\/2018\/08\/wakesurf-mormaii-brasilia-8-300x240.jpg 300w, https:\/\/www.mormaii.com.br\/site\/wp-content\/uploads\/2018\/08\/wakesurf-mormaii-brasilia-8-600x480.jpg 600w\" sizes=\"(max-width: 700px) 100vw, 700px\" \/><\/p>\n<h3>Pont\u00e3o do Lago Sul<\/h3>\n<p>Entre tantas atra\u00e7\u00f5es, surfistas convidados e as surpresas especiais que sempre fazem a cabe\u00e7a da galera.<\/p>\n<p>O evento aconteceu na orla do Mormaii Surf Bar, junto ao complexo de gastronomia e entretenimento do Pont\u00e3o do Lago Sul.<\/p>\n<p><img loading=\"lazy\" decoding=\"async\" class=\"alignnone wp-image-10413 size-full\" title=\"Brasileiro de Wakesurf Mormaii\" src=\"https:\/\/www.mormaii.com.br\/site\/wp-content\/uploads\/2018\/08\/wakesurf-mormaii-brasilia-5.jpg\" alt=\"\" width=\"700\" height=\"560\" srcset=\"https:\/\/www.mormaii.com.br\/site\/wp-content\/uploads\/2018\/08\/wakesurf-mormaii-brasilia-5.jpg 700w, https:\/\/www.mormaii.com.br\/site\/wp-content\/uploads\/2018\/08\/wakesurf-mormaii-brasilia-5-300x240.jpg 300w, https:\/\/www.mormaii.com.br\/site\/wp-content\/uploads\/2018\/08\/wakesurf-mormaii-brasilia-5-600x480.jpg 600w\" sizes=\"(max-width: 700px) 100vw, 700px\" \/><\/p>\n<h3>Movimento Sem Praia<\/h3>\n<p>Com organiza\u00e7\u00e3o do Movimento Sem Praia, a competi\u00e7\u00e3o reuniu os principais nomes nacionais do esporte.<\/p>\n<p>Competidores do Rio de Janeiro, S\u00e3o Paulo, Amazonas, Minas Gerais, Goi\u00e1s, Rio Grande do Sul, Santa Catarina, Bahia, Pernambuco, Paran\u00e1, al\u00e9m do Distrito Federal. marcaram presen\u00e7a<a href=\"https:\/\/www.mormaii.com.br\/site\/15o-brasileiro-de-wakesurf-mormaii\/\" target=\"_blank\" rel=\"noopener\">.<\/a><\/p>\n<p><img loading=\"lazy\" decoding=\"async\" class=\"alignnone wp-image-10418 size-full\" title=\"Brasileiro de Wakesurf Mormaii\" src=\"https:\/\/www.mormaii.com.br\/site\/wp-content\/uploads\/2018\/08\/wakesurf-mormaii-brasilia-9.jpg\" alt=\"\" width=\"700\" height=\"560\" srcset=\"https:\/\/www.mormaii.com.br\/site\/wp-content\/uploads\/2018\/08\/wakesurf-mormaii-brasilia-9.jpg 700w, https:\/\/www.mormaii.com.br\/site\/wp-content\/uploads\/2018\/08\/wakesurf-mormaii-brasilia-9-300x240.jpg 300w, https:\/\/www.mormaii.com.br\/site\/wp-content\/uploads\/2018\/08\/wakesurf-mormaii-brasilia-9-600x480.jpg 600w\" sizes=\"(max-width: 700px) 100vw, 700px\" \/><\/p>\n<h3>Destaque na TV<\/h3>\n<p><iframe loading=\"lazy\" src=\"https:\/\/www.youtube.com\/embed\/rg_eOUMHI1g\" width=\"700\" height=\"400\" frameborder=\"0\" allowfullscreen=\"allowfullscreen\"><span data-mce-type=\"bookmark\" style=\"display: inline-block; width: 0px; overflow: hidden; line-height: 0;\" class=\"mce_SELRES_start\">\ufeff<\/span><\/iframe><\/p>\n<p><a href=\"https:\/\/www.mormaiishop.com.br\/slimsurf\" target=\"_blank\" rel=\"noopener\"><img loading=\"lazy\" decoding=\"async\" class=\"alignnone wp-image-10323 size-full\" src=\"https:\/\/www.mormaii.com.br\/site\/wp-content\/uploads\/2018\/02\/SLIMSURF_topoOFICIAL.jpg\" alt=\"SLIMSURF_topoOFICIAL\" width=\"700\" height=\"500\" \/><\/a><\/p>\n","protected":false},"excerpt":{"rendered":"<p>Brasileiro de Wakesurf Mormaii O 15\u00ba Campeonato Brasileiro de Wakesurf Mormaii agitou o Lago Parano\u00e1, em Bras\u00edlia, nos dias 17, 18 e 19 de agosto, em frente ao Surf Bar Mormaii, no Pont\u00e3o do Lago Sul. Pont\u00e3o do Lago Sul Entre tantas atra\u00e7\u00f5es, surfistas convidados e as surpresas especiais que sempre fazem a cabe\u00e7a da [&hellip;]<\/p>\n","protected":false},"author":5,"featured_media":10419,"comment_status":"closed","ping_status":"closed","sticky":false,"template":"","format":"standard","meta":{"_uag_custom_page_level_css":"","_mi_skip_tracking":false,"footnotes":""},"categories":[40,914,7,345],"tags":[770,632,282,746,29],"class_list":["post-10410","post","type-post","status-publish","format-standard","has-post-thumbnail","hentry","category-esportes","category-mormaii","category-novidades","category-surf","tag-brasileiro-de-wakesurf-mormaii","tag-brasilia","tag-home","tag-lago-paranoa","tag-mormaii"],"acf":[],"uagb_featured_image_src":{"full":["https:\/\/www.mormaii.com.br\/site\/wp-content\/uploads\/2018\/08\/wakesurf-mormaii-brasilia-10.jpg",700,400,false],"thumbnail":["https:\/\/www.mormaii.com.br\/site\/wp-content\/uploads\/2018\/08\/wakesurf-mormaii-brasilia-10-150x150.jpg",150,150,true],"medium":["https:\/\/www.mormaii.com.br\/site\/wp-content\/uploads\/2018\/08\/wakesurf-mormaii-brasilia-10-300x171.jpg",300,171,true],"medium_large":["https:\/\/www.mormaii.com.br\/site\/wp-content\/uploads\/2018\/08\/wakesurf-mormaii-brasilia-10.jpg",700,400,false],"large":["https:\/\/www.mormaii.com.br\/site\/wp-content\/uploads\/2018\/08\/wakesurf-mormaii-brasilia-10.jpg",700,400,false],"1536x1536":["https:\/\/www.mormaii.com.br\/site\/wp-content\/uploads\/2018\/08\/wakesurf-mormaii-brasilia-10.jpg",700,400,false],"2048x2048":["https:\/\/www.mormaii.com.br\/site\/wp-content\/uploads\/2018\/08\/wakesurf-mormaii-brasilia-10.jpg",700,400,false],"qi_addons_for_elementor_image_size_square":["https:\/\/www.mormaii.com.br\/site\/wp-content\/uploads\/2018\/08\/wakesurf-mormaii-brasilia-10.jpg",650,371,false],"qi_addons_for_elementor_image_size_landscape":["https:\/\/www.mormaii.com.br\/site\/wp-content\/uploads\/2018\/08\/wakesurf-mormaii-brasilia-10.jpg",700,400,false],"qi_addons_for_elementor_image_size_portrait":["https:\/\/www.mormaii.com.br\/site\/wp-content\/uploads\/2018\/08\/wakesurf-mormaii-brasilia-10.jpg",650,371,false],"qi_addons_for_elementor_image_size_huge-square":["https:\/\/www.mormaii.com.br\/site\/wp-content\/uploads\/2018\/08\/wakesurf-mormaii-brasilia-10.jpg",700,400,false]},"uagb_author_info":{"display_name":"Tissot","author_link":"https:\/\/www.mormaii.com.br\/site\/author\/fabiano\/"},"uagb_comment_info":0,"uagb_excerpt":"Brasileiro de Wakesurf Mormaii O 15\u00ba Campeonato Brasileiro de Wakesurf Mormaii agitou o Lago Parano\u00e1, em Bras\u00edlia, nos dias 17, 18 e 19 de agosto, em frente ao Surf Bar Mormaii, no Pont\u00e3o do Lago Sul. Pont\u00e3o do Lago Sul Entre tantas atra\u00e7\u00f5es, surfistas convidados e as surpresas especiais que sempre fazem a cabe\u00e7a da&hellip;","_links":{"self":[{"href":"https:\/\/www.mormaii.com.br\/site\/wp-json\/wp\/v2\/posts\/10410"}],"collection":[{"href":"https:\/\/www.mormaii.com.br\/site\/wp-json\/wp\/v2\/posts"}],"about":[{"href":"https:\/\/www.mormaii.com.br\/site\/wp-json\/wp\/v2\/types\/post"}],"author":[{"embeddable":true,"href":"https:\/\/www.mormaii.com.br\/site\/wp-json\/wp\/v2\/users\/5"}],"replies":[{"embeddable":true,"href":"https:\/\/www.mormaii.com.br\/site\/wp-json\/wp\/v2\/comments?post=10410"}],"version-history":[{"count":5,"href":"https:\/\/www.mormaii.com.br\/site\/wp-json\/wp\/v2\/posts\/10410\/revisions"}],"predecessor-version":[{"id":10447,"href":"https:\/\/www.mormaii.com.br\/site\/wp-json\/wp\/v2\/posts\/10410\/revisions\/10447"}],"wp:featuredmedia":[{"embeddable":true,"href":"https:\/\/www.mormaii.com.br\/site\/wp-json\/wp\/v2\/media\/10419"}],"wp:attachment":[{"href":"https:\/\/www.mormaii.com.br\/site\/wp-json\/wp\/v2\/media?parent=10410"}],"wp:term":[{"taxonomy":"category","embeddable":true,"href":"https:\/\/www.mormaii.com.br\/site\/wp-json\/wp\/v2\/categories?post=10410"},{"taxonomy":"post_tag","embeddable":true,"href":"https:\/\/www.mormaii.com.br\/site\/wp-json\/wp\/v2\/tags?post=10410"}],"curies":[{"name":"wp","href":"https:\/\/api.w.org\/{rel}","templated":true}]}}