{"id":1048,"date":"2016-04-04T13:33:38","date_gmt":"2016-04-04T16:33:38","guid":{"rendered":"http:\/\/www.mormaii.com.br\/site\/?p=1048"},"modified":"2022-06-10T10:42:32","modified_gmt":"2022-06-10T13:42:32","slug":"noticiascaio-vaz-disputa-titulo-mundial-de-sup-wave-na-franca","status":"publish","type":"post","link":"https:\/\/www.mormaii.com.br\/site\/noticiascaio-vaz-disputa-titulo-mundial-de-sup-wave-na-franca\/","title":{"rendered":"Caio Vaz disputa t\u00edtulo mundial de Sup Wave na Fran\u00e7a"},"content":{"rendered":"<p><\/p>\n<div id=\"attachment_52193\" class=\"wp-caption aligncenter\"><img loading=\"lazy\" decoding=\"async\" data-fr-image-pasted=\"true\" class=\"size-full wp-image-52193 fr-fin\" title=\"Final de Copa do Mundo | Foto: James Thisted\" src=\"http:\/\/images.mormaii.com.br\/wp-content\/uploads\/caio-vaz-mormaii-sup2.jpg\" alt=\"Final de Copa do Mundo | Foto: James Thisted\" width=\"600\" height=\"400\"><\/p>\n<p class=\"wp-caption-text\">&nbsp; &nbsp; &nbsp; &nbsp; &nbsp; &nbsp; &nbsp; &nbsp; &nbsp; &nbsp;Final de Copa do Mundo | Foto: James Thisted<\/p>\n<\/div>\n<p>O La Torche Pro come\u00e7a hoje, na Fran\u00e7a, e vai at\u00e9 dia 02 de novembro.<\/p>\n<p>A \u00faltima etapa do Stand Up World Tour definir\u00e1 o campe\u00e3o mundial de SUP Wave 2014.<\/p>\n<p><a href=\"http:\/\/www.mormaii.com.br\/author\/caiovaz\/\" target=\"_blank\" rel=\"noopener\">Caio Vaz<\/a>&nbsp;ocupa a segunda coloca\u00e7\u00e3o no ranking e tem grandes chances de trazer o caneco para o Brasil.<\/p>\n<p>A Waterman League ainda n\u00e3o divulgou a matem\u00e1tica do t\u00edtulo e as combina\u00e7\u00f5es de resultados necess\u00e1rias para o brasileiro fechar o ano como o n\u00famero um.<\/p>\n<p>Certo mesmo \u00e9 que com uma vit\u00f3ria ele ser\u00e1 o atual campe\u00e3o mundial.<\/p>\n<p>O carioca soma duas grandes conquistas na temporada, Hava\u00ed e Brasil, com dois terceiros lugares, Abu Dhabi e Calif\u00f3rnia.<\/p>\n<p>Se vencer o Stand Up World Tour 2014, Caio igualar\u00e1 o feito de&nbsp;<a href=\"http:\/\/www.mormaii.com.br\/tag\/leco-salazar\/\">Leco Salazar<\/a>&nbsp;em 2012 e se tornar\u00e1 o novo campe\u00e3o mundial de SUP wave.<\/p>\n<p>Estamos na torcida!<\/p>\n","protected":false},"excerpt":{"rendered":"<p>&nbsp; &nbsp; &nbsp; &nbsp; &nbsp; &nbsp; &nbsp; &nbsp; &nbsp; &nbsp;Final de Copa do Mundo | Foto: James Thisted O La Torche Pro come\u00e7a hoje, na Fran\u00e7a, e vai at\u00e9 dia 02 de novembro. A \u00faltima etapa do Stand Up World Tour definir\u00e1 o campe\u00e3o mundial de SUP Wave 2014. Caio Vaz&nbsp;ocupa a segunda coloca\u00e7\u00e3o no [&hellip;]<\/p>\n","protected":false},"author":3,"featured_media":1049,"comment_status":"open","ping_status":"open","sticky":false,"template":"","format":"standard","meta":{"_uag_custom_page_level_css":"","_mi_skip_tracking":false,"footnotes":""},"categories":[914,345],"tags":[],"class_list":["post-1048","post","type-post","status-publish","format-standard","has-post-thumbnail","hentry","category-mormaii","category-surf"],"acf":[],"uagb_featured_image_src":{"full":["https:\/\/www.mormaii.com.br\/site\/wp-content\/uploads\/2017\/06\/54c0ef175fc1bf133e68.jpg",1600,959,false],"thumbnail":["https:\/\/www.mormaii.com.br\/site\/wp-content\/uploads\/2017\/06\/54c0ef175fc1bf133e68-150x150.jpg",150,150,true],"medium":["https:\/\/www.mormaii.com.br\/site\/wp-content\/uploads\/2017\/06\/54c0ef175fc1bf133e68-300x180.jpg",300,180,true],"medium_large":["https:\/\/www.mormaii.com.br\/site\/wp-content\/uploads\/2017\/06\/54c0ef175fc1bf133e68-768x460.jpg",768,460,true],"large":["https:\/\/www.mormaii.com.br\/site\/wp-content\/uploads\/2017\/06\/54c0ef175fc1bf133e68-1024x614.jpg",1024,614,true],"1536x1536":["https:\/\/www.mormaii.com.br\/site\/wp-content\/uploads\/2017\/06\/54c0ef175fc1bf133e68.jpg",1536,921,false],"2048x2048":["https:\/\/www.mormaii.com.br\/site\/wp-content\/uploads\/2017\/06\/54c0ef175fc1bf133e68.jpg",1600,959,false],"qi_addons_for_elementor_image_size_square":["https:\/\/www.mormaii.com.br\/site\/wp-content\/uploads\/2017\/06\/54c0ef175fc1bf133e68.jpg",650,390,false],"qi_addons_for_elementor_image_size_landscape":["https:\/\/www.mormaii.com.br\/site\/wp-content\/uploads\/2017\/06\/54c0ef175fc1bf133e68.jpg",1084,650,false],"qi_addons_for_elementor_image_size_portrait":["https:\/\/www.mormaii.com.br\/site\/wp-content\/uploads\/2017\/06\/54c0ef175fc1bf133e68.jpg",650,390,false],"qi_addons_for_elementor_image_size_huge-square":["https:\/\/www.mormaii.com.br\/site\/wp-content\/uploads\/2017\/06\/54c0ef175fc1bf133e68.jpg",1300,779,false]},"uagb_author_info":{"display_name":"mormaii_importer","author_link":"https:\/\/www.mormaii.com.br\/site\/author\/mormaii_importer\/"},"uagb_comment_info":0,"uagb_excerpt":"&nbsp; &nbsp; &nbsp; &nbsp; &nbsp; &nbsp; &nbsp; &nbsp; &nbsp; &nbsp;Final de Copa do Mundo | Foto: James Thisted O La Torche Pro come\u00e7a hoje, na Fran\u00e7a, e vai at\u00e9 dia 02 de novembro. A \u00faltima etapa do Stand Up World Tour definir\u00e1 o campe\u00e3o mundial de SUP Wave 2014. Caio Vaz&nbsp;ocupa a segunda coloca\u00e7\u00e3o no&hellip;","_links":{"self":[{"href":"https:\/\/www.mormaii.com.br\/site\/wp-json\/wp\/v2\/posts\/1048"}],"collection":[{"href":"https:\/\/www.mormaii.com.br\/site\/wp-json\/wp\/v2\/posts"}],"about":[{"href":"https:\/\/www.mormaii.com.br\/site\/wp-json\/wp\/v2\/types\/post"}],"author":[{"embeddable":true,"href":"https:\/\/www.mormaii.com.br\/site\/wp-json\/wp\/v2\/users\/3"}],"replies":[{"embeddable":true,"href":"https:\/\/www.mormaii.com.br\/site\/wp-json\/wp\/v2\/comments?post=1048"}],"version-history":[{"count":1,"href":"https:\/\/www.mormaii.com.br\/site\/wp-json\/wp\/v2\/posts\/1048\/revisions"}],"predecessor-version":[{"id":57045,"href":"https:\/\/www.mormaii.com.br\/site\/wp-json\/wp\/v2\/posts\/1048\/revisions\/57045"}],"wp:featuredmedia":[{"embeddable":true,"href":"https:\/\/www.mormaii.com.br\/site\/wp-json\/wp\/v2\/media\/1049"}],"wp:attachment":[{"href":"https:\/\/www.mormaii.com.br\/site\/wp-json\/wp\/v2\/media?parent=1048"}],"wp:term":[{"taxonomy":"category","embeddable":true,"href":"https:\/\/www.mormaii.com.br\/site\/wp-json\/wp\/v2\/categories?post=1048"},{"taxonomy":"post_tag","embeddable":true,"href":"https:\/\/www.mormaii.com.br\/site\/wp-json\/wp\/v2\/tags?post=1048"}],"curies":[{"name":"wp","href":"https:\/\/api.w.org\/{rel}","templated":true}]}}