{"id":10495,"date":"2018-08-29T17:26:46","date_gmt":"2018-08-29T20:26:46","guid":{"rendered":"https:\/\/www.mormaii.com.br\/site\/?p=10495"},"modified":"2022-06-10T10:27:36","modified_gmt":"2022-06-10T13:27:36","slug":"maratona-internacional-de-floripa-2","status":"publish","type":"post","link":"https:\/\/www.mormaii.com.br\/site\/maratona-internacional-de-floripa-2\/","title":{"rendered":"Maratona Internacional de Floripa reuniu 8 mil corredores"},"content":{"rendered":"<p><img loading=\"lazy\" decoding=\"async\" class=\"alignnone size-full wp-image-10496\" src=\"https:\/\/www.mormaii.com.br\/site\/wp-content\/uploads\/2018\/08\/maratona-internacional-de-floripa.jpg\" alt=\"maratona internacional de floripa\" width=\"1080\" height=\"596\" srcset=\"https:\/\/www.mormaii.com.br\/site\/wp-content\/uploads\/2018\/08\/maratona-internacional-de-floripa.jpg 1080w, https:\/\/www.mormaii.com.br\/site\/wp-content\/uploads\/2018\/08\/maratona-internacional-de-floripa-300x166.jpg 300w, https:\/\/www.mormaii.com.br\/site\/wp-content\/uploads\/2018\/08\/maratona-internacional-de-floripa-768x424.jpg 768w, https:\/\/www.mormaii.com.br\/site\/wp-content\/uploads\/2018\/08\/maratona-internacional-de-floripa-1024x565.jpg 1024w, https:\/\/www.mormaii.com.br\/site\/wp-content\/uploads\/2018\/08\/maratona-internacional-de-floripa-600x331.jpg 600w\" sizes=\"(max-width: 1080px) 100vw, 1080px\" \/><\/p>\n<h3>Maratona Internacional de Floripa<\/h3>\n<p>A segunda edi\u00e7\u00e3o da Maratona Internacional de Floripa, realizada neste domingo, teve os mesmos campe\u00f5es em rela\u00e7\u00e3o ao ano passado.<\/p>\n<p>No masculino, o paranaense Alessandro dos Santos completou os 42km com o tempo de 2h24min34seg.<br \/>\nNo feminino, a primeira coloca\u00e7\u00e3o ficou de novo com a catarinense Ana Claudia Rodrigues, que cruzou a linha de chegada ap\u00f3s 2h42min25seg.<\/p>\n<p>O p\u00f3dio da prova masculina foi completado com F\u00e1bio Mota Paiva (2h25min44seg) e Jonatas Roger Freitas (2h26min29seg).<\/p>\n<p>Entre as mulheres, a segunda colocada foi Valquiria Marques de Oliveira (2h46min42seg) e o terceiro lugar ficou com Maria de Fatima de Souza (2h55min01seg).<\/p>\n<h3>Disputas acirradas<\/h3>\n<p>Corredores de todos os estados brasileiros participaram, al\u00e9m de pa\u00edses da Am\u00e9rica do Sul e de Portugal.<br \/>\nTodos largaram na frente do Trapiche da Beira-Mar Norte, a partir das 6h.<\/p>\n<p>As primeiras passadas foram das mulheres postulantes ao t\u00edtulo da prova de 42,195km.<\/p>\n<p>Dez minutos depois do in\u00edcio da maratona para a elite feminina come\u00e7ou a elite masculina, que abriu o caminho para os demais corredores dos 42 quil\u00f4metros.<\/p>\n<p>\u2014 Tivemos um crescimento grande em rela\u00e7\u00e3o ao ano passado e nosso objetivo \u00e9 chegar aos 10.000 corredores em 2019. Ser a maior prova do pa\u00eds \u00e9 um pouco mais complicado devido ao espa\u00e7o geogr\u00e1fico e as outras grandes provas que temos em S\u00e3o Paulo e no Rio de Janeiro, que s\u00e3o os dois maiores mercados. Mas nossa inten\u00e7\u00e3o, com muito trabalho, \u00e9 conquistar o selo IAAF, para que sejamos reconhecidos mundialmente \u2014 Leonardo Silvano, organizador da Maratona Internacional de Floripa.<\/p>\n<h3>Corredores amadores<\/h3>\n<p>N\u00e3o \u00e9 apenas de competi\u00e7\u00e3o que \u00e9 feita a Maratona Internacional de Floripa. Para a maioria dos participantes, o evento \u00e9 tamb\u00e9m de supera\u00e7\u00e3o, seja a primeira prova da vida, a estreia em uma dist\u00e2ncia ou para atingir a melhor marca pessoal.<\/p>\n<p>S\u00e3o os corredores amadores que fazem do evento o maior do Estado.<\/p>\n<p>A eleva\u00e7\u00e3o de 33% nos n\u00fameros de atletas comprova o crescimento das corridas de rua e tamb\u00e9m das assessorias esportivas.<\/p>\n<p>A estimativa \u00e9 de que 20% dos que passar\u00e3o pela Beira-Mar Norte tenham sido preparados nas quatro dist\u00e2ncias por professores locais.<\/p>\n<p>\u2014 As pessoas percebem que os benef\u00edcios da corrida v\u00e3o al\u00e9m do f\u00edsico e buscam algo al\u00e9m, um desafio. Menos de 5% dos participantes de provas s\u00e3o atletas de desempenho. Somente neste evento ser\u00e3o 25 assessorias esportivas locais. H\u00e1 cinco anos, o total delas na Grande Florian\u00f3polis era de cinco. A maratona cresce tamb\u00e9m com as assessorias. E acredito que seja apenas o in\u00edcio, ainda h\u00e1 espa\u00e7o para mais nos pr\u00f3ximos anos \u2014 descreve Fabiano Braun, diretor da assessoria Floripa Runners e vice-presidente da Associa\u00e7\u00e3o de Treinadores de Corrida de Rua de Santa Catarina (ATC-SC).<\/p>\n<p><a href=\"https:\/\/www.mormaiishop.com.br\/running\" target=\"_blank\" rel=\"noopener\"><img loading=\"lazy\" decoding=\"async\" class=\"alignnone wp-image-10347 size-full\" src=\"https:\/\/www.mormaii.com.br\/site\/wp-content\/uploads\/2018\/06\/bannertopo-meiamaratona.jpg\" alt=\"bannertopo-meiamaratona\" width=\"1921\" height=\"583\" srcset=\"https:\/\/www.mormaii.com.br\/site\/wp-content\/uploads\/2018\/06\/bannertopo-meiamaratona.jpg 1921w, https:\/\/www.mormaii.com.br\/site\/wp-content\/uploads\/2018\/06\/bannertopo-meiamaratona-300x91.jpg 300w, https:\/\/www.mormaii.com.br\/site\/wp-content\/uploads\/2018\/06\/bannertopo-meiamaratona-768x233.jpg 768w, https:\/\/www.mormaii.com.br\/site\/wp-content\/uploads\/2018\/06\/bannertopo-meiamaratona-1024x311.jpg 1024w, https:\/\/www.mormaii.com.br\/site\/wp-content\/uploads\/2018\/06\/bannertopo-meiamaratona-1920x583.jpg 1920w, https:\/\/www.mormaii.com.br\/site\/wp-content\/uploads\/2018\/06\/bannertopo-meiamaratona-600x182.jpg 600w\" sizes=\"(max-width: 1921px) 100vw, 1921px\" \/><\/a><\/p>\n","protected":false},"excerpt":{"rendered":"<p>Maratona Internacional de Floripa A segunda edi\u00e7\u00e3o da Maratona Internacional de Floripa, realizada neste domingo, teve os mesmos campe\u00f5es em rela\u00e7\u00e3o ao ano passado. No masculino, o paranaense Alessandro dos Santos completou os 42km com o tempo de 2h24min34seg. No feminino, a primeira coloca\u00e7\u00e3o ficou de novo com a catarinense Ana Claudia Rodrigues, que cruzou [&hellip;]<\/p>\n","protected":false},"author":5,"featured_media":10496,"comment_status":"closed","ping_status":"closed","sticky":false,"template":"","format":"standard","meta":{"_uag_custom_page_level_css":"","_mi_skip_tracking":false,"footnotes":""},"categories":[40,914,7],"tags":[424,438,282,776,29,576],"class_list":["post-10495","post","type-post","status-publish","format-standard","has-post-thumbnail","hentry","category-esportes","category-mormaii","category-novidades","tag-corrida","tag-floripa","tag-home","tag-maratona-internacional-de-floripa","tag-mormaii","tag-running"],"acf":[],"uagb_featured_image_src":{"full":["https:\/\/www.mormaii.com.br\/site\/wp-content\/uploads\/2018\/08\/maratona-internacional-de-floripa.jpg",1080,596,false],"thumbnail":["https:\/\/www.mormaii.com.br\/site\/wp-content\/uploads\/2018\/08\/maratona-internacional-de-floripa-150x150.jpg",150,150,true],"medium":["https:\/\/www.mormaii.com.br\/site\/wp-content\/uploads\/2018\/08\/maratona-internacional-de-floripa-300x166.jpg",300,166,true],"medium_large":["https:\/\/www.mormaii.com.br\/site\/wp-content\/uploads\/2018\/08\/maratona-internacional-de-floripa-768x424.jpg",768,424,true],"large":["https:\/\/www.mormaii.com.br\/site\/wp-content\/uploads\/2018\/08\/maratona-internacional-de-floripa-1024x565.jpg",1024,565,true],"1536x1536":["https:\/\/www.mormaii.com.br\/site\/wp-content\/uploads\/2018\/08\/maratona-internacional-de-floripa.jpg",1080,596,false],"2048x2048":["https:\/\/www.mormaii.com.br\/site\/wp-content\/uploads\/2018\/08\/maratona-internacional-de-floripa.jpg",1080,596,false],"qi_addons_for_elementor_image_size_square":["https:\/\/www.mormaii.com.br\/site\/wp-content\/uploads\/2018\/08\/maratona-internacional-de-floripa.jpg",650,359,false],"qi_addons_for_elementor_image_size_landscape":["https:\/\/www.mormaii.com.br\/site\/wp-content\/uploads\/2018\/08\/maratona-internacional-de-floripa.jpg",1080,596,false],"qi_addons_for_elementor_image_size_portrait":["https:\/\/www.mormaii.com.br\/site\/wp-content\/uploads\/2018\/08\/maratona-internacional-de-floripa.jpg",650,359,false],"qi_addons_for_elementor_image_size_huge-square":["https:\/\/www.mormaii.com.br\/site\/wp-content\/uploads\/2018\/08\/maratona-internacional-de-floripa.jpg",1080,596,false]},"uagb_author_info":{"display_name":"Tissot","author_link":"https:\/\/www.mormaii.com.br\/site\/author\/fabiano\/"},"uagb_comment_info":0,"uagb_excerpt":"Maratona Internacional de Floripa A segunda edi\u00e7\u00e3o da Maratona Internacional de Floripa, realizada neste domingo, teve os mesmos campe\u00f5es em rela\u00e7\u00e3o ao ano passado. No masculino, o paranaense Alessandro dos Santos completou os 42km com o tempo de 2h24min34seg. No feminino, a primeira coloca\u00e7\u00e3o ficou de novo com a catarinense Ana Claudia Rodrigues, que cruzou&hellip;","_links":{"self":[{"href":"https:\/\/www.mormaii.com.br\/site\/wp-json\/wp\/v2\/posts\/10495"}],"collection":[{"href":"https:\/\/www.mormaii.com.br\/site\/wp-json\/wp\/v2\/posts"}],"about":[{"href":"https:\/\/www.mormaii.com.br\/site\/wp-json\/wp\/v2\/types\/post"}],"author":[{"embeddable":true,"href":"https:\/\/www.mormaii.com.br\/site\/wp-json\/wp\/v2\/users\/5"}],"replies":[{"embeddable":true,"href":"https:\/\/www.mormaii.com.br\/site\/wp-json\/wp\/v2\/comments?post=10495"}],"version-history":[{"count":1,"href":"https:\/\/www.mormaii.com.br\/site\/wp-json\/wp\/v2\/posts\/10495\/revisions"}],"predecessor-version":[{"id":10497,"href":"https:\/\/www.mormaii.com.br\/site\/wp-json\/wp\/v2\/posts\/10495\/revisions\/10497"}],"wp:featuredmedia":[{"embeddable":true,"href":"https:\/\/www.mormaii.com.br\/site\/wp-json\/wp\/v2\/media\/10496"}],"wp:attachment":[{"href":"https:\/\/www.mormaii.com.br\/site\/wp-json\/wp\/v2\/media?parent=10495"}],"wp:term":[{"taxonomy":"category","embeddable":true,"href":"https:\/\/www.mormaii.com.br\/site\/wp-json\/wp\/v2\/categories?post=10495"},{"taxonomy":"post_tag","embeddable":true,"href":"https:\/\/www.mormaii.com.br\/site\/wp-json\/wp\/v2\/tags?post=10495"}],"curies":[{"name":"wp","href":"https:\/\/api.w.org\/{rel}","templated":true}]}}