{"id":10586,"date":"2018-09-25T00:24:42","date_gmt":"2018-09-25T03:24:42","guid":{"rendered":"https:\/\/www.mormaii.com.br\/site\/?p=10586"},"modified":"2022-06-10T10:20:55","modified_gmt":"2022-06-10T13:20:55","slug":"ironman-70-3-rio-de-janeiro","status":"publish","type":"post","link":"https:\/\/www.mormaii.com.br\/site\/ironman-70-3-rio-de-janeiro\/","title":{"rendered":"O mundo de olho no IRONMAN 70.3 Rio de Janeiro"},"content":{"rendered":"<p><img loading=\"lazy\" decoding=\"async\" class=\"alignnone size-full wp-image-10589\" src=\"https:\/\/www.mormaii.com.br\/site\/wp-content\/uploads\/2019\/09\/BANNERS_IROMAN70mormaii.jpg\" alt=\"\" width=\"700\" height=\"400\" srcset=\"https:\/\/www.mormaii.com.br\/site\/wp-content\/uploads\/2019\/09\/BANNERS_IROMAN70mormaii.jpg 700w, https:\/\/www.mormaii.com.br\/site\/wp-content\/uploads\/2019\/09\/BANNERS_IROMAN70mormaii-300x171.jpg 300w, https:\/\/www.mormaii.com.br\/site\/wp-content\/uploads\/2019\/09\/BANNERS_IROMAN70mormaii-600x343.jpg 600w\" sizes=\"(max-width: 700px) 100vw, 700px\" \/><\/p>\n<h3>IRONMAN 70.3 Rio de Janeiro<\/h3>\n<p>O IRONMAN 70.3 Rio de Janeiro acontecer\u00e1 dia 30 de setembro no Recreio dos Bandeirantes, pelo quarto ano consecutivo, reunindo atletas da Elite e Faixa Et\u00e1ria em uma das provas mais famosas do circuito mundial.<\/p>\n<p>Triatletas de 30 pa\u00edses estar\u00e3o em busca de uma das 32 vagas para a etapa do Mundial que ser\u00e1 realizada em Nice, Fran\u00e7a.<\/p>\n<p>A novidade deste ano \u00e9 que os profissionais tamb\u00e9m disputam as vagas para o Mundial, al\u00e9m da premia\u00e7\u00e3o de US$ 25 mil.<\/p>\n<h3>Hegemonia brasileira<\/h3>\n<p>O IRONMAN 70.3 Rio de Janeiro, uma das provas mais belas do calend\u00e1rio, completar\u00e1 sua quarta edi\u00e7\u00e3o e nesse per\u00edodo, os brasileiros dominaram a Elite e n\u00e3o deram chance aos estrangeiros.<\/p>\n<p>No ano passado, Paulo Roberto Maciel e Pamella Oliveira, que conquistou o quarto lugar no Mundial da \u00c1frica do Sul deste ano, foram os vencedores.<\/p>\n<h3>Faixa Et\u00e1ria<\/h3>\n<p>Outro ponto forte \u00e9 a disputa da Faixa Et\u00e1ria.\u00a0O sucesso \u00e9 tanto que a competi\u00e7\u00e3o encerrou as inscri\u00e7\u00f5es antes do prazo em todas as edi\u00e7\u00f5es, sempre com boa representatividade e mostrando a for\u00e7a que a cidade tem no circuito internacional.<\/p>\n<p>Em 2017 foram 30 pa\u00edses presentes, numa grande festa internacional, n\u00famero que se repetir\u00e1 em 2018.<\/p>\n<p>\u00cdndia, Tail\u00e2ndia, Armenia e Israel ser\u00e3o as novidades entre as na\u00e7\u00f5es presentes no Rio de Janeiro.<\/p>\n<p>A programa\u00e7\u00e3o oficial come\u00e7ar\u00e1 no dia 27 com a abertura da EXPO, que contar\u00e1 com a presen\u00e7a marcante da Mormaii, e in\u00edcio da entrega de kits, no Hotel Atl\u00e2ntico Sul.<\/p>\n<p>No domingo, dia 30, a programa\u00e7\u00e3o de largada, em ondas, ter\u00e1 in\u00edcio \u00e0s 6h30 com a largada da Elite masculino, ficando o feminino para a 6h35.<\/p>\n<p>A largada dos atletas amadores ser\u00e1 a partir das 6h45.<\/p>\n<h3>V\u00eddeo de 2017<\/h3>\n<p><iframe loading=\"lazy\" src=\"https:\/\/www.youtube.com\/embed\/TO2aj3EmeDk\" width=\"700\" height=\"400\" frameborder=\"0\" allowfullscreen=\"allowfullscreen\"><\/iframe><\/p>\n<p style=\"text-align: center;\"><em>Assista ao v\u00eddeo de 2017 e entre no clima<\/em><\/p>\n<h3>Resultados de 2017 \u2013 Elite<\/h3>\n<h4>Masculino<\/h4>\n<p>1) Paulo Roberto Maciel da Silva (BRA), 3h54min59seg<\/p>\n<p>2) Fl\u00e1vio Queiroga (BRA), 3h56min10seg<\/p>\n<p>3) Luiz Francisco Paiva Ferreira (BRA), 3h56min48seg<\/p>\n<h4>Feminino<\/h4>\n<p>1) Pamella Oliveira (BRA), 4h23min49seg<\/p>\n<p>2) Romina Pal\u00e1cio (ARG), 4h31min10seg<\/p>\n<p>3) Mariana Borges (BRA), 4h32min46seg<\/p>\n<h4>Campe\u00f5es<\/h4>\n<p>2017 \u2013 Paulo Roberto Maciel (BRA)\/Pamella Oliveira (BRA)<\/p>\n<p>2016 \u2013 Reinaldo Colucci (BRA)\/Luisa Baptista (BRA)<\/p>\n<p>2015 \u2013 Santiago Ascen\u00e7o (BRA)\/Mariana Borges (BRA)<\/p>\n<p><img loading=\"lazy\" decoding=\"async\" class=\"alignnone size-full wp-image-10590\" src=\"https:\/\/www.mormaii.com.br\/site\/wp-content\/uploads\/2019\/09\/GRADE_IRONMAN70mormaii.jpg\" alt=\"\" width=\"700\" height=\"400\" srcset=\"https:\/\/www.mormaii.com.br\/site\/wp-content\/uploads\/2019\/09\/GRADE_IRONMAN70mormaii.jpg 700w, https:\/\/www.mormaii.com.br\/site\/wp-content\/uploads\/2019\/09\/GRADE_IRONMAN70mormaii-300x171.jpg 300w, https:\/\/www.mormaii.com.br\/site\/wp-content\/uploads\/2019\/09\/GRADE_IRONMAN70mormaii-600x343.jpg 600w\" sizes=\"(max-width: 700px) 100vw, 700px\" \/><\/p>\n<h3>Programa\u00e7\u00e3o 2018<\/h3>\n<p>Avenida Lucio Costa 18000, Recreio dos Bandeirantes, Rio de Janeiro\/RJ.<\/p>\n<h5>27\/09- Hotel Atl\u00e2ntico Sul<\/h5>\n<p>14h \u2013 19h \u2013 EXPO IRONMAN<\/p>\n<p>14h \u2013 18h \u2013 Entrega de Kits<\/p>\n<h5>28\/09 \u2013 Hotel Atl\u00e2ntico Sul<\/h5>\n<p>9h \u2013 19h \u2013 EXPO IRONMAN<\/p>\n<p>9h \u2013 18h \u2013 Entrega de Kits<\/p>\n<p>29\/09 \u2013 Hotel Atl\u00e2ntico Sul<\/p>\n<p>9h \u2013 19h \u2013 EXPO IRONMAN<\/p>\n<p>9h \u2013 12h \u2013 Entrega de Kits<\/p>\n<p>9h \u2013 Congresso T\u00e9cnico \u2013 Portugu\u00eas**<\/p>\n<p>10h \u2013 Congresso T\u00e9cnico \u2013 Portugu\u00eas \/ ingl\u00eas**<\/p>\n<p>11h \u2013 Congresso T\u00e9cnico \u2013 Elite<\/p>\n<p>14h \u2013 19h \u2013 Bike Check-in<\/p>\n<p>14h \u2013 15h \u2013 N\u00fameros 1301 \u2013 1600<\/p>\n<p>15h01 \u2013 16h \u2013 N\u00fameros 1001 \u2013 1300<\/p>\n<p>16h01 \u2013 17h \u2013 N\u00fameros 0701 \u2013 1000<\/p>\n<p>17h01 \u2013 18h \u2013 N\u00fameros 0401 \u2013 0700<\/p>\n<p>18h01 \u2013 19h \u2013 N\u00fameros 0001 \u2013 0400<\/p>\n<h5>30\/09 \u2013 Hotel Atl\u00e2ntico Sul<\/h5>\n<p>8h \u2013 20h \u2013 EXPO IRONMAN<\/p>\n<p>5h -6h25 \u2013 Acesso dos Atletas \u00e0 \u00c1rea de Transi\u00e7\u00e3o<\/p>\n<p>6h30 \u2013 Largada Elite Masculina (touca branca)<\/p>\n<p>6h35 \u2013 Largada Elite Feminina (touca branca)<\/p>\n<p>6h45 \u2013 7h20 \u2013 Largada Faixa Et\u00e1ria em ondas<\/p>\n<p>6h45 \u2013 (azul) M 35-39 (metade) \/ M 50-54<\/p>\n<p>6h52 \u2013 (vermelho) M 18-24 \/ M 40-44 (metade) \/ M 55+<\/p>\n<p>6h59 \u2013 (preto) M 30-34 (metade) \/ M 45-49 (metade)<\/p>\n<p>7h06 \u2013 (verde) M 25-29 \/ M 35-39 (metade)<\/p>\n<p>7h13 \u2013 (amarelo) M 30-34 (metade) \/ M 40-44 (metade) \/ M 45-49 (metade)<\/p>\n<p>7h20 \u2013 (pink) Todas as mulheres<\/p>\n<p>*Metade conforme n\u00famero de peito a ser informado no \u00ednicio de setembro.<\/p>\n<p>12h \u2013 Premia\u00e7\u00e3o Elite \u2013 Top 3<\/p>\n<p>13h \u2013 16h \u2013 Bike Check-Out<\/p>\n<p>13h \u2013 16h \u2013 Achados e Perdidos<\/p>\n<p>19h \u2013 Premia\u00e7\u00e3o Elite Top 6 e Faixa Et\u00e1ria<\/p>\n<p>20h \u2013 Distribui\u00e7\u00e3o de Vagas IRONMAN 70.3 World Championship 2019<\/p>\n<p>* Programa\u00e7\u00e3o sujeita \u00e0 altera\u00e7\u00e3o sem aviso pr\u00e9vio.<\/p>\n<p>** Apenas os atletas ter\u00e3o acesso ao Congresso. Haver\u00e1 transmiss\u00e3o online pelo Facebook Brasil IRONMAN e o v\u00eddeo ficar\u00e1 dispon\u00edvel no Youtube. \u00c9 obrigat\u00f3rio a todos os atletas assisti-lo presencialmente ou online.<\/p>\n<h3>Organiza\u00e7\u00e3o<\/h3>\n<p>O CAIXA IRONMAN 70.3 Rio de Janeiro \u00e9 organizado pela Unlimited Sports e realizado pela Associa\u00e7\u00e3o Brasileira Esportiva Social e Cultural Endurance (ABEE). Conta com o patroc\u00ednio de CAIXA e apoio do Governo do Estado do Rio de Janeiro, Mormaii, AquaSphere, Shimano, Localiza, Trisport, Verde Campo, Red Bull, Care Club, Trek, Pedialyte PRO, Tenys P\u00e9 Baruel, Nescafe Dolce Gusto, GU e Flows.<\/p>\n<p><a href=\"https:\/\/www.mormaiishop.com.br\/triathlon\" target=\"_blank\" rel=\"noopener\"><img loading=\"lazy\" decoding=\"async\" class=\"alignnone wp-image-10591 size-full\" src=\"https:\/\/www.mormaii.com.br\/site\/wp-content\/uploads\/2019\/09\/BANNERS_IROMAN70mormaii_.jpg\" alt=\"\" width=\"700\" height=\"213\" srcset=\"https:\/\/www.mormaii.com.br\/site\/wp-content\/uploads\/2019\/09\/BANNERS_IROMAN70mormaii_.jpg 700w, https:\/\/www.mormaii.com.br\/site\/wp-content\/uploads\/2019\/09\/BANNERS_IROMAN70mormaii_-300x91.jpg 300w, https:\/\/www.mormaii.com.br\/site\/wp-content\/uploads\/2019\/09\/BANNERS_IROMAN70mormaii_-600x183.jpg 600w\" sizes=\"(max-width: 700px) 100vw, 700px\" \/><\/a><\/p>\n","protected":false},"excerpt":{"rendered":"<p>IRONMAN 70.3 Rio de Janeiro O IRONMAN 70.3 Rio de Janeiro acontecer\u00e1 dia 30 de setembro no Recreio dos Bandeirantes, pelo quarto ano consecutivo, reunindo atletas da Elite e Faixa Et\u00e1ria em uma das provas mais famosas do circuito mundial. Triatletas de 30 pa\u00edses estar\u00e3o em busca de uma das 32 vagas para a etapa [&hellip;]<\/p>\n","protected":false},"author":5,"featured_media":10589,"comment_status":"closed","ping_status":"closed","sticky":false,"template":"","format":"standard","meta":{"_uag_custom_page_level_css":"","_mi_skip_tracking":false,"footnotes":""},"categories":[40,914,7],"tags":[282,577,794,29,365,497],"class_list":["post-10586","post","type-post","status-publish","format-standard","has-post-thumbnail","hentry","category-esportes","category-mormaii","category-novidades","tag-home","tag-ironman","tag-ironman-70-3-rio-de-janeiro","tag-mormaii","tag-rio-de-janeiro","tag-triathlon"],"acf":[],"uagb_featured_image_src":{"full":["https:\/\/www.mormaii.com.br\/site\/wp-content\/uploads\/2019\/09\/BANNERS_IROMAN70mormaii.jpg",700,400,false],"thumbnail":["https:\/\/www.mormaii.com.br\/site\/wp-content\/uploads\/2019\/09\/BANNERS_IROMAN70mormaii-150x150.jpg",150,150,true],"medium":["https:\/\/www.mormaii.com.br\/site\/wp-content\/uploads\/2019\/09\/BANNERS_IROMAN70mormaii-300x171.jpg",300,171,true],"medium_large":["https:\/\/www.mormaii.com.br\/site\/wp-content\/uploads\/2019\/09\/BANNERS_IROMAN70mormaii.jpg",700,400,false],"large":["https:\/\/www.mormaii.com.br\/site\/wp-content\/uploads\/2019\/09\/BANNERS_IROMAN70mormaii.jpg",700,400,false],"1536x1536":["https:\/\/www.mormaii.com.br\/site\/wp-content\/uploads\/2019\/09\/BANNERS_IROMAN70mormaii.jpg",700,400,false],"2048x2048":["https:\/\/www.mormaii.com.br\/site\/wp-content\/uploads\/2019\/09\/BANNERS_IROMAN70mormaii.jpg",700,400,false],"qi_addons_for_elementor_image_size_square":["https:\/\/www.mormaii.com.br\/site\/wp-content\/uploads\/2019\/09\/BANNERS_IROMAN70mormaii.jpg",650,371,false],"qi_addons_for_elementor_image_size_landscape":["https:\/\/www.mormaii.com.br\/site\/wp-content\/uploads\/2019\/09\/BANNERS_IROMAN70mormaii.jpg",700,400,false],"qi_addons_for_elementor_image_size_portrait":["https:\/\/www.mormaii.com.br\/site\/wp-content\/uploads\/2019\/09\/BANNERS_IROMAN70mormaii.jpg",650,371,false],"qi_addons_for_elementor_image_size_huge-square":["https:\/\/www.mormaii.com.br\/site\/wp-content\/uploads\/2019\/09\/BANNERS_IROMAN70mormaii.jpg",700,400,false]},"uagb_author_info":{"display_name":"Tissot","author_link":"https:\/\/www.mormaii.com.br\/site\/author\/fabiano\/"},"uagb_comment_info":0,"uagb_excerpt":"IRONMAN 70.3 Rio de Janeiro O IRONMAN 70.3 Rio de Janeiro acontecer\u00e1 dia 30 de setembro no Recreio dos Bandeirantes, pelo quarto ano consecutivo, reunindo atletas da Elite e Faixa Et\u00e1ria em uma das provas mais famosas do circuito mundial. Triatletas de 30 pa\u00edses estar\u00e3o em busca de uma das 32 vagas para a etapa&hellip;","_links":{"self":[{"href":"https:\/\/www.mormaii.com.br\/site\/wp-json\/wp\/v2\/posts\/10586"}],"collection":[{"href":"https:\/\/www.mormaii.com.br\/site\/wp-json\/wp\/v2\/posts"}],"about":[{"href":"https:\/\/www.mormaii.com.br\/site\/wp-json\/wp\/v2\/types\/post"}],"author":[{"embeddable":true,"href":"https:\/\/www.mormaii.com.br\/site\/wp-json\/wp\/v2\/users\/5"}],"replies":[{"embeddable":true,"href":"https:\/\/www.mormaii.com.br\/site\/wp-json\/wp\/v2\/comments?post=10586"}],"version-history":[{"count":6,"href":"https:\/\/www.mormaii.com.br\/site\/wp-json\/wp\/v2\/posts\/10586\/revisions"}],"predecessor-version":[{"id":10595,"href":"https:\/\/www.mormaii.com.br\/site\/wp-json\/wp\/v2\/posts\/10586\/revisions\/10595"}],"wp:featuredmedia":[{"embeddable":true,"href":"https:\/\/www.mormaii.com.br\/site\/wp-json\/wp\/v2\/media\/10589"}],"wp:attachment":[{"href":"https:\/\/www.mormaii.com.br\/site\/wp-json\/wp\/v2\/media?parent=10586"}],"wp:term":[{"taxonomy":"category","embeddable":true,"href":"https:\/\/www.mormaii.com.br\/site\/wp-json\/wp\/v2\/categories?post=10586"},{"taxonomy":"post_tag","embeddable":true,"href":"https:\/\/www.mormaii.com.br\/site\/wp-json\/wp\/v2\/tags?post=10586"}],"curies":[{"name":"wp","href":"https:\/\/api.w.org\/{rel}","templated":true}]}}