{"id":10697,"date":"2018-09-21T00:17:54","date_gmt":"2018-09-21T03:17:54","guid":{"rendered":"https:\/\/www.mormaii.com.br\/site\/?p=10697"},"modified":"2022-06-10T10:41:32","modified_gmt":"2022-06-10T13:41:32","slug":"rei-e-rainha-do-mar-salvador","status":"publish","type":"post","link":"https:\/\/www.mormaii.com.br\/site\/rei-e-rainha-do-mar-salvador\/","title":{"rendered":"Calor e alegria no Rei e Rainha do Mar Salvador"},"content":{"rendered":"<h3><img loading=\"lazy\" decoding=\"async\" class=\"alignnone size-full wp-image-10702\" src=\"https:\/\/www.mormaii.com.br\/site\/wp-content\/uploads\/2018\/09\/rei-rainha-do-mar-mormaii-4.jpg\" alt=\"\" width=\"1280\" height=\"853\" srcset=\"https:\/\/www.mormaii.com.br\/site\/wp-content\/uploads\/2018\/09\/rei-rainha-do-mar-mormaii-4.jpg 1280w, https:\/\/www.mormaii.com.br\/site\/wp-content\/uploads\/2018\/09\/rei-rainha-do-mar-mormaii-4-300x200.jpg 300w, https:\/\/www.mormaii.com.br\/site\/wp-content\/uploads\/2018\/09\/rei-rainha-do-mar-mormaii-4-768x512.jpg 768w, https:\/\/www.mormaii.com.br\/site\/wp-content\/uploads\/2018\/09\/rei-rainha-do-mar-mormaii-4-1024x682.jpg 1024w, https:\/\/www.mormaii.com.br\/site\/wp-content\/uploads\/2018\/09\/rei-rainha-do-mar-mormaii-4-1170x780.jpg 1170w, https:\/\/www.mormaii.com.br\/site\/wp-content\/uploads\/2018\/09\/rei-rainha-do-mar-mormaii-4-600x400.jpg 600w\" sizes=\"(max-width: 1280px) 100vw, 1280px\" \/><\/h3>\n<p>Se Allan do Carmo estava na China, competindo pela Copa do Mundo, o evento Rei e Rainha do Mar, que aconteceu nesse domingo, 15 de setembro, serviu para refor\u00e7ar os novos talentos da maratona aqu\u00e1tica da Bahia.<\/p>\n<p>Na prova principal, de 4 km \u2013 chamada de \u2018Challenge\u2019 \u2013 a categoria masculina foi vencida por Lucca Piloto, de 15 anos, do clube Arcanjo D\u2019\u00c1gua.<\/p>\n<p>Na feminina, a campe\u00e3 foi Aricia P\u00e9re\u00e9, de 16 anos, da ACEB,\u00a0uma promessa da maratona aqu\u00e1tica brasileira que acabou de retornar de Israel, onde disputou do Mundial J\u00fanior da modalidade.<\/p>\n<p><img loading=\"lazy\" decoding=\"async\" class=\"alignnone size-full wp-image-10701\" src=\"https:\/\/www.mormaii.com.br\/site\/wp-content\/uploads\/2018\/09\/rei-rainha-do-mar-mormaii-5.jpg\" alt=\"\" width=\"1280\" height=\"853\" srcset=\"https:\/\/www.mormaii.com.br\/site\/wp-content\/uploads\/2018\/09\/rei-rainha-do-mar-mormaii-5.jpg 1280w, https:\/\/www.mormaii.com.br\/site\/wp-content\/uploads\/2018\/09\/rei-rainha-do-mar-mormaii-5-300x200.jpg 300w, https:\/\/www.mormaii.com.br\/site\/wp-content\/uploads\/2018\/09\/rei-rainha-do-mar-mormaii-5-768x512.jpg 768w, https:\/\/www.mormaii.com.br\/site\/wp-content\/uploads\/2018\/09\/rei-rainha-do-mar-mormaii-5-1024x682.jpg 1024w, https:\/\/www.mormaii.com.br\/site\/wp-content\/uploads\/2018\/09\/rei-rainha-do-mar-mormaii-5-1170x780.jpg 1170w, https:\/\/www.mormaii.com.br\/site\/wp-content\/uploads\/2018\/09\/rei-rainha-do-mar-mormaii-5-600x400.jpg 600w\" sizes=\"(max-width: 1280px) 100vw, 1280px\" \/><\/p>\n<p>Foi a primeira participa\u00e7\u00e3o dela no Circuito Rei e Rainha do Mar. A nadadora vem de uma trajet\u00f3ria e tanto: s\u00f3 come\u00e7ou a nadar maratonas aqu\u00e1ticas neste ano, disputando as etapas do Baiano.<\/p>\n<p>\u201cNado desde os oito anos e vinha fazendo muitas provas de piscina, mas sempre tive medo do mar. Meu treinador Rog\u00e9rio Arapiraca (t\u00e9cnico de Allan do Carmo) \u00e9 muito experiente nesse meio e viu que eu tinha perfil de maratonista. Fui pouco a pouco come\u00e7ando e agora estou apaixonada pelo mar\u201d, conta.<\/p>\n<p><img loading=\"lazy\" decoding=\"async\" class=\"alignnone size-full wp-image-10699\" src=\"https:\/\/www.mormaii.com.br\/site\/wp-content\/uploads\/2018\/09\/rei-rainha-do-mar-mormaii-7.jpg\" alt=\"\" width=\"1280\" height=\"853\" srcset=\"https:\/\/www.mormaii.com.br\/site\/wp-content\/uploads\/2018\/09\/rei-rainha-do-mar-mormaii-7.jpg 1280w, https:\/\/www.mormaii.com.br\/site\/wp-content\/uploads\/2018\/09\/rei-rainha-do-mar-mormaii-7-300x200.jpg 300w, https:\/\/www.mormaii.com.br\/site\/wp-content\/uploads\/2018\/09\/rei-rainha-do-mar-mormaii-7-768x512.jpg 768w, https:\/\/www.mormaii.com.br\/site\/wp-content\/uploads\/2018\/09\/rei-rainha-do-mar-mormaii-7-1024x682.jpg 1024w, https:\/\/www.mormaii.com.br\/site\/wp-content\/uploads\/2018\/09\/rei-rainha-do-mar-mormaii-7-1170x780.jpg 1170w, https:\/\/www.mormaii.com.br\/site\/wp-content\/uploads\/2018\/09\/rei-rainha-do-mar-mormaii-7-600x400.jpg 600w\" sizes=\"(max-width: 1280px) 100vw, 1280px\" \/><\/p>\n<p>Foi a primeira vez tamb\u00e9m de Lucca Piloto no Rei e Rainha do Mar. O soteropolitano tamb\u00e9m era especialista em provas de fundo de piscina e passou a concorrer em maratonas no ano retrasado.<\/p>\n<p>\u201cAgora minha especialidade s\u00e3o as maratonas. No ano passado, fiquei em quarto lugar da minha categoria (at\u00e9 16 anos) do Brasileiro. Neste ano estou disputando de novo\u201d, conta Lucca, que pratica nata\u00e7\u00e3o desde os 9 anos.<\/p>\n<p><img loading=\"lazy\" decoding=\"async\" class=\"alignnone size-full wp-image-10698\" src=\"https:\/\/www.mormaii.com.br\/site\/wp-content\/uploads\/2018\/09\/rei-rainha-do-mar-mormaii-8.jpg\" alt=\"\" width=\"1280\" height=\"853\" srcset=\"https:\/\/www.mormaii.com.br\/site\/wp-content\/uploads\/2018\/09\/rei-rainha-do-mar-mormaii-8.jpg 1280w, https:\/\/www.mormaii.com.br\/site\/wp-content\/uploads\/2018\/09\/rei-rainha-do-mar-mormaii-8-300x200.jpg 300w, https:\/\/www.mormaii.com.br\/site\/wp-content\/uploads\/2018\/09\/rei-rainha-do-mar-mormaii-8-768x512.jpg 768w, https:\/\/www.mormaii.com.br\/site\/wp-content\/uploads\/2018\/09\/rei-rainha-do-mar-mormaii-8-1024x682.jpg 1024w, https:\/\/www.mormaii.com.br\/site\/wp-content\/uploads\/2018\/09\/rei-rainha-do-mar-mormaii-8-1170x780.jpg 1170w, https:\/\/www.mormaii.com.br\/site\/wp-content\/uploads\/2018\/09\/rei-rainha-do-mar-mormaii-8-600x400.jpg 600w\" sizes=\"(max-width: 1280px) 100vw, 1280px\" \/><\/p>\n<p>O primeiro lugar geral no Rei e Rainha do Mar foi o primeiro da carreira ainda curta de Lucca.<\/p>\n<p>\u201cVai ficar marcado na minha mem\u00f3ria, com certeza. Achei muito legal, mas n\u00e3o gostei muito da volta na areia, n\u00e3o, foi bem cansativa\u201d, brinca. \u201cMas me diverti muito, \u00e9 uma estrutura diferente de qualquer outra\u201d.<\/p>\n<p><img loading=\"lazy\" decoding=\"async\" class=\"alignnone size-full wp-image-10705\" src=\"https:\/\/www.mormaii.com.br\/site\/wp-content\/uploads\/2018\/09\/rei-rainha-do-mar-mormaii-1.jpg\" alt=\"\" width=\"960\" height=\"640\" srcset=\"https:\/\/www.mormaii.com.br\/site\/wp-content\/uploads\/2018\/09\/rei-rainha-do-mar-mormaii-1.jpg 960w, https:\/\/www.mormaii.com.br\/site\/wp-content\/uploads\/2018\/09\/rei-rainha-do-mar-mormaii-1-300x200.jpg 300w, https:\/\/www.mormaii.com.br\/site\/wp-content\/uploads\/2018\/09\/rei-rainha-do-mar-mormaii-1-768x512.jpg 768w, https:\/\/www.mormaii.com.br\/site\/wp-content\/uploads\/2018\/09\/rei-rainha-do-mar-mormaii-1-600x400.jpg 600w\" sizes=\"(max-width: 960px) 100vw, 960px\" \/><\/p>\n<p>Aricia concordou: \u201cNunca tinha visto estrutura como a daqui. O mais dif\u00edcil foi correr na areia, cansa demais. Depois, quando voc\u00ea volta pra \u00e1gua, voc\u00ea volta destru\u00eddo\u201d, conta a nadadora.<\/p>\n<p><img loading=\"lazy\" decoding=\"async\" class=\"alignnone size-full wp-image-10700\" src=\"https:\/\/www.mormaii.com.br\/site\/wp-content\/uploads\/2018\/09\/rei-rainha-do-mar-mormaii-6.jpg\" alt=\"\" width=\"1280\" height=\"853\" srcset=\"https:\/\/www.mormaii.com.br\/site\/wp-content\/uploads\/2018\/09\/rei-rainha-do-mar-mormaii-6.jpg 1280w, https:\/\/www.mormaii.com.br\/site\/wp-content\/uploads\/2018\/09\/rei-rainha-do-mar-mormaii-6-300x200.jpg 300w, https:\/\/www.mormaii.com.br\/site\/wp-content\/uploads\/2018\/09\/rei-rainha-do-mar-mormaii-6-768x512.jpg 768w, https:\/\/www.mormaii.com.br\/site\/wp-content\/uploads\/2018\/09\/rei-rainha-do-mar-mormaii-6-1024x682.jpg 1024w, https:\/\/www.mormaii.com.br\/site\/wp-content\/uploads\/2018\/09\/rei-rainha-do-mar-mormaii-6-1170x780.jpg 1170w, https:\/\/www.mormaii.com.br\/site\/wp-content\/uploads\/2018\/09\/rei-rainha-do-mar-mormaii-6-600x400.jpg 600w\" sizes=\"(max-width: 1280px) 100vw, 1280px\" \/><\/p>\n<p>O Rei e Rainha do Mar ainda teve provas de biathlon (corrida e nado), corrida na areia e stand-up paddle, tanto para adultos como para crian\u00e7as, na alegre e divertida categoria kids.<\/p>\n<p><a href=\"https:\/\/www.mormaiishop.com.br\/\"><img loading=\"lazy\" decoding=\"async\" class=\"alignnone wp-image-10597 size-full\" src=\"https:\/\/www.mormaii.com.br\/site\/wp-content\/uploads\/2018\/08\/BANNERS_RRMARsalvador_topoOFICIALequipamentos.png\" alt=\"\" width=\"1921\" height=\"583\" srcset=\"https:\/\/www.mormaii.com.br\/site\/wp-content\/uploads\/2018\/08\/BANNERS_RRMARsalvador_topoOFICIALequipamentos.png 1921w, https:\/\/www.mormaii.com.br\/site\/wp-content\/uploads\/2018\/08\/BANNERS_RRMARsalvador_topoOFICIALequipamentos-300x91.png 300w, https:\/\/www.mormaii.com.br\/site\/wp-content\/uploads\/2018\/08\/BANNERS_RRMARsalvador_topoOFICIALequipamentos-768x233.png 768w, https:\/\/www.mormaii.com.br\/site\/wp-content\/uploads\/2018\/08\/BANNERS_RRMARsalvador_topoOFICIALequipamentos-1024x311.png 1024w, https:\/\/www.mormaii.com.br\/site\/wp-content\/uploads\/2018\/08\/BANNERS_RRMARsalvador_topoOFICIALequipamentos-1920x583.png 1920w, https:\/\/www.mormaii.com.br\/site\/wp-content\/uploads\/2018\/08\/BANNERS_RRMARsalvador_topoOFICIALequipamentos-600x182.png 600w\" sizes=\"(max-width: 1921px) 100vw, 1921px\" \/><\/a><\/p>\n","protected":false},"excerpt":{"rendered":"<p>Se Allan do Carmo estava na China, competindo pela Copa do Mundo, o evento Rei e Rainha do Mar, que aconteceu nesse domingo, 15 de setembro, serviu para refor\u00e7ar os novos talentos da maratona aqu\u00e1tica da Bahia. Na prova principal, de 4 km \u2013 chamada de \u2018Challenge\u2019 \u2013 a categoria masculina foi vencida por Lucca [&hellip;]<\/p>\n","protected":false},"author":5,"featured_media":10699,"comment_status":"closed","ping_status":"closed","sticky":false,"template":"","format":"standard","meta":{"_uag_custom_page_level_css":"","_mi_skip_tracking":false,"footnotes":""},"categories":[40,914,7],"tags":[799,282,29,452,779],"class_list":["post-10697","post","type-post","status-publish","format-standard","has-post-thumbnail","hentry","category-esportes","category-mormaii","category-novidades","tag-bahia","tag-home","tag-mormaii","tag-rei-rainha-mar","tag-salvador"],"acf":[],"uagb_featured_image_src":{"full":["https:\/\/www.mormaii.com.br\/site\/wp-content\/uploads\/2018\/09\/rei-rainha-do-mar-mormaii-7.jpg",1280,853,false],"thumbnail":["https:\/\/www.mormaii.com.br\/site\/wp-content\/uploads\/2018\/09\/rei-rainha-do-mar-mormaii-7-150x150.jpg",150,150,true],"medium":["https:\/\/www.mormaii.com.br\/site\/wp-content\/uploads\/2018\/09\/rei-rainha-do-mar-mormaii-7-300x200.jpg",300,200,true],"medium_large":["https:\/\/www.mormaii.com.br\/site\/wp-content\/uploads\/2018\/09\/rei-rainha-do-mar-mormaii-7-768x512.jpg",768,512,true],"large":["https:\/\/www.mormaii.com.br\/site\/wp-content\/uploads\/2018\/09\/rei-rainha-do-mar-mormaii-7-1024x682.jpg",1024,682,true],"1536x1536":["https:\/\/www.mormaii.com.br\/site\/wp-content\/uploads\/2018\/09\/rei-rainha-do-mar-mormaii-7.jpg",1280,853,false],"2048x2048":["https:\/\/www.mormaii.com.br\/site\/wp-content\/uploads\/2018\/09\/rei-rainha-do-mar-mormaii-7.jpg",1280,853,false],"qi_addons_for_elementor_image_size_square":["https:\/\/www.mormaii.com.br\/site\/wp-content\/uploads\/2018\/09\/rei-rainha-do-mar-mormaii-7.jpg",650,433,false],"qi_addons_for_elementor_image_size_landscape":["https:\/\/www.mormaii.com.br\/site\/wp-content\/uploads\/2018\/09\/rei-rainha-do-mar-mormaii-7.jpg",975,650,false],"qi_addons_for_elementor_image_size_portrait":["https:\/\/www.mormaii.com.br\/site\/wp-content\/uploads\/2018\/09\/rei-rainha-do-mar-mormaii-7.jpg",650,433,false],"qi_addons_for_elementor_image_size_huge-square":["https:\/\/www.mormaii.com.br\/site\/wp-content\/uploads\/2018\/09\/rei-rainha-do-mar-mormaii-7.jpg",1280,853,false]},"uagb_author_info":{"display_name":"Tissot","author_link":"https:\/\/www.mormaii.com.br\/site\/author\/fabiano\/"},"uagb_comment_info":0,"uagb_excerpt":"Se Allan do Carmo estava na China, competindo pela Copa do Mundo, o evento Rei e Rainha do Mar, que aconteceu nesse domingo, 15 de setembro, serviu para refor\u00e7ar os novos talentos da maratona aqu\u00e1tica da Bahia. Na prova principal, de 4 km \u2013 chamada de \u2018Challenge\u2019 \u2013 a categoria masculina foi vencida por Lucca&hellip;","_links":{"self":[{"href":"https:\/\/www.mormaii.com.br\/site\/wp-json\/wp\/v2\/posts\/10697"}],"collection":[{"href":"https:\/\/www.mormaii.com.br\/site\/wp-json\/wp\/v2\/posts"}],"about":[{"href":"https:\/\/www.mormaii.com.br\/site\/wp-json\/wp\/v2\/types\/post"}],"author":[{"embeddable":true,"href":"https:\/\/www.mormaii.com.br\/site\/wp-json\/wp\/v2\/users\/5"}],"replies":[{"embeddable":true,"href":"https:\/\/www.mormaii.com.br\/site\/wp-json\/wp\/v2\/comments?post=10697"}],"version-history":[{"count":4,"href":"https:\/\/www.mormaii.com.br\/site\/wp-json\/wp\/v2\/posts\/10697\/revisions"}],"predecessor-version":[{"id":10709,"href":"https:\/\/www.mormaii.com.br\/site\/wp-json\/wp\/v2\/posts\/10697\/revisions\/10709"}],"wp:featuredmedia":[{"embeddable":true,"href":"https:\/\/www.mormaii.com.br\/site\/wp-json\/wp\/v2\/media\/10699"}],"wp:attachment":[{"href":"https:\/\/www.mormaii.com.br\/site\/wp-json\/wp\/v2\/media?parent=10697"}],"wp:term":[{"taxonomy":"category","embeddable":true,"href":"https:\/\/www.mormaii.com.br\/site\/wp-json\/wp\/v2\/categories?post=10697"},{"taxonomy":"post_tag","embeddable":true,"href":"https:\/\/www.mormaii.com.br\/site\/wp-json\/wp\/v2\/tags?post=10697"}],"curies":[{"name":"wp","href":"https:\/\/api.w.org\/{rel}","templated":true}]}}