{"id":1074,"date":"2016-04-04T13:33:38","date_gmt":"2016-04-04T13:33:38","guid":{"rendered":"http:\/\/www.mormaii.com.br\/site\/?p=1074"},"modified":"2022-06-10T10:37:59","modified_gmt":"2022-06-10T13:37:59","slug":"noticiasconfirmado-allan-do-carmo-e-campeao-mundial","status":"publish","type":"post","link":"https:\/\/www.mormaii.com.br\/site\/noticiasconfirmado-allan-do-carmo-e-campeao-mundial\/","title":{"rendered":"Confirmado: Allan do Carmo \u00e9 Campe\u00e3o Mundial"},"content":{"rendered":"<p><\/p>\n<div id=\"attachment_52067\" class=\"wp-caption aligncenter\"><img loading=\"lazy\" decoding=\"async\" data-fr-image-pasted=\"true\" class=\"size-full wp-image-52067 fr-fin\" title=\"Sorriso da vit\u00f3ria | Foto: Divulga\u00e7\u00e3o Mormaii\" src=\"http:\/\/images.mormaii.com.br\/wp-content\/uploads\/allan-mormaii2.jpg\" alt=\"Sorriso da vit\u00f3ria | Foto: Divulga\u00e7\u00e3o Mormaii\" width=\"600\" height=\"400\"><\/p>\n<p class=\"wp-caption-text\">&nbsp; &nbsp; &nbsp; &nbsp; &nbsp; &nbsp; &nbsp; &nbsp; &nbsp; &nbsp;Sorriso da vit\u00f3ria | Foto: Divulga\u00e7\u00e3o Mormaii<\/p>\n<\/div>\n<p>O que j\u00e1 estava matematicamente garantido, h\u00e1 uma semana, foi confirmado na \u00faltima etapa do ano da Copa do Mundo de Maratonas Aqu\u00e1ticas, realizada ontem, em Hong Kong.<\/p>\n<p><a href=\"http:\/\/www.mormaii.com.br\/tag\/allan-do-carmo\/\" target=\"_blank\" rel=\"noopener\">Allan do Carmo<\/a>&nbsp;chegou em segundo e garantiu a coroa in\u00e9dita de Campe\u00e3o Mundial de Maratonas Aqu\u00e1ticas para o Brasil.<\/p>\n<p>Matematicamente, o baiano j\u00e1 havia conquistado o t\u00edtulo ao vencer a pen\u00faltima prova do ano, realizada dia 12 de outubro, na China.<\/p>\n<p>Por\u00e9m, pelo regulamento da Federa\u00e7\u00e3o Internacional de Nata\u00e7\u00e3o (FINA), ele ainda precisava entrar na \u00e1gua para disputar a \u00faltima competi\u00e7\u00e3o do calend\u00e1rio.<\/p>\n<p>N\u00e3o apenas entrou na \u00e1gua, como conseguiu outro excelente resultado.<\/p>\n<p>O evento aconteceu em Hong Kong e teve in\u00edcio \u00e0s 22h dessa sexta-feira (17\/10 \u2013 hor\u00e1rio de Bras\u00edlia), o que corresponde \u00e0s 9h da manh\u00e3 de s\u00e1bado no hor\u00e1rio local.<\/p>\n<p>Allan nadou forte, imprimiu seu ritmo e garantiu a vice-lideran\u00e7a para n\u00e3o deixar d\u00favida alguma em rela\u00e7\u00e3o ao seu comprometimento e vontade de vencer!<\/p>\n<p>O t\u00edtulo, in\u00e9dito para a nata\u00e7\u00e3o brasileira, ainda pode ser agraciado com outro grande reconhecimento, pois o Baiano foi indicado pela Federa\u00e7\u00e3o Internacional de Nata\u00e7\u00e3o (FINA) ao pr\u00eamio de melhor nadador de \u00e1guas abertas em 2014.<\/p>\n<p>Essa \u00e9 a primeira vez que um atleta do pa\u00eds concorre nessa categoria, onde o vencedor ser\u00e1 definido em uma vota\u00e7\u00e3o que envolve dirigentes, confedera\u00e7\u00f5es nacionais e jornalistas especializados.<\/p>\n<p>Parab\u00e9ns Allan do Carmo, Campe\u00e3o Mundial de Maratonas Aqu\u00e1ticas 2014.<\/p>\n<div id=\"attachment_52068\" class=\"wp-caption aligncenter\"><img loading=\"lazy\" decoding=\"async\" data-fr-image-pasted=\"true\" src=\"http:\/\/images.mormaii.com.br\/wp-content\/uploads\/allan-mormaii-2.jpg\" alt=\"Rumo ao Rio 2016 | Foto: S\u00e1tiro Sodr\u00e9 \/ SSPress\" title=\"Rumo ao Rio 2016 | Foto: S\u00e1tiro Sodr\u00e9 \/ SSPress\" width=\"600\" height=\"400\" class=\"size-full wp-image-52068 fr-fin\"><\/p>\n<p class=\"wp-caption-text\">&nbsp; &nbsp; &nbsp; &nbsp; &nbsp; &nbsp; &nbsp; &nbsp; &nbsp; &nbsp;Rumo ao Rio 2016 | Foto: S\u00e1tiro Sodr\u00e9 \/ SSPress<\/p>\n<\/div>\n","protected":false},"excerpt":{"rendered":"<p>&nbsp; &nbsp; &nbsp; &nbsp; &nbsp; &nbsp; &nbsp; &nbsp; &nbsp; &nbsp;Sorriso da vit\u00f3ria | Foto: Divulga\u00e7\u00e3o Mormaii O que j\u00e1 estava matematicamente garantido, h\u00e1 uma semana, foi confirmado na \u00faltima etapa do ano da Copa do Mundo de Maratonas Aqu\u00e1ticas, realizada ontem, em Hong Kong. Allan do Carmo&nbsp;chegou em segundo e garantiu a coroa in\u00e9dita de [&hellip;]<\/p>\n","protected":false},"author":3,"featured_media":1075,"comment_status":"open","ping_status":"open","sticky":false,"template":"","format":"standard","meta":{"_uag_custom_page_level_css":"","_mi_skip_tracking":false,"footnotes":""},"categories":[914,7],"tags":[],"class_list":["post-1074","post","type-post","status-publish","format-standard","has-post-thumbnail","hentry","category-mormaii","category-novidades"],"acf":[],"uagb_featured_image_src":{"full":["https:\/\/www.mormaii.com.br\/site\/wp-content\/uploads\/2017\/06\/43ca0959c3895c758d40.jpg",1600,959,false],"thumbnail":["https:\/\/www.mormaii.com.br\/site\/wp-content\/uploads\/2017\/06\/43ca0959c3895c758d40-150x150.jpg",150,150,true],"medium":["https:\/\/www.mormaii.com.br\/site\/wp-content\/uploads\/2017\/06\/43ca0959c3895c758d40-300x180.jpg",300,180,true],"medium_large":["https:\/\/www.mormaii.com.br\/site\/wp-content\/uploads\/2017\/06\/43ca0959c3895c758d40-768x460.jpg",768,460,true],"large":["https:\/\/www.mormaii.com.br\/site\/wp-content\/uploads\/2017\/06\/43ca0959c3895c758d40-1024x614.jpg",1024,614,true],"1536x1536":["https:\/\/www.mormaii.com.br\/site\/wp-content\/uploads\/2017\/06\/43ca0959c3895c758d40.jpg",1536,921,false],"2048x2048":["https:\/\/www.mormaii.com.br\/site\/wp-content\/uploads\/2017\/06\/43ca0959c3895c758d40.jpg",1600,959,false],"qi_addons_for_elementor_image_size_square":["https:\/\/www.mormaii.com.br\/site\/wp-content\/uploads\/2017\/06\/43ca0959c3895c758d40.jpg",650,390,false],"qi_addons_for_elementor_image_size_landscape":["https:\/\/www.mormaii.com.br\/site\/wp-content\/uploads\/2017\/06\/43ca0959c3895c758d40.jpg",1084,650,false],"qi_addons_for_elementor_image_size_portrait":["https:\/\/www.mormaii.com.br\/site\/wp-content\/uploads\/2017\/06\/43ca0959c3895c758d40.jpg",650,390,false],"qi_addons_for_elementor_image_size_huge-square":["https:\/\/www.mormaii.com.br\/site\/wp-content\/uploads\/2017\/06\/43ca0959c3895c758d40.jpg",1300,779,false]},"uagb_author_info":{"display_name":"mormaii_importer","author_link":"https:\/\/www.mormaii.com.br\/site\/author\/mormaii_importer\/"},"uagb_comment_info":0,"uagb_excerpt":"&nbsp; &nbsp; &nbsp; &nbsp; &nbsp; &nbsp; &nbsp; &nbsp; &nbsp; &nbsp;Sorriso da vit\u00f3ria | Foto: Divulga\u00e7\u00e3o Mormaii O que j\u00e1 estava matematicamente garantido, h\u00e1 uma semana, foi confirmado na \u00faltima etapa do ano da Copa do Mundo de Maratonas Aqu\u00e1ticas, realizada ontem, em Hong Kong. Allan do Carmo&nbsp;chegou em segundo e garantiu a coroa in\u00e9dita de&hellip;","_links":{"self":[{"href":"https:\/\/www.mormaii.com.br\/site\/wp-json\/wp\/v2\/posts\/1074"}],"collection":[{"href":"https:\/\/www.mormaii.com.br\/site\/wp-json\/wp\/v2\/posts"}],"about":[{"href":"https:\/\/www.mormaii.com.br\/site\/wp-json\/wp\/v2\/types\/post"}],"author":[{"embeddable":true,"href":"https:\/\/www.mormaii.com.br\/site\/wp-json\/wp\/v2\/users\/3"}],"replies":[{"embeddable":true,"href":"https:\/\/www.mormaii.com.br\/site\/wp-json\/wp\/v2\/comments?post=1074"}],"version-history":[{"count":1,"href":"https:\/\/www.mormaii.com.br\/site\/wp-json\/wp\/v2\/posts\/1074\/revisions"}],"predecessor-version":[{"id":57686,"href":"https:\/\/www.mormaii.com.br\/site\/wp-json\/wp\/v2\/posts\/1074\/revisions\/57686"}],"wp:featuredmedia":[{"embeddable":true,"href":"https:\/\/www.mormaii.com.br\/site\/wp-json\/wp\/v2\/media\/1075"}],"wp:attachment":[{"href":"https:\/\/www.mormaii.com.br\/site\/wp-json\/wp\/v2\/media?parent=1074"}],"wp:term":[{"taxonomy":"category","embeddable":true,"href":"https:\/\/www.mormaii.com.br\/site\/wp-json\/wp\/v2\/categories?post=1074"},{"taxonomy":"post_tag","embeddable":true,"href":"https:\/\/www.mormaii.com.br\/site\/wp-json\/wp\/v2\/tags?post=1074"}],"curies":[{"name":"wp","href":"https:\/\/api.w.org\/{rel}","templated":true}]}}