{"id":10759,"date":"2018-09-26T19:52:54","date_gmt":"2018-09-26T22:52:54","guid":{"rendered":"https:\/\/www.mormaii.com.br\/site\/?p=10759"},"modified":"2022-06-10T10:00:56","modified_gmt":"2022-06-10T13:00:56","slug":"gp-extreme-natal-2","status":"publish","type":"post","link":"https:\/\/www.mormaii.com.br\/site\/gp-extreme-natal-2\/","title":{"rendered":"Supera\u00e7\u00e3o no GP Extreme Natal"},"content":{"rendered":"<h3><img loading=\"lazy\" decoding=\"async\" class=\"alignnone size-full wp-image-10760\" src=\"https:\/\/www.mormaii.com.br\/site\/wp-content\/uploads\/2018\/09\/gp-extreme-mormaii-2.jpg\" alt=\"\" width=\"700\" height=\"400\" srcset=\"https:\/\/www.mormaii.com.br\/site\/wp-content\/uploads\/2018\/09\/gp-extreme-mormaii-2.jpg 700w, https:\/\/www.mormaii.com.br\/site\/wp-content\/uploads\/2018\/09\/gp-extreme-mormaii-2-300x171.jpg 300w, https:\/\/www.mormaii.com.br\/site\/wp-content\/uploads\/2018\/09\/gp-extreme-mormaii-2-600x343.jpg 600w\" sizes=\"(max-width: 700px) 100vw, 700px\" \/><\/h3>\n<h3>GP Extreme Natal<\/h3>\n<p>O GP Extreme Natal fez sua estreia com mais uma edi\u00e7\u00e3o no nordeste, nesse domingo, dia 23 de setembro, com suas dist\u00e2ncias que j\u00e1 s\u00e3o refer\u00eancia do formato que vem ganhando for\u00e7a entre atletas e treinadores.<\/p>\n<p>Realizado no \u00faltimo domingo o 1\u00ba GP Extreme Natal teve participa\u00e7\u00e3o de triatletas da regi\u00e3o.<\/p>\n<p>Em um local diferenciado, no Aram Natal Mar Hotel, a arena com vista para o mar recebeu os triatletas dispostos a encarar o GP Extreme e o GP Sprint Natal.<\/p>\n<p>Com largadas \u00e0s 6h55 o GP Sprint e 7h15 o GP Extreme na praia de Ponta Negra j\u00e1 com o mar mexido, devido ao vento constante, considerado por alguns atletas como o primeiro est\u00e1gio extreme.<\/p>\n<p>Esse intervalo permitiu a realiza\u00e7\u00e3o da prova Sprint com v\u00e1cuo, nas dist\u00e2ncias 750.20.5 em uma volta.<\/p>\n<p>E no mesmo percurso, sem v\u00e1cuo, para os 100km que vieram a seguir em 5 voltas no percurso com rowling hills duros, segundo os atletas.<\/p>\n<p>O vento sempre presente em Natal contribuiu para tornar o pedal ainda mais duro.<\/p>\n<p>Os 10k da corrida tamb\u00e9m foram desafiadores, com 30\u00b0C do Sol, a pino do Nordeste, o que exigiu muito dos competidores.<\/p>\n<h3>Resultados Masculino<\/h3>\n<p>Cid Barbosa, em casa, estabeleceu o tempo a ser batido nas pr\u00f3ximas edi\u00e7\u00f5es de 3.28\u2019.29\u201d liderou a prova de ponta a ponta.<\/p>\n<p>Em segundo lugar chegou Marcelinho Brand\u00e3o de Fortaleza com 3.44\u2019.35\u201d.<\/p>\n<p>Em terceiro chegou Arnaldo Tome Santos com 3.52\u2019.53\u201d.<\/p>\n<p>Na quarta posi\u00e7\u00e3o Jos\u00e9 Rodrigo Rangel 3.54\u2019.43 \u201d.<\/p>\n<p>Fechando o p\u00f3dio geral, Diego Marquer Dias, com 3.56\u2019.15\u201d.<\/p>\n<h3>Resultados Feminino<\/h3>\n<p>No feminino Rochelle Peregrino conquistou o primeiro Lugar com 4.43\u2019.29\u201d.<\/p>\n<p>Seguida por Mariana Ferreira, 5.00\u2019.07\u201d.<\/p>\n<p>Em terceiro In\u00eas Lagreca Barbosa, 5.06\u2019.41\u201d.<\/p>\n<p>Com Clebioneide Ferreira 5.35\u2019.59\u201d em quarto.<\/p>\n<p>Fechando o p\u00f3dio, Mariana de Carvalho 5.43\u2019.19\u201d.<\/p>\n<p><a href=\"http:\/\/www.chiptiming.com.br\/resultados\/gp\/extremenatal\" target=\"_blank\" rel=\"noopener\">Clique aqui e veja os resultados completos.<\/a><\/p>\n<p><img loading=\"lazy\" decoding=\"async\" class=\"alignnone size-full wp-image-10761\" src=\"https:\/\/www.mormaii.com.br\/site\/wp-content\/uploads\/2018\/09\/gp-extreme-mormaii-1.jpg\" alt=\"\" width=\"700\" height=\"400\" srcset=\"https:\/\/www.mormaii.com.br\/site\/wp-content\/uploads\/2018\/09\/gp-extreme-mormaii-1.jpg 700w, https:\/\/www.mormaii.com.br\/site\/wp-content\/uploads\/2018\/09\/gp-extreme-mormaii-1-300x171.jpg 300w, https:\/\/www.mormaii.com.br\/site\/wp-content\/uploads\/2018\/09\/gp-extreme-mormaii-1-600x343.jpg 600w\" sizes=\"(max-width: 700px) 100vw, 700px\" \/><\/p>\n<h3>GP Sprint Natal<\/h3>\n<p>No GP Sprint Natal os vencedores foram Lucas Andrade Cabral no masculino, com o tempo de 1.06\u201937\u201d.<\/p>\n<p>E Ana Celly Medeiros Rodrigues, com o tempo de 1.22\u201933\u201d, no feminino.<\/p>\n<p>Considerada realmente Extreme, a prova veio consolidar a proposta da marca que \u00e9 levar provas realmente desafiadoras para diferentes regi\u00f5es do Brasil.<\/p>\n<p><a href=\"https:\/\/www.mormaiishop.com.br\/triathlon\" target=\"_blank\" rel=\"noopener\"><img loading=\"lazy\" decoding=\"async\" class=\"alignnone wp-image-10714 size-full\" src=\"https:\/\/www.mormaii.com.br\/site\/wp-content\/uploads\/2018\/09\/BANNERS_GPXnatal_topoOFICIALequipamentos.jpg\" alt=\"\" width=\"1921\" height=\"583\" srcset=\"https:\/\/www.mormaii.com.br\/site\/wp-content\/uploads\/2018\/09\/BANNERS_GPXnatal_topoOFICIALequipamentos.jpg 1921w, https:\/\/www.mormaii.com.br\/site\/wp-content\/uploads\/2018\/09\/BANNERS_GPXnatal_topoOFICIALequipamentos-300x91.jpg 300w, https:\/\/www.mormaii.com.br\/site\/wp-content\/uploads\/2018\/09\/BANNERS_GPXnatal_topoOFICIALequipamentos-768x233.jpg 768w, https:\/\/www.mormaii.com.br\/site\/wp-content\/uploads\/2018\/09\/BANNERS_GPXnatal_topoOFICIALequipamentos-1024x311.jpg 1024w, https:\/\/www.mormaii.com.br\/site\/wp-content\/uploads\/2018\/09\/BANNERS_GPXnatal_topoOFICIALequipamentos-1920x583.jpg 1920w, https:\/\/www.mormaii.com.br\/site\/wp-content\/uploads\/2018\/09\/BANNERS_GPXnatal_topoOFICIALequipamentos-600x182.jpg 600w\" sizes=\"(max-width: 1921px) 100vw, 1921px\" \/><\/a><\/p>\n","protected":false},"excerpt":{"rendered":"<p>GP Extreme Natal O GP Extreme Natal fez sua estreia com mais uma edi\u00e7\u00e3o no nordeste, nesse domingo, dia 23 de setembro, com suas dist\u00e2ncias que j\u00e1 s\u00e3o refer\u00eancia do formato que vem ganhando for\u00e7a entre atletas e treinadores. Realizado no \u00faltimo domingo o 1\u00ba GP Extreme Natal teve participa\u00e7\u00e3o de triatletas da regi\u00e3o. Em [&hellip;]<\/p>\n","protected":false},"author":5,"featured_media":10760,"comment_status":"closed","ping_status":"closed","sticky":false,"template":"","format":"standard","meta":{"_uag_custom_page_level_css":"","_mi_skip_tracking":false,"footnotes":""},"categories":[40,914,7],"tags":[587,282,29,497],"class_list":["post-10759","post","type-post","status-publish","format-standard","has-post-thumbnail","hentry","category-esportes","category-mormaii","category-novidades","tag-gp-extreme","tag-home","tag-mormaii","tag-triathlon"],"acf":[],"uagb_featured_image_src":{"full":["https:\/\/www.mormaii.com.br\/site\/wp-content\/uploads\/2018\/09\/gp-extreme-mormaii-2.jpg",700,400,false],"thumbnail":["https:\/\/www.mormaii.com.br\/site\/wp-content\/uploads\/2018\/09\/gp-extreme-mormaii-2-150x150.jpg",150,150,true],"medium":["https:\/\/www.mormaii.com.br\/site\/wp-content\/uploads\/2018\/09\/gp-extreme-mormaii-2-300x171.jpg",300,171,true],"medium_large":["https:\/\/www.mormaii.com.br\/site\/wp-content\/uploads\/2018\/09\/gp-extreme-mormaii-2.jpg",700,400,false],"large":["https:\/\/www.mormaii.com.br\/site\/wp-content\/uploads\/2018\/09\/gp-extreme-mormaii-2.jpg",700,400,false],"1536x1536":["https:\/\/www.mormaii.com.br\/site\/wp-content\/uploads\/2018\/09\/gp-extreme-mormaii-2.jpg",700,400,false],"2048x2048":["https:\/\/www.mormaii.com.br\/site\/wp-content\/uploads\/2018\/09\/gp-extreme-mormaii-2.jpg",700,400,false],"qi_addons_for_elementor_image_size_square":["https:\/\/www.mormaii.com.br\/site\/wp-content\/uploads\/2018\/09\/gp-extreme-mormaii-2.jpg",650,371,false],"qi_addons_for_elementor_image_size_landscape":["https:\/\/www.mormaii.com.br\/site\/wp-content\/uploads\/2018\/09\/gp-extreme-mormaii-2.jpg",700,400,false],"qi_addons_for_elementor_image_size_portrait":["https:\/\/www.mormaii.com.br\/site\/wp-content\/uploads\/2018\/09\/gp-extreme-mormaii-2.jpg",650,371,false],"qi_addons_for_elementor_image_size_huge-square":["https:\/\/www.mormaii.com.br\/site\/wp-content\/uploads\/2018\/09\/gp-extreme-mormaii-2.jpg",700,400,false]},"uagb_author_info":{"display_name":"Tissot","author_link":"https:\/\/www.mormaii.com.br\/site\/author\/fabiano\/"},"uagb_comment_info":0,"uagb_excerpt":"GP Extreme Natal O GP Extreme Natal fez sua estreia com mais uma edi\u00e7\u00e3o no nordeste, nesse domingo, dia 23 de setembro, com suas dist\u00e2ncias que j\u00e1 s\u00e3o refer\u00eancia do formato que vem ganhando for\u00e7a entre atletas e treinadores. Realizado no \u00faltimo domingo o 1\u00ba GP Extreme Natal teve participa\u00e7\u00e3o de triatletas da regi\u00e3o. Em&hellip;","_links":{"self":[{"href":"https:\/\/www.mormaii.com.br\/site\/wp-json\/wp\/v2\/posts\/10759"}],"collection":[{"href":"https:\/\/www.mormaii.com.br\/site\/wp-json\/wp\/v2\/posts"}],"about":[{"href":"https:\/\/www.mormaii.com.br\/site\/wp-json\/wp\/v2\/types\/post"}],"author":[{"embeddable":true,"href":"https:\/\/www.mormaii.com.br\/site\/wp-json\/wp\/v2\/users\/5"}],"replies":[{"embeddable":true,"href":"https:\/\/www.mormaii.com.br\/site\/wp-json\/wp\/v2\/comments?post=10759"}],"version-history":[{"count":3,"href":"https:\/\/www.mormaii.com.br\/site\/wp-json\/wp\/v2\/posts\/10759\/revisions"}],"predecessor-version":[{"id":10764,"href":"https:\/\/www.mormaii.com.br\/site\/wp-json\/wp\/v2\/posts\/10759\/revisions\/10764"}],"wp:featuredmedia":[{"embeddable":true,"href":"https:\/\/www.mormaii.com.br\/site\/wp-json\/wp\/v2\/media\/10760"}],"wp:attachment":[{"href":"https:\/\/www.mormaii.com.br\/site\/wp-json\/wp\/v2\/media?parent=10759"}],"wp:term":[{"taxonomy":"category","embeddable":true,"href":"https:\/\/www.mormaii.com.br\/site\/wp-json\/wp\/v2\/categories?post=10759"},{"taxonomy":"post_tag","embeddable":true,"href":"https:\/\/www.mormaii.com.br\/site\/wp-json\/wp\/v2\/tags?post=10759"}],"curies":[{"name":"wp","href":"https:\/\/api.w.org\/{rel}","templated":true}]}}