{"id":1082,"date":"2016-04-04T13:33:38","date_gmt":"2016-04-04T13:33:38","guid":{"rendered":"http:\/\/www.mormaii.com.br\/site\/?p=1082"},"modified":"2022-06-10T10:51:29","modified_gmt":"2022-06-10T13:51:29","slug":"noticiasallan-do-carmo-confirma-hoje-o-titulo-mundial","status":"publish","type":"post","link":"https:\/\/www.mormaii.com.br\/site\/noticiasallan-do-carmo-confirma-hoje-o-titulo-mundial\/","title":{"rendered":"Allan do Carmo confirma hoje o t\u00edtulo mundial"},"content":{"rendered":"<p><\/p>\n<p>Pelos n\u00fameros,&nbsp;<a href=\"http:\/\/www.mormaii.com.br\/tag\/allan-do-carmo\/\" target=\"_blank\" rel=\"noopener\">Allan do Carmo<\/a>&nbsp;j\u00e1 \u00e9 o campe\u00e3o da Copa do Mundo de Maratonas Aqu\u00e1tica, mas para a FINA (Federa\u00e7\u00e3o Internacional de Nata\u00e7\u00e3o), ainda n\u00e3o.<\/p>\n<p>Pelo regulamento da competi\u00e7\u00e3o, o baiano precisa largar na \u00faltima etapa do circuito, em Hong Kong, para ser proclamado campe\u00e3o.<\/p>\n<p>A prova ser\u00e1 na manh\u00e3 de s\u00e1bado, no hor\u00e1rio local, o que equivale \u00e0s 21h dessa sexta-feira (17\/11), no hor\u00e1rio de Bras\u00edlia.<\/p>\n<p>Com uma grande temporada em 2014, o nadador recebeu elogios valiosos da Confedera\u00e7\u00e3o Brasileira de Desportos Aqu\u00e1ticos.<\/p>\n<p>\u201cO progresso de Allan \u00e9 not\u00e1vel. Com uma equipe multidisciplinar a seu dispor, desde 2013, o nadador (bronze nos Jogos Pan-Americanos do Rio, em 2007) deixou de lado a irregularidade e vem se destacando no circuito da Copa do Mundo de Maratonas Aqu\u00e1ticas\u201d, afirma a CBDA, em seu site oficial.<\/p>\n<p>Allan, concorda com a vis\u00e3o da Confedera\u00e7\u00e3o. \u201cFoi uma temporada muito boa, um ano muito constante de resultados e bons desempenhos. O trabalho que vem sendo feito com a equipe multidisciplinar (nutricionista, fisioterapeuta, treinador, fisiologista, massagista e psic\u00f3logo) tem sido um diferencial importante, ainda mais com a quantidade de viagens que estamos tendo\u201d, afirma.<\/p>\n<p>O t\u00e9cnico de Allan do Carmo, Carlos Rog\u00e9rio Arapiraca, faz coro ao discurso do campe\u00e3o e se emociona com a conquista.<\/p>\n<p>\u201cDesde o in\u00edcio do ano, fizemos um trabalho integrado com a equipe multidisciplinar visando a Copa do Mundo. Ao final da \u00faltima prova, n\u00e3o consegu\u00edamos ver a chegada e quando fui informado da vit\u00f3ria, fiquei emocionado e chorei, porque s\u00e3o muitos anos de luta e n\u00e3o \u00e9 f\u00e1cil ganhar um t\u00edtulo como esse\u201d, revela o treinador.<\/p>\n<p>Para concluir, Allan agradece. \u201cFoi inesquec\u00edvel, trabalhamos h\u00e1 muito tempo para conseguir esse resultado. Venci pela segunda vez uma etapa da Copa do Mundo e confirmei meu primeiro t\u00edtulo mundial. Essa foi tamb\u00e9m a primeira vez que um brasileiro foi campe\u00e3o. Tudo isso foi conquistado com muito suor e hoje posso dizer que valeu a pena. \u00c9 campe\u00e3o\u201d, comemora.<\/p>\n<p>Reiterando, Allan s\u00f3 precisa pular na \u00e1gua hoje, \u00e0s 21h, hor\u00e1rio de Bras\u00edlia, para confirmar o t\u00edtulo de Campe\u00e3o Mundial de Maratonas Aqu\u00e1ticas. Estamos na torcida!<\/p>\n<div id=\"attachment_50955\" class=\"wp-caption aligncenter\"><img loading=\"lazy\" decoding=\"async\" data-fr-image-pasted=\"true\" class=\"size-full wp-image-50955 fr-fin\" title=\"Sempre em frente | Foto: Satiro Sodr\u00e9 \/ SSPress\" src=\"http:\/\/images.mormaii.com.br\/wp-content\/uploads\/allan.jpg\" alt=\"Sempre em frente | Foto: Satiro Sodr\u00e9 \/ SSPress\" width=\"600\" height=\"400\"><\/p>\n<p class=\"wp-caption-text\">&nbsp; &nbsp; &nbsp; &nbsp; &nbsp; &nbsp; &nbsp; &nbsp; &nbsp; Sempre em frente | Foto: Satiro Sodr\u00e9 \/ SSPress<\/p>\n<\/div>\n","protected":false},"excerpt":{"rendered":"<p>Pelos n\u00fameros,&nbsp;Allan do Carmo&nbsp;j\u00e1 \u00e9 o campe\u00e3o da Copa do Mundo de Maratonas Aqu\u00e1tica, mas para a FINA (Federa\u00e7\u00e3o Internacional de Nata\u00e7\u00e3o), ainda n\u00e3o. Pelo regulamento da competi\u00e7\u00e3o, o baiano precisa largar na \u00faltima etapa do circuito, em Hong Kong, para ser proclamado campe\u00e3o. A prova ser\u00e1 na manh\u00e3 de s\u00e1bado, no hor\u00e1rio local, o [&hellip;]<\/p>\n","protected":false},"author":3,"featured_media":1083,"comment_status":"open","ping_status":"open","sticky":false,"template":"","format":"standard","meta":{"_uag_custom_page_level_css":"","_mi_skip_tracking":false,"footnotes":""},"categories":[914,7],"tags":[],"class_list":["post-1082","post","type-post","status-publish","format-standard","has-post-thumbnail","hentry","category-mormaii","category-novidades"],"acf":[],"uagb_featured_image_src":{"full":["https:\/\/www.mormaii.com.br\/site\/wp-content\/uploads\/2017\/06\/00759e1ac4c963fcecdd.jpg",1600,959,false],"thumbnail":["https:\/\/www.mormaii.com.br\/site\/wp-content\/uploads\/2017\/06\/00759e1ac4c963fcecdd-150x150.jpg",150,150,true],"medium":["https:\/\/www.mormaii.com.br\/site\/wp-content\/uploads\/2017\/06\/00759e1ac4c963fcecdd-300x180.jpg",300,180,true],"medium_large":["https:\/\/www.mormaii.com.br\/site\/wp-content\/uploads\/2017\/06\/00759e1ac4c963fcecdd-768x460.jpg",768,460,true],"large":["https:\/\/www.mormaii.com.br\/site\/wp-content\/uploads\/2017\/06\/00759e1ac4c963fcecdd-1024x614.jpg",1024,614,true],"1536x1536":["https:\/\/www.mormaii.com.br\/site\/wp-content\/uploads\/2017\/06\/00759e1ac4c963fcecdd.jpg",1536,921,false],"2048x2048":["https:\/\/www.mormaii.com.br\/site\/wp-content\/uploads\/2017\/06\/00759e1ac4c963fcecdd.jpg",1600,959,false],"qi_addons_for_elementor_image_size_square":["https:\/\/www.mormaii.com.br\/site\/wp-content\/uploads\/2017\/06\/00759e1ac4c963fcecdd.jpg",650,390,false],"qi_addons_for_elementor_image_size_landscape":["https:\/\/www.mormaii.com.br\/site\/wp-content\/uploads\/2017\/06\/00759e1ac4c963fcecdd.jpg",1084,650,false],"qi_addons_for_elementor_image_size_portrait":["https:\/\/www.mormaii.com.br\/site\/wp-content\/uploads\/2017\/06\/00759e1ac4c963fcecdd.jpg",650,390,false],"qi_addons_for_elementor_image_size_huge-square":["https:\/\/www.mormaii.com.br\/site\/wp-content\/uploads\/2017\/06\/00759e1ac4c963fcecdd.jpg",1300,779,false]},"uagb_author_info":{"display_name":"mormaii_importer","author_link":"https:\/\/www.mormaii.com.br\/site\/author\/mormaii_importer\/"},"uagb_comment_info":0,"uagb_excerpt":"Pelos n\u00fameros,&nbsp;Allan do Carmo&nbsp;j\u00e1 \u00e9 o campe\u00e3o da Copa do Mundo de Maratonas Aqu\u00e1tica, mas para a FINA (Federa\u00e7\u00e3o Internacional de Nata\u00e7\u00e3o), ainda n\u00e3o. Pelo regulamento da competi\u00e7\u00e3o, o baiano precisa largar na \u00faltima etapa do circuito, em Hong Kong, para ser proclamado campe\u00e3o. A prova ser\u00e1 na manh\u00e3 de s\u00e1bado, no hor\u00e1rio local, o&hellip;","_links":{"self":[{"href":"https:\/\/www.mormaii.com.br\/site\/wp-json\/wp\/v2\/posts\/1082"}],"collection":[{"href":"https:\/\/www.mormaii.com.br\/site\/wp-json\/wp\/v2\/posts"}],"about":[{"href":"https:\/\/www.mormaii.com.br\/site\/wp-json\/wp\/v2\/types\/post"}],"author":[{"embeddable":true,"href":"https:\/\/www.mormaii.com.br\/site\/wp-json\/wp\/v2\/users\/3"}],"replies":[{"embeddable":true,"href":"https:\/\/www.mormaii.com.br\/site\/wp-json\/wp\/v2\/comments?post=1082"}],"version-history":[{"count":1,"href":"https:\/\/www.mormaii.com.br\/site\/wp-json\/wp\/v2\/posts\/1082\/revisions"}],"predecessor-version":[{"id":58301,"href":"https:\/\/www.mormaii.com.br\/site\/wp-json\/wp\/v2\/posts\/1082\/revisions\/58301"}],"wp:featuredmedia":[{"embeddable":true,"href":"https:\/\/www.mormaii.com.br\/site\/wp-json\/wp\/v2\/media\/1083"}],"wp:attachment":[{"href":"https:\/\/www.mormaii.com.br\/site\/wp-json\/wp\/v2\/media?parent=1082"}],"wp:term":[{"taxonomy":"category","embeddable":true,"href":"https:\/\/www.mormaii.com.br\/site\/wp-json\/wp\/v2\/categories?post=1082"},{"taxonomy":"post_tag","embeddable":true,"href":"https:\/\/www.mormaii.com.br\/site\/wp-json\/wp\/v2\/tags?post=1082"}],"curies":[{"name":"wp","href":"https:\/\/api.w.org\/{rel}","templated":true}]}}