{"id":10911,"date":"2018-10-22T15:46:54","date_gmt":"2018-10-22T18:46:54","guid":{"rendered":"https:\/\/www.mormaii.com.br\/site\/?p=10911"},"modified":"2022-06-10T10:38:00","modified_gmt":"2022-06-10T13:38:00","slug":"corrida-da-graciosa","status":"publish","type":"post","link":"https:\/\/www.mormaii.com.br\/site\/corrida-da-graciosa\/","title":{"rendered":"Confira os Resultados da Corrida da Graciosa"},"content":{"rendered":"<h3><img loading=\"lazy\" decoding=\"async\" class=\"alignnone size-full wp-image-10916\" src=\"https:\/\/www.mormaii.com.br\/site\/wp-content\/uploads\/2018\/10\/Edit_ARGraciosa0028mormaii.jpg\" alt=\"\" width=\"700\" height=\"400\" srcset=\"https:\/\/www.mormaii.com.br\/site\/wp-content\/uploads\/2018\/10\/Edit_ARGraciosa0028mormaii.jpg 700w, https:\/\/www.mormaii.com.br\/site\/wp-content\/uploads\/2018\/10\/Edit_ARGraciosa0028mormaii-300x171.jpg 300w, https:\/\/www.mormaii.com.br\/site\/wp-content\/uploads\/2018\/10\/Edit_ARGraciosa0028mormaii-600x343.jpg 600w\" sizes=\"(max-width: 700px) 100vw, 700px\" \/><\/h3>\n<h3>Corrida da Graciosa<\/h3>\n<p>Com uma maratona desafiadora, a Corrida da Graciosa teve a sua 17\u00aa edi\u00e7\u00e3o realizada no s\u00e1bado, 20 de outubro de 2018.<\/p>\n<p>As grandes novidades do ano foram no percurso da prova, a realiza\u00e7\u00e3o de uma maratona aferida com 42kms195 descendo e subindo a serra, batizada com o nome \u201cDesafio da Mata Atl\u00e2ntica\u201d, e o aumento dos tradicionais 20k para uma meia-maratona.<\/p>\n<p>Esse ano tamb\u00e9m foi a primeira vez que a Global Vita Sports e a Associa\u00e7\u00e3o Pro Correr realizaram o evento no s\u00e1bado, mudan\u00e7as que agradaram aos atletas, turistas e comerciantes da regi\u00e3o.<\/p>\n<p>Corredores de todos os estados do Brasil e alguns do exterior estavam entre os 1 mil atletas que participaram do evento, realizado na hist\u00f3rica Estrada da Graciosa que desce para litoral paranaense.<\/p>\n<p>&#8220;Foi a primeira vez que subi a Graciosa correndo. Nunca tinha nem sequer treinado l\u00e1. \u00c9 uma daquelas provas que todo corredor deveria fazer uma vez na vida, pelo desafio pessoal de superar 14 kms ininterruptos de subida e por que voc\u00ea consegue perceber como a natureza \u00e9 incr\u00edvel, com suas cachoeiras, p\u00e1ssaros e vistas lindas. Est\u00e1 longe de ser uma prova f\u00e1cil, mas \u00e9 daquelas que voc\u00ea vai carregar a medalha com muito orgulho&#8221;, comemorou o resultado Vin\u00edcius Boreki.<\/p>\n<p>O jornalista completou a meia-maratona, mas ficou imaginando como seria o desafio de encarar os 42km195m, mesmo j\u00e1 tendo completado maratonas em provas de rua.<\/p>\n<p>\u201cRealizar uma maratona descendo e subindo a Serra da Graciosa \u00e9 um desafio colossal, \u00e9 t\u00e3o duro para a organiza\u00e7\u00e3o quanto \u00e9 para os atletas. Um projeto desse s\u00f3 sai do papel devido ao engajamento e apoio da Pol\u00edcia Rodovi\u00e1ria Estadual, DER, Comunidade de Morretes, uma equipe totalmente comprometida com o projeto e a confian\u00e7a dos atletas na qualidade da organiza\u00e7\u00e3o\u201d, destaca Arthur Trauczynski, diretor de neg\u00f3cios da Global Vita Sports.<\/p>\n<p>Devido ao n\u00edvel de dificuldade t\u00e9cnica da prova, foi planejado pela organiza\u00e7\u00e3o uma estrutura ampla de atendimento e apoio aos atletas.<\/p>\n<p>Havia ambul\u00e2ncias e atendimento m\u00e9dico permanente em tr\u00eas pontos no percurso, recovery premium com botas de compress\u00e3o, ventosas e terapia manual, fisioterapia, hidrata\u00e7\u00e3o e alimenta\u00e7\u00e3o diferenciada.<\/p>\n<p>\u201cContemplar a vista da nossa encantadora Serra da Graciosa com todo o suporte e seguran\u00e7a foi fant\u00e1stico! Parab\u00e9ns aos organizadores e a todos os envolvidos! Se superar a cada curva \u00e9 nosso maior desafio\u201d, agradeceu a campe\u00e3 da prova dos 21kms no feminino, Let\u00edcia Saltori.<\/p>\n<p>Acostumada a frequentar p\u00f3dios em provas do Brasil e do exterior, como o Desafio do Samurai na Mizuno Uphill, prova que acontece na Serra do Rio do Rastro, a atleta \u00e9 ganhadora da primeira coloca\u00e7\u00e3o.<\/p>\n<p>Na maratona, nominada Desafio da Mata Atl\u00e2ntica, destaque para o Marcos Paulo Esp\u00edrito Santos.<\/p>\n<p>Em outubro de 2001, ele foi campe\u00e3o da 1\u00aa edi\u00e7\u00e3o da Subida da Serra da Graciosa. Agora, 17 anos depois foi campe\u00e3o da 1\u00aa edi\u00e7\u00e3o dos 42kms.<\/p>\n<p><img loading=\"lazy\" decoding=\"async\" class=\"alignnone size-full wp-image-10914\" src=\"https:\/\/www.mormaii.com.br\/site\/wp-content\/uploads\/2018\/10\/Edit_ARGraciosa0043mormaii.jpg\" alt=\"\" width=\"700\" height=\"400\" srcset=\"https:\/\/www.mormaii.com.br\/site\/wp-content\/uploads\/2018\/10\/Edit_ARGraciosa0043mormaii.jpg 700w, https:\/\/www.mormaii.com.br\/site\/wp-content\/uploads\/2018\/10\/Edit_ARGraciosa0043mormaii-300x171.jpg 300w, https:\/\/www.mormaii.com.br\/site\/wp-content\/uploads\/2018\/10\/Edit_ARGraciosa0043mormaii-600x343.jpg 600w\" sizes=\"(max-width: 700px) 100vw, 700px\" \/><\/p>\n<h3>Atletas de outros estados<\/h3>\n<p>A Corrida Graciosa, que j\u00e1 \u00e9 tradicional entre os atletas do Sul do Brasil, cada vez mais ganha mais o mercado de outros estados.<\/p>\n<p>O atleta de Diego Benghi n\u00e3o conhecia a Serra da Graciosa. Convidado por um amigo, se inscreveu ainda em 2017, logo no primeiro dia.<\/p>\n<p>\u201cColoquei como meta fazer a subida da graciosa em 2018 e deu certo. Aproveitei para conhecer a regi\u00e3o, fazer turismo e apreciar a paisagem\u201d, disse o corredor, que promete voltar.<\/p>\n<p>A etapa Graciosa do circuito Amazing Runs foi organizada pela Global Vita Sports em parceria com a Associa\u00e7\u00e3o Pro Correr, tamb\u00e9m contou com os patroc\u00ednios da Mormaii, Decathlon, Rimatur, Bula Verdde, Hospital Angelina Caron, Snacks Inspire, \u00c1guas Ouro Fino, Four Fisio e Verde Campo.<\/p>\n<p><img loading=\"lazy\" decoding=\"async\" class=\"alignnone size-full wp-image-10915\" src=\"https:\/\/www.mormaii.com.br\/site\/wp-content\/uploads\/2018\/10\/Edit_ARGraciosa0011mormaii.jpg\" alt=\"\" width=\"700\" height=\"400\" srcset=\"https:\/\/www.mormaii.com.br\/site\/wp-content\/uploads\/2018\/10\/Edit_ARGraciosa0011mormaii.jpg 700w, https:\/\/www.mormaii.com.br\/site\/wp-content\/uploads\/2018\/10\/Edit_ARGraciosa0011mormaii-300x171.jpg 300w, https:\/\/www.mormaii.com.br\/site\/wp-content\/uploads\/2018\/10\/Edit_ARGraciosa0011mormaii-600x343.jpg 600w\" sizes=\"(max-width: 700px) 100vw, 700px\" \/><\/p>\n<h3>A\u00e7\u00e3o com a comunidade da regi\u00e3o<\/h3>\n<p>Foram arrecadados cerca de 150kg em alimentos n\u00e3o perec\u00edveis e diversos brinquedos para a comunidade local de Morretes, a\u00e7\u00e3o que visa aproximar os moradores da prova.<\/p>\n<p><img loading=\"lazy\" decoding=\"async\" class=\"alignnone size-full wp-image-10913\" src=\"https:\/\/www.mormaii.com.br\/site\/wp-content\/uploads\/2018\/10\/Edit_ARGraciosa0048mormaii.jpg\" alt=\"\" width=\"700\" height=\"400\" srcset=\"https:\/\/www.mormaii.com.br\/site\/wp-content\/uploads\/2018\/10\/Edit_ARGraciosa0048mormaii.jpg 700w, https:\/\/www.mormaii.com.br\/site\/wp-content\/uploads\/2018\/10\/Edit_ARGraciosa0048mormaii-300x171.jpg 300w, https:\/\/www.mormaii.com.br\/site\/wp-content\/uploads\/2018\/10\/Edit_ARGraciosa0048mormaii-600x343.jpg 600w\" sizes=\"(max-width: 700px) 100vw, 700px\" \/><\/p>\n<h3>Confira o p\u00f3dio em cada prova<\/h3>\n<h4>42k \u2013 Masculino<\/h4>\n<p>1\u00ba Marcos Paulo Espirito Santo \u2013 3h06min19s<\/p>\n<p>2\u00ba Daniel Schmitz \u2013 3h16min14s<\/p>\n<p>3\u00ba Rodolfo Ara\u00fajo Vilela \u2013 3h18min10s<\/p>\n<p>4\u00ba Cassiano Romero Biesek \u2013 3h20min31s<\/p>\n<p>5\u00ba Eduardo Pizzetti -3h25min41s<\/p>\n<p><img loading=\"lazy\" decoding=\"async\" class=\"alignnone size-full wp-image-10912\" src=\"https:\/\/www.mormaii.com.br\/site\/wp-content\/uploads\/2018\/10\/Edit_ARGraciosa0049mormaii.jpg\" alt=\"\" width=\"700\" height=\"400\" srcset=\"https:\/\/www.mormaii.com.br\/site\/wp-content\/uploads\/2018\/10\/Edit_ARGraciosa0049mormaii.jpg 700w, https:\/\/www.mormaii.com.br\/site\/wp-content\/uploads\/2018\/10\/Edit_ARGraciosa0049mormaii-300x171.jpg 300w, https:\/\/www.mormaii.com.br\/site\/wp-content\/uploads\/2018\/10\/Edit_ARGraciosa0049mormaii-600x343.jpg 600w\" sizes=\"(max-width: 700px) 100vw, 700px\" \/><\/p>\n<h4>42k &#8211; Feminino<\/h4>\n<p>1\u00aa Luciana Beatriz Freitas da Rocha \u2013 3h58min18s<\/p>\n<p>2\u00aa Caroline Riella \u2013 4h00min34s<\/p>\n<p>3\u00aa Fernanda Gueiros Fernandes Tomkiw -4h01min07s<\/p>\n<p>4\u00aa Giani Ma\u00e7aneiro Burkhardt \u2013 4h14min02s<\/p>\n<p>5\u00aa Rosangela Martins da Silva \u2013 4h18min59s<\/p>\n<h4>21k \u2013 Masculino<\/h4>\n<p>1\u00ba Marcelo Henrique Rocha \u2013 1h24min58s<\/p>\n<p>2\u00ba Murilo Ugolini Klein \u2013 1h31min51s<\/p>\n<p>3\u00ba Cassio Gomes da Silva -1h33min02s<\/p>\n<p>4\u00ba Alex Sandro Cordeiro \u2013 1h34min09s<\/p>\n<p>5\u00ba Carlos Eduardo Condrati \u2013 1h34min39s<\/p>\n<h4>21k \u2013 Feminino<\/h4>\n<p>1\u00aa Let\u00edcia da Silva Saltori \u2013 1h46min00s<\/p>\n<p>2\u00aa Lucimari Perin \u2013 1h50min47s<\/p>\n<p>3\u00aa Maria Paulo Ramos de Constantini \u2013 1h53min10s<\/p>\n<p>4\u00aa Maria Assis dos Santos \u2013 1h55min45s<\/p>\n<p>5\u00aa Marines Adriana Paolazi \u2013 1h59min13s<\/p>\n<div id=\"attachment_8246\" style=\"width: 1409px\" class=\"wp-caption alignnone\"><a href=\"https:\/\/www.mormaiishop.com.br\/running\" target=\"_blank\" rel=\"noopener\"><img loading=\"lazy\" decoding=\"async\" aria-describedby=\"caption-attachment-8246\" class=\"wp-image-8246 size-full\" src=\"https:\/\/www.mormaii.com.br\/site\/wp-content\/uploads\/2018\/02\/mormaii-running-corrida.jpg\" alt=\"Clique e conhe\u00e7a a linha running Mormaii\" width=\"1399\" height=\"442\" srcset=\"https:\/\/www.mormaii.com.br\/site\/wp-content\/uploads\/2018\/02\/mormaii-running-corrida.jpg 1399w, https:\/\/www.mormaii.com.br\/site\/wp-content\/uploads\/2018\/02\/mormaii-running-corrida-600x190.jpg 600w, https:\/\/www.mormaii.com.br\/site\/wp-content\/uploads\/2018\/02\/mormaii-running-corrida-300x95.jpg 300w, https:\/\/www.mormaii.com.br\/site\/wp-content\/uploads\/2018\/02\/mormaii-running-corrida-768x243.jpg 768w, https:\/\/www.mormaii.com.br\/site\/wp-content\/uploads\/2018\/02\/mormaii-running-corrida-1024x324.jpg 1024w\" sizes=\"(max-width: 1399px) 100vw, 1399px\" \/><\/a><p id=\"caption-attachment-8246\" class=\"wp-caption-text\">Clique e conhe\u00e7a a linha running Mormaii<\/p><\/div>\n","protected":false},"excerpt":{"rendered":"<p>Corrida da Graciosa Com uma maratona desafiadora, a Corrida da Graciosa teve a sua 17\u00aa edi\u00e7\u00e3o realizada no s\u00e1bado, 20 de outubro de 2018. As grandes novidades do ano foram no percurso da prova, a realiza\u00e7\u00e3o de uma maratona aferida com 42kms195 descendo e subindo a serra, batizada com o nome \u201cDesafio da Mata Atl\u00e2ntica\u201d, [&hellip;]<\/p>\n","protected":false},"author":5,"featured_media":10912,"comment_status":"closed","ping_status":"closed","sticky":false,"template":"","format":"standard","meta":{"_uag_custom_page_level_css":"","_mi_skip_tracking":false,"footnotes":""},"categories":[40,914,7],"tags":[654,822,282,29],"class_list":["post-10911","post","type-post","status-publish","format-standard","has-post-thumbnail","hentry","category-esportes","category-mormaii","category-novidades","tag-amazing-runs","tag-corrida-da-graciosa","tag-home","tag-mormaii"],"acf":[],"uagb_featured_image_src":{"full":["https:\/\/www.mormaii.com.br\/site\/wp-content\/uploads\/2018\/10\/Edit_ARGraciosa0049mormaii.jpg",700,400,false],"thumbnail":["https:\/\/www.mormaii.com.br\/site\/wp-content\/uploads\/2018\/10\/Edit_ARGraciosa0049mormaii-150x150.jpg",150,150,true],"medium":["https:\/\/www.mormaii.com.br\/site\/wp-content\/uploads\/2018\/10\/Edit_ARGraciosa0049mormaii-300x171.jpg",300,171,true],"medium_large":["https:\/\/www.mormaii.com.br\/site\/wp-content\/uploads\/2018\/10\/Edit_ARGraciosa0049mormaii.jpg",700,400,false],"large":["https:\/\/www.mormaii.com.br\/site\/wp-content\/uploads\/2018\/10\/Edit_ARGraciosa0049mormaii.jpg",700,400,false],"1536x1536":["https:\/\/www.mormaii.com.br\/site\/wp-content\/uploads\/2018\/10\/Edit_ARGraciosa0049mormaii.jpg",700,400,false],"2048x2048":["https:\/\/www.mormaii.com.br\/site\/wp-content\/uploads\/2018\/10\/Edit_ARGraciosa0049mormaii.jpg",700,400,false],"qi_addons_for_elementor_image_size_square":["https:\/\/www.mormaii.com.br\/site\/wp-content\/uploads\/2018\/10\/Edit_ARGraciosa0049mormaii.jpg",650,371,false],"qi_addons_for_elementor_image_size_landscape":["https:\/\/www.mormaii.com.br\/site\/wp-content\/uploads\/2018\/10\/Edit_ARGraciosa0049mormaii.jpg",700,400,false],"qi_addons_for_elementor_image_size_portrait":["https:\/\/www.mormaii.com.br\/site\/wp-content\/uploads\/2018\/10\/Edit_ARGraciosa0049mormaii.jpg",650,371,false],"qi_addons_for_elementor_image_size_huge-square":["https:\/\/www.mormaii.com.br\/site\/wp-content\/uploads\/2018\/10\/Edit_ARGraciosa0049mormaii.jpg",700,400,false]},"uagb_author_info":{"display_name":"Tissot","author_link":"https:\/\/www.mormaii.com.br\/site\/author\/fabiano\/"},"uagb_comment_info":0,"uagb_excerpt":"Corrida da Graciosa Com uma maratona desafiadora, a Corrida da Graciosa teve a sua 17\u00aa edi\u00e7\u00e3o realizada no s\u00e1bado, 20 de outubro de 2018. As grandes novidades do ano foram no percurso da prova, a realiza\u00e7\u00e3o de uma maratona aferida com 42kms195 descendo e subindo a serra, batizada com o nome \u201cDesafio da Mata Atl\u00e2ntica\u201d,&hellip;","_links":{"self":[{"href":"https:\/\/www.mormaii.com.br\/site\/wp-json\/wp\/v2\/posts\/10911"}],"collection":[{"href":"https:\/\/www.mormaii.com.br\/site\/wp-json\/wp\/v2\/posts"}],"about":[{"href":"https:\/\/www.mormaii.com.br\/site\/wp-json\/wp\/v2\/types\/post"}],"author":[{"embeddable":true,"href":"https:\/\/www.mormaii.com.br\/site\/wp-json\/wp\/v2\/users\/5"}],"replies":[{"embeddable":true,"href":"https:\/\/www.mormaii.com.br\/site\/wp-json\/wp\/v2\/comments?post=10911"}],"version-history":[{"count":2,"href":"https:\/\/www.mormaii.com.br\/site\/wp-json\/wp\/v2\/posts\/10911\/revisions"}],"predecessor-version":[{"id":10918,"href":"https:\/\/www.mormaii.com.br\/site\/wp-json\/wp\/v2\/posts\/10911\/revisions\/10918"}],"wp:featuredmedia":[{"embeddable":true,"href":"https:\/\/www.mormaii.com.br\/site\/wp-json\/wp\/v2\/media\/10912"}],"wp:attachment":[{"href":"https:\/\/www.mormaii.com.br\/site\/wp-json\/wp\/v2\/media?parent=10911"}],"wp:term":[{"taxonomy":"category","embeddable":true,"href":"https:\/\/www.mormaii.com.br\/site\/wp-json\/wp\/v2\/categories?post=10911"},{"taxonomy":"post_tag","embeddable":true,"href":"https:\/\/www.mormaii.com.br\/site\/wp-json\/wp\/v2\/tags?post=10911"}],"curies":[{"name":"wp","href":"https:\/\/api.w.org\/{rel}","templated":true}]}}