{"id":10928,"date":"2018-10-21T16:25:05","date_gmt":"2018-10-21T19:25:05","guid":{"rendered":"https:\/\/www.mormaii.com.br\/site\/?p=10928"},"modified":"2022-06-10T10:20:24","modified_gmt":"2022-06-10T13:20:24","slug":"xterra-praia-do-rosa","status":"publish","type":"post","link":"https:\/\/www.mormaii.com.br\/site\/xterra-praia-do-rosa\/","title":{"rendered":"O XTERRA Praia do Rosa foi desafiador e paradis\u00edaco"},"content":{"rendered":"<h3><img loading=\"lazy\" decoding=\"async\" class=\"alignnone size-full wp-image-10944\" src=\"https:\/\/www.mormaii.com.br\/site\/wp-content\/uploads\/2018\/10\/XTERRA-Praia-do-Rosa-percurso-2.jpeg\" alt=\"\" width=\"1280\" height=\"853\" srcset=\"https:\/\/www.mormaii.com.br\/site\/wp-content\/uploads\/2018\/10\/XTERRA-Praia-do-Rosa-percurso-2.jpeg 1280w, https:\/\/www.mormaii.com.br\/site\/wp-content\/uploads\/2018\/10\/XTERRA-Praia-do-Rosa-percurso-2-300x200.jpeg 300w, https:\/\/www.mormaii.com.br\/site\/wp-content\/uploads\/2018\/10\/XTERRA-Praia-do-Rosa-percurso-2-768x512.jpeg 768w, https:\/\/www.mormaii.com.br\/site\/wp-content\/uploads\/2018\/10\/XTERRA-Praia-do-Rosa-percurso-2-1024x682.jpeg 1024w, https:\/\/www.mormaii.com.br\/site\/wp-content\/uploads\/2018\/10\/XTERRA-Praia-do-Rosa-percurso-2-1170x780.jpeg 1170w, https:\/\/www.mormaii.com.br\/site\/wp-content\/uploads\/2018\/10\/XTERRA-Praia-do-Rosa-percurso-2-600x400.jpeg 600w\" sizes=\"(max-width: 1280px) 100vw, 1280px\" \/><\/h3>\n<h3>XTERRA Praia do Rosa<\/h3>\n<p>O XTERRA Praia do Rosa teve cen\u00e1rio paradis\u00edaco e dois dias de competi\u00e7\u00f5es acirradas.<\/p>\n<p>Realizado pela primeira vez no Sul de Santa Catarina, maior festival de esportes off-road do mundo reuniu 700 atletas; Felipe Moletta e Laura Mira venceram no Triathlon.<\/p>\n<p>A expectativa era grande desde o in\u00edcio da temporada e o in\u00e9dito XTERRA Praia do Rosa, 8\u00b0 edi\u00e7\u00e3o do circuito nacional do maior evento de esportes off-road do mundo, n\u00e3o decepcionou.<\/p>\n<p>Foram dois dias de muita adrenalina, suor e divers\u00e3o em um dos principais pontos tur\u00edsticos de Santa Catarina, onde 700 atletas amadores e profissionais competiram nas provas de Triathlon, Trail Run (22,5 km), Night Run (9,5 km), Swim Challenge (1,5km e 3km), MTB Cup Pro (40,6 km) e a Corrida Kids (para crian\u00e7as de 1 a 13 anos de idade).<\/p>\n<p><img loading=\"lazy\" decoding=\"async\" class=\"alignnone size-full wp-image-10945\" src=\"https:\/\/www.mormaii.com.br\/site\/wp-content\/uploads\/2018\/10\/Swim-Challenge-na-Praia-do-Rosa.jpeg\" alt=\"\" width=\"1280\" height=\"827\" srcset=\"https:\/\/www.mormaii.com.br\/site\/wp-content\/uploads\/2018\/10\/Swim-Challenge-na-Praia-do-Rosa.jpeg 1280w, https:\/\/www.mormaii.com.br\/site\/wp-content\/uploads\/2018\/10\/Swim-Challenge-na-Praia-do-Rosa-300x194.jpeg 300w, https:\/\/www.mormaii.com.br\/site\/wp-content\/uploads\/2018\/10\/Swim-Challenge-na-Praia-do-Rosa-768x496.jpeg 768w, https:\/\/www.mormaii.com.br\/site\/wp-content\/uploads\/2018\/10\/Swim-Challenge-na-Praia-do-Rosa-1024x662.jpeg 1024w, https:\/\/www.mormaii.com.br\/site\/wp-content\/uploads\/2018\/10\/Swim-Challenge-na-Praia-do-Rosa-600x388.jpeg 600w\" sizes=\"(max-width: 1280px) 100vw, 1280px\" \/><\/p>\n<h3>Triathlon<\/h3>\n<p>Atual hexacampe\u00e3o do XTERRA brasileiro, o paranaense Felipe Moletta venceu a terceira etapa seguida e entrou na briga de vez pelo hepta campeonato.<\/p>\n<p>Agora, Moletta ocupa a segunda coloca\u00e7\u00e3o com 443 pontos, atr\u00e1s somente de Rafael Juriti, que tem 538 pontos e concluiu a prova na Praia do Rosa em segundo lugar.<\/p>\n<p>Entre as mulheres, Laura Mira, atual vice-l\u00edder do ranking, diminuiu a dist\u00e2ncia para Sabrina Gobbo com a boa vit\u00f3ria no Sul do pa\u00eds.<\/p>\n<p>Cento e trinta e cinco pontos ainda separam as atletas a duas etapas do fim do circuito.<\/p>\n<p>Os triatletas comentaram sobre o percurso e o visual de Imbituba.<\/p>\n<p>\u201cA Praia do Rosa tem um potencial muito grande. \u00c9 paradis\u00edaco mesmo, talvez o mais lindo do circuito inteiro, com v\u00e1rios locais a serem explorados na regi\u00e3o. Enfim, o Sul merece uma prova do XTERRA por ano\u201d, sugeriu Felipe Moletta.<\/p>\n<p>\u201cFoi uma prova muito acelerada, muito intensa e r\u00e1pida. Tiveram pequenos trechos de single track, o que sempre gera boa divers\u00e3o, descidas com double track, dowhill com pedras soltas, bastante eros\u00e3o e esta parte foi a mais t\u00e9cnica. Imbituba com sua paisagem de praia, alguns bosques, ent\u00e3o deixou tudo perfeito.<\/p>\n<p>O trecho da corrida foi lindo, com uma costeira, uma subida grande que dava para avistar outras praias, como a de Ibiraquera por exemplo. J\u00e1 estou torcendo para que a etapa fique no calend\u00e1rio de 2019, pois quero voltar para esta cidade maravilhosa, que tem uma vibe muito legal, v\u00e1rios atletas de surfe e kite surfe, tem tudo a ver com o XTERRA\u201d, opinou Laura.<\/p>\n<p><img loading=\"lazy\" decoding=\"async\" class=\"alignnone size-full wp-image-10943\" src=\"https:\/\/www.mormaii.com.br\/site\/wp-content\/uploads\/2018\/10\/XTERRA-Praia-do-Rosa-percurso.jpeg\" alt=\"\" width=\"1280\" height=\"854\" srcset=\"https:\/\/www.mormaii.com.br\/site\/wp-content\/uploads\/2018\/10\/XTERRA-Praia-do-Rosa-percurso.jpeg 1280w, https:\/\/www.mormaii.com.br\/site\/wp-content\/uploads\/2018\/10\/XTERRA-Praia-do-Rosa-percurso-300x200.jpeg 300w, https:\/\/www.mormaii.com.br\/site\/wp-content\/uploads\/2018\/10\/XTERRA-Praia-do-Rosa-percurso-768x512.jpeg 768w, https:\/\/www.mormaii.com.br\/site\/wp-content\/uploads\/2018\/10\/XTERRA-Praia-do-Rosa-percurso-1024x683.jpeg 1024w, https:\/\/www.mormaii.com.br\/site\/wp-content\/uploads\/2018\/10\/XTERRA-Praia-do-Rosa-percurso-1170x780.jpeg 1170w, https:\/\/www.mormaii.com.br\/site\/wp-content\/uploads\/2018\/10\/XTERRA-Praia-do-Rosa-percurso-600x400.jpeg 600w\" sizes=\"(max-width: 1280px) 100vw, 1280px\" \/><\/p>\n<h3>Trail run 22,5 km<\/h3>\n<p>Atual campe\u00e3o em 2017, o mineiro Ant\u00f4nio Gon\u00e7alves parece estar decidido a defender seu t\u00edtulo com unhas e dentes, ou melhor, com muita velocidade e preparo f\u00edsico.<\/p>\n<p>O corredor da equipe Apu\u00e3 Vertical ficou fora de quatro etapas de 2018 por conta de uma les\u00e3o na coxa direita, mas voltou com tudo e emplacou a sua segunda vit\u00f3ria seguida (Estrada Real e Praia do Rosa), o que j\u00e1 o coloca na vice-lideran\u00e7a do ranking.<\/p>\n<p>Nesta reta final de temporada, Ant\u00f4nio vem com for\u00e7a total!<\/p>\n<p>Com uma vit\u00f3ria tranquila entre os homens, na categoria feminina n\u00e3o foi diferente.<\/p>\n<p>Silvia Durigon levou o trof\u00e9u de ouro e conseguiu uma performance avassaladora, com 6 minutos de folga para a segunda melhor posicionada.<\/p>\n<p><img loading=\"lazy\" decoding=\"async\" class=\"alignnone size-full wp-image-10948\" src=\"https:\/\/www.mormaii.com.br\/site\/wp-content\/uploads\/2018\/10\/Os-ciclistas-aceleraram-nos-terrenos-catarinenses-da-Praia-do-Rosa.jpeg\" alt=\"\" width=\"1280\" height=\"853\" srcset=\"https:\/\/www.mormaii.com.br\/site\/wp-content\/uploads\/2018\/10\/Os-ciclistas-aceleraram-nos-terrenos-catarinenses-da-Praia-do-Rosa.jpeg 1280w, https:\/\/www.mormaii.com.br\/site\/wp-content\/uploads\/2018\/10\/Os-ciclistas-aceleraram-nos-terrenos-catarinenses-da-Praia-do-Rosa-300x200.jpeg 300w, https:\/\/www.mormaii.com.br\/site\/wp-content\/uploads\/2018\/10\/Os-ciclistas-aceleraram-nos-terrenos-catarinenses-da-Praia-do-Rosa-768x512.jpeg 768w, https:\/\/www.mormaii.com.br\/site\/wp-content\/uploads\/2018\/10\/Os-ciclistas-aceleraram-nos-terrenos-catarinenses-da-Praia-do-Rosa-1024x682.jpeg 1024w, https:\/\/www.mormaii.com.br\/site\/wp-content\/uploads\/2018\/10\/Os-ciclistas-aceleraram-nos-terrenos-catarinenses-da-Praia-do-Rosa-1170x780.jpeg 1170w, https:\/\/www.mormaii.com.br\/site\/wp-content\/uploads\/2018\/10\/Os-ciclistas-aceleraram-nos-terrenos-catarinenses-da-Praia-do-Rosa-600x400.jpeg 600w\" sizes=\"(max-width: 1280px) 100vw, 1280px\" \/><\/p>\n<h3>MTB Cup Pro<\/h3>\n<p>Daniel Grossi e Wolfgang Felipe travaram uma verdadeira batalha sobre duas rodas.<\/p>\n<p>Os ciclistas animaram os f\u00e3s do esporte com uma reta final espetacular.<\/p>\n<p>Grossi, nos \u00faltimos metros, acabou abrindo uma leve vantagem que lhe rendeu o lugar mais alto do p\u00f3dio do XTERRA Praia do Rosa.<\/p>\n<p>Apenas quatro segundos separaram os profissionais, que pedalaram mais de 40 km pelas trilhas, dunas, matas e estradas de Imbituba.<\/p>\n<p>Com um percurso de baixa altimetria e muito estrad\u00e3o, a competi\u00e7\u00e3o acabou sendo um pouco diferente das habituais no mundo XTERRA, por\u00e9m comemorada por todos os que desejam acelerar em espa\u00e7o plano.<\/p>\n<p>Entre as mo\u00e7as, Karoline Meyer, Aline de Almeida e Rosemeri Peir\u00e3o integraram o p\u00f3dio respectivamente.<\/p>\n<p>As tr\u00eas atletas participaram do XTERRA pela primeira vez em 2018.<\/p>\n<p><img loading=\"lazy\" decoding=\"async\" class=\"alignnone size-full wp-image-10946\" src=\"https:\/\/www.mormaii.com.br\/site\/wp-content\/uploads\/2018\/10\/Swim-Challenge-15-km-no-mar-de-Imbituba.jpeg\" alt=\"\" width=\"1280\" height=\"853\" srcset=\"https:\/\/www.mormaii.com.br\/site\/wp-content\/uploads\/2018\/10\/Swim-Challenge-15-km-no-mar-de-Imbituba.jpeg 1280w, https:\/\/www.mormaii.com.br\/site\/wp-content\/uploads\/2018\/10\/Swim-Challenge-15-km-no-mar-de-Imbituba-300x200.jpeg 300w, https:\/\/www.mormaii.com.br\/site\/wp-content\/uploads\/2018\/10\/Swim-Challenge-15-km-no-mar-de-Imbituba-768x512.jpeg 768w, https:\/\/www.mormaii.com.br\/site\/wp-content\/uploads\/2018\/10\/Swim-Challenge-15-km-no-mar-de-Imbituba-1024x682.jpeg 1024w, https:\/\/www.mormaii.com.br\/site\/wp-content\/uploads\/2018\/10\/Swim-Challenge-15-km-no-mar-de-Imbituba-1170x780.jpeg 1170w, https:\/\/www.mormaii.com.br\/site\/wp-content\/uploads\/2018\/10\/Swim-Challenge-15-km-no-mar-de-Imbituba-600x400.jpeg 600w\" sizes=\"(max-width: 1280px) 100vw, 1280px\" \/><\/p>\n<h3>Swim Challenge 1,5 km e 3 km<\/h3>\n<p>Na parte aqu\u00e1tica, o lindo mar da Praia do Rosa foi o palco do show dos nadadores XTERRA.<\/p>\n<p>Nos 1,5 km, Rafael Berra, Jo\u00e3o Vitor Vitorino, Alexandre Groeler, Diego Dunzer e Lorenzo Netto travaram uma competi\u00e7\u00e3o bem emocionante.<\/p>\n<p>Os cinco terminaram na ordem respectiva citada e agitaram o p\u00fablico presente, que n\u00e3o desgrudava os olhos da \u00e1gua, esperando quem seria o primeiro a cruzar a linha de chegada.<\/p>\n<p>Entre as mulheres, a curitibana Anna J\u00falia Hatschbach sobrou e venceu sem dificuldades, com exatos dois minutos \u00e0 frente da segunda colocada.<\/p>\n<p>Nos 3 km, Regina Feldmann e Gabriel Fragomi foram os grandes vencedores.<\/p>\n<p><a href=\"http:\/\/xterrabrasil.com.br\/tour\/praia-do-rosa\/\" target=\"_blank\" rel=\"noopener\">Todos os resultados do XTERRA Camp Praia do Rosa 2018 podem ser conferidos clicando aqui.<\/a><\/p>\n<div id=\"attachment_8934\" style=\"width: 1410px\" class=\"wp-caption alignnone\"><a href=\"https:\/\/www.mormaiishop.com.br\/triathlon\" target=\"_blank\" rel=\"noopener\"><img loading=\"lazy\" decoding=\"async\" aria-describedby=\"caption-attachment-8934\" class=\"wp-image-8934 size-full\" src=\"https:\/\/www.mormaii.com.br\/site\/wp-content\/uploads\/2018\/04\/mormaii-triathlon.jpg\" alt=\"Clique e confira a linha Mormaii Triathlon\" width=\"1400\" height=\"440\" srcset=\"https:\/\/www.mormaii.com.br\/site\/wp-content\/uploads\/2018\/04\/mormaii-triathlon.jpg 1400w, https:\/\/www.mormaii.com.br\/site\/wp-content\/uploads\/2018\/04\/mormaii-triathlon-300x94.jpg 300w, https:\/\/www.mormaii.com.br\/site\/wp-content\/uploads\/2018\/04\/mormaii-triathlon-768x241.jpg 768w, https:\/\/www.mormaii.com.br\/site\/wp-content\/uploads\/2018\/04\/mormaii-triathlon-1024x322.jpg 1024w, https:\/\/www.mormaii.com.br\/site\/wp-content\/uploads\/2018\/04\/mormaii-triathlon-600x189.jpg 600w\" sizes=\"(max-width: 1400px) 100vw, 1400px\" \/><\/a><p id=\"caption-attachment-8934\" class=\"wp-caption-text\">Clique e confira a linha Mormaii Triathlon<\/p><\/div>\n","protected":false},"excerpt":{"rendered":"<p>XTERRA Praia do Rosa O XTERRA Praia do Rosa teve cen\u00e1rio paradis\u00edaco e dois dias de competi\u00e7\u00f5es acirradas. Realizado pela primeira vez no Sul de Santa Catarina, maior festival de esportes off-road do mundo reuniu 700 atletas; Felipe Moletta e Laura Mira venceram no Triathlon. A expectativa era grande desde o in\u00edcio da temporada e [&hellip;]<\/p>\n","protected":false},"author":5,"featured_media":10944,"comment_status":"closed","ping_status":"closed","sticky":false,"template":"","format":"standard","meta":{"_uag_custom_page_level_css":"","_mi_skip_tracking":false,"footnotes":""},"categories":[40,914,7],"tags":[282,29,370,497,824],"class_list":["post-10928","post","type-post","status-publish","format-standard","has-post-thumbnail","hentry","category-esportes","category-mormaii","category-novidades","tag-home","tag-mormaii","tag-natacao","tag-triathlon","tag-xterra-praia-do-rosa"],"acf":[],"uagb_featured_image_src":{"full":["https:\/\/www.mormaii.com.br\/site\/wp-content\/uploads\/2018\/10\/XTERRA-Praia-do-Rosa-percurso-2.jpeg",1280,853,false],"thumbnail":["https:\/\/www.mormaii.com.br\/site\/wp-content\/uploads\/2018\/10\/XTERRA-Praia-do-Rosa-percurso-2-150x150.jpeg",150,150,true],"medium":["https:\/\/www.mormaii.com.br\/site\/wp-content\/uploads\/2018\/10\/XTERRA-Praia-do-Rosa-percurso-2-300x200.jpeg",300,200,true],"medium_large":["https:\/\/www.mormaii.com.br\/site\/wp-content\/uploads\/2018\/10\/XTERRA-Praia-do-Rosa-percurso-2-768x512.jpeg",768,512,true],"large":["https:\/\/www.mormaii.com.br\/site\/wp-content\/uploads\/2018\/10\/XTERRA-Praia-do-Rosa-percurso-2-1024x682.jpeg",1024,682,true],"1536x1536":["https:\/\/www.mormaii.com.br\/site\/wp-content\/uploads\/2018\/10\/XTERRA-Praia-do-Rosa-percurso-2.jpeg",1280,853,false],"2048x2048":["https:\/\/www.mormaii.com.br\/site\/wp-content\/uploads\/2018\/10\/XTERRA-Praia-do-Rosa-percurso-2.jpeg",1280,853,false],"qi_addons_for_elementor_image_size_square":["https:\/\/www.mormaii.com.br\/site\/wp-content\/uploads\/2018\/10\/XTERRA-Praia-do-Rosa-percurso-2.jpeg",650,433,false],"qi_addons_for_elementor_image_size_landscape":["https:\/\/www.mormaii.com.br\/site\/wp-content\/uploads\/2018\/10\/XTERRA-Praia-do-Rosa-percurso-2.jpeg",975,650,false],"qi_addons_for_elementor_image_size_portrait":["https:\/\/www.mormaii.com.br\/site\/wp-content\/uploads\/2018\/10\/XTERRA-Praia-do-Rosa-percurso-2.jpeg",650,433,false],"qi_addons_for_elementor_image_size_huge-square":["https:\/\/www.mormaii.com.br\/site\/wp-content\/uploads\/2018\/10\/XTERRA-Praia-do-Rosa-percurso-2.jpeg",1280,853,false]},"uagb_author_info":{"display_name":"Tissot","author_link":"https:\/\/www.mormaii.com.br\/site\/author\/fabiano\/"},"uagb_comment_info":0,"uagb_excerpt":"XTERRA Praia do Rosa O XTERRA Praia do Rosa teve cen\u00e1rio paradis\u00edaco e dois dias de competi\u00e7\u00f5es acirradas. Realizado pela primeira vez no Sul de Santa Catarina, maior festival de esportes off-road do mundo reuniu 700 atletas; Felipe Moletta e Laura Mira venceram no Triathlon. A expectativa era grande desde o in\u00edcio da temporada e&hellip;","_links":{"self":[{"href":"https:\/\/www.mormaii.com.br\/site\/wp-json\/wp\/v2\/posts\/10928"}],"collection":[{"href":"https:\/\/www.mormaii.com.br\/site\/wp-json\/wp\/v2\/posts"}],"about":[{"href":"https:\/\/www.mormaii.com.br\/site\/wp-json\/wp\/v2\/types\/post"}],"author":[{"embeddable":true,"href":"https:\/\/www.mormaii.com.br\/site\/wp-json\/wp\/v2\/users\/5"}],"replies":[{"embeddable":true,"href":"https:\/\/www.mormaii.com.br\/site\/wp-json\/wp\/v2\/comments?post=10928"}],"version-history":[{"count":2,"href":"https:\/\/www.mormaii.com.br\/site\/wp-json\/wp\/v2\/posts\/10928\/revisions"}],"predecessor-version":[{"id":10965,"href":"https:\/\/www.mormaii.com.br\/site\/wp-json\/wp\/v2\/posts\/10928\/revisions\/10965"}],"wp:featuredmedia":[{"embeddable":true,"href":"https:\/\/www.mormaii.com.br\/site\/wp-json\/wp\/v2\/media\/10944"}],"wp:attachment":[{"href":"https:\/\/www.mormaii.com.br\/site\/wp-json\/wp\/v2\/media?parent=10928"}],"wp:term":[{"taxonomy":"category","embeddable":true,"href":"https:\/\/www.mormaii.com.br\/site\/wp-json\/wp\/v2\/categories?post=10928"},{"taxonomy":"post_tag","embeddable":true,"href":"https:\/\/www.mormaii.com.br\/site\/wp-json\/wp\/v2\/tags?post=10928"}],"curies":[{"name":"wp","href":"https:\/\/api.w.org\/{rel}","templated":true}]}}