{"id":1094,"date":"2016-04-04T13:33:38","date_gmt":"2016-04-04T16:33:38","guid":{"rendered":"http:\/\/www.mormaii.com.br\/site\/?p=1094"},"modified":"2022-06-10T10:50:51","modified_gmt":"2022-06-10T13:50:51","slug":"noticiasandre-barbieri-e-campeao-da-etapa-mundial-de-paratriathlon","status":"publish","type":"post","link":"https:\/\/www.mormaii.com.br\/site\/noticiasandre-barbieri-e-campeao-da-etapa-mundial-de-paratriathlon\/","title":{"rendered":"Andr\u00e9 Barbieri \u00e9 campe\u00e3o da etapa mundial de Paratriathlon"},"content":{"rendered":"<p><\/p>\n<p>Ol\u00e1 amigos do site Mormaii! Venho aqui contar minha aventura para encerrar o calend\u00e1rio competitivo desse ano (encerrar com chave de ouro eu deveria escrever).<\/p>\n<p>A \u00faltima etapa do Campeonato Mundial de Paratriathlon da ITU, e a etapa final do Campeonato Brasileiro de Paratriathlon, aconteceram nesse s\u00e1bado, dia 11 de outubro, em Manaus (AM).<\/p>\n<p>Foi minha primeira vez por l\u00e1. J\u00e1 participei de provas em locais quentes, mas esse era um&nbsp;<em>animal<\/em>&nbsp;diferente\u2026 O calor, junto com a umidade elevada da regi\u00e3o, fazem uma combina\u00e7\u00e3o sinistra!<\/p>\n<p>A hidrata\u00e7\u00e3o e a suplementa\u00e7\u00e3o s\u00e3o muito importantes e, mais do que nunca, foi importante ter chegado cedo pra adapta\u00e7\u00e3o ao clima. Com uma semana de anteced\u00eancia, encontrei um&nbsp;<em>brother<\/em>&nbsp;e treinamos juntos durante os piores hor\u00e1rios de sol do dia. Pra sofrer mesmo!<\/p>\n<p>Me senti preparado no s\u00e1bado, que amanheceu&nbsp;<em>n\u00e3o t\u00e3o quente<\/em>&nbsp;para padr\u00f5es locais. Por\u00e9m, a prova castigou os competidores, pois come\u00e7ou \u00e0s 11h da manh\u00e3.<\/p>\n<p>A nata\u00e7\u00e3o no Rio Negro \u00e9 show! Dizem, por aqui, que n\u00e3o tem jacar\u00e9s, piranhas e candirus. Ent\u00e3o, vamos acreditar neles que \u00e9 melhor!<\/p>\n<p>A \u00e1gua \u00e9 quente como sopa, sendo assim, \u00e9 f\u00e1cil super aquecer se voc\u00ea n\u00e3o se cuidar. Fiquei em d\u00favida por um tempo se iria ou n\u00e3o usar roupa de borracha e optei pelo long cavado Mormaii, para m\u00e1xima flutua\u00e7\u00e3o.<\/p>\n<p>A prova foi eletrizante e trocou de lideran\u00e7a 4 vezes, foi transmitida ao vivo pela Amazon Sat e pela Rede Record.<\/p>\n<p>Sai da \u00e1gua me sentindo bem, em segundo lugar, e a caminhada em subida para chegar at\u00e9 a \u00e1rea de transi\u00e7\u00e3o foi uma das mais longas que j\u00e1 fiz, consumiu muita energia!<\/p>\n<p>Na metade do percurso da bike, assumi a lideran\u00e7a pela primeira vez, onde fiquei at\u00e9 instantes antes da 2\u00aa transi\u00e7\u00e3o, quando um outro competidor da minha categoria passou voando por mim.<\/p>\n<p>Fiquei indignado, pois ele saiu antes para correr, mas fiz uma transi\u00e7\u00e3o r\u00e1pida e sa\u00ed falando para mim mesmo que a prova n\u00e3o acabaria at\u00e9 que cruz\u00e1ssemos a linha de chegada. At\u00e9 l\u00e1 muita coisa ainda ia acontecer\u2026<\/p>\n<p>O calor, as dores e a f\u00e9 come\u00e7am a te abalar quando a energia vai acabando, mas fiz uso de todas paradas de \u00e1gua para r\u00e1pidas refrescadas.<\/p>\n<p>Na reta final (faltando cerca de 500m) busquei uma energia do al\u00e9m e engatei uma terceira marcha para ultrapassar o primeiro colocado. Assumi a lideran\u00e7a e venci a prova com muita emo\u00e7\u00e3o, al\u00e9m de bater meu pr\u00f3prio recorde!<\/p>\n<p>Com isso, me sagrei campe\u00e3o da etapa nacional e mundial, e ainda conquistei a 2\u00aa vaga do ranking nacional 2014! Tenho agora um carinho muito especial por Manaus, o povo de l\u00e1 \u00e9 incrivelmente acolhedor.<\/p>\n<p>Foi gratificante esse resultado, depois de um ano forte de muito treino. Por\u00e9m, n\u00e3o \u00e9 hora de descansar, pois a competi\u00e7\u00e3o \u00e9 intensa e ano que vem ser\u00e1 crucial para realizar o sonho (para) ol\u00edmpico.<\/p>\n<p>Obrigado Mormaii pela for\u00e7a e \u00e0 todos que vem torcendo por mim! Um abra\u00e7\u00e3o!<\/p>\n<p>[Fotos: Arquivo Pessoal]<\/p>\n","protected":false},"excerpt":{"rendered":"<p>Ol\u00e1 amigos do site Mormaii! Venho aqui contar minha aventura para encerrar o calend\u00e1rio competitivo desse ano (encerrar com chave de ouro eu deveria escrever). A \u00faltima etapa do Campeonato Mundial de Paratriathlon da ITU, e a etapa final do Campeonato Brasileiro de Paratriathlon, aconteceram nesse s\u00e1bado, dia 11 de outubro, em Manaus (AM). Foi [&hellip;]<\/p>\n","protected":false},"author":3,"featured_media":1095,"comment_status":"open","ping_status":"open","sticky":false,"template":"","format":"standard","meta":{"_uag_custom_page_level_css":"","_mi_skip_tracking":false,"footnotes":""},"categories":[40,914,7],"tags":[],"class_list":["post-1094","post","type-post","status-publish","format-standard","has-post-thumbnail","hentry","category-esportes","category-mormaii","category-novidades"],"acf":[],"uagb_featured_image_src":{"full":["https:\/\/www.mormaii.com.br\/site\/wp-content\/uploads\/2017\/06\/9e10a55be5d7a138b2d5.jpg",1600,959,false],"thumbnail":["https:\/\/www.mormaii.com.br\/site\/wp-content\/uploads\/2017\/06\/9e10a55be5d7a138b2d5-150x150.jpg",150,150,true],"medium":["https:\/\/www.mormaii.com.br\/site\/wp-content\/uploads\/2017\/06\/9e10a55be5d7a138b2d5-300x180.jpg",300,180,true],"medium_large":["https:\/\/www.mormaii.com.br\/site\/wp-content\/uploads\/2017\/06\/9e10a55be5d7a138b2d5-768x460.jpg",768,460,true],"large":["https:\/\/www.mormaii.com.br\/site\/wp-content\/uploads\/2017\/06\/9e10a55be5d7a138b2d5-1024x614.jpg",1024,614,true],"1536x1536":["https:\/\/www.mormaii.com.br\/site\/wp-content\/uploads\/2017\/06\/9e10a55be5d7a138b2d5.jpg",1536,921,false],"2048x2048":["https:\/\/www.mormaii.com.br\/site\/wp-content\/uploads\/2017\/06\/9e10a55be5d7a138b2d5.jpg",1600,959,false],"qi_addons_for_elementor_image_size_square":["https:\/\/www.mormaii.com.br\/site\/wp-content\/uploads\/2017\/06\/9e10a55be5d7a138b2d5.jpg",650,390,false],"qi_addons_for_elementor_image_size_landscape":["https:\/\/www.mormaii.com.br\/site\/wp-content\/uploads\/2017\/06\/9e10a55be5d7a138b2d5.jpg",1084,650,false],"qi_addons_for_elementor_image_size_portrait":["https:\/\/www.mormaii.com.br\/site\/wp-content\/uploads\/2017\/06\/9e10a55be5d7a138b2d5.jpg",650,390,false],"qi_addons_for_elementor_image_size_huge-square":["https:\/\/www.mormaii.com.br\/site\/wp-content\/uploads\/2017\/06\/9e10a55be5d7a138b2d5.jpg",1300,779,false]},"uagb_author_info":{"display_name":"mormaii_importer","author_link":"https:\/\/www.mormaii.com.br\/site\/author\/mormaii_importer\/"},"uagb_comment_info":0,"uagb_excerpt":"Ol\u00e1 amigos do site Mormaii! Venho aqui contar minha aventura para encerrar o calend\u00e1rio competitivo desse ano (encerrar com chave de ouro eu deveria escrever). A \u00faltima etapa do Campeonato Mundial de Paratriathlon da ITU, e a etapa final do Campeonato Brasileiro de Paratriathlon, aconteceram nesse s\u00e1bado, dia 11 de outubro, em Manaus (AM). Foi&hellip;","_links":{"self":[{"href":"https:\/\/www.mormaii.com.br\/site\/wp-json\/wp\/v2\/posts\/1094"}],"collection":[{"href":"https:\/\/www.mormaii.com.br\/site\/wp-json\/wp\/v2\/posts"}],"about":[{"href":"https:\/\/www.mormaii.com.br\/site\/wp-json\/wp\/v2\/types\/post"}],"author":[{"embeddable":true,"href":"https:\/\/www.mormaii.com.br\/site\/wp-json\/wp\/v2\/users\/3"}],"replies":[{"embeddable":true,"href":"https:\/\/www.mormaii.com.br\/site\/wp-json\/wp\/v2\/comments?post=1094"}],"version-history":[{"count":1,"href":"https:\/\/www.mormaii.com.br\/site\/wp-json\/wp\/v2\/posts\/1094\/revisions"}],"predecessor-version":[{"id":6747,"href":"https:\/\/www.mormaii.com.br\/site\/wp-json\/wp\/v2\/posts\/1094\/revisions\/6747"}],"wp:featuredmedia":[{"embeddable":true,"href":"https:\/\/www.mormaii.com.br\/site\/wp-json\/wp\/v2\/media\/1095"}],"wp:attachment":[{"href":"https:\/\/www.mormaii.com.br\/site\/wp-json\/wp\/v2\/media?parent=1094"}],"wp:term":[{"taxonomy":"category","embeddable":true,"href":"https:\/\/www.mormaii.com.br\/site\/wp-json\/wp\/v2\/categories?post=1094"},{"taxonomy":"post_tag","embeddable":true,"href":"https:\/\/www.mormaii.com.br\/site\/wp-json\/wp\/v2\/tags?post=1094"}],"curies":[{"name":"wp","href":"https:\/\/api.w.org\/{rel}","templated":true}]}}