{"id":11015,"date":"2018-11-02T00:04:40","date_gmt":"2018-11-02T03:04:40","guid":{"rendered":"https:\/\/www.mormaii.com.br\/site\/?p=11015"},"modified":"2022-06-10T10:53:08","modified_gmt":"2022-06-10T13:53:08","slug":"regata-mormaii","status":"publish","type":"post","link":"https:\/\/www.mormaii.com.br\/site\/regata-mormaii\/","title":{"rendered":"17\u00aa Regata Mormaii de Vela Oce\u00e2nica"},"content":{"rendered":"<h3><img loading=\"lazy\" decoding=\"async\" class=\"alignnone size-full wp-image-11016\" src=\"https:\/\/www.mormaii.com.br\/site\/wp-content\/uploads\/2018\/10\/17-regata-de-vela-oceanica-mormaii.jpg\" alt=\"\" width=\"700\" height=\"400\" srcset=\"https:\/\/www.mormaii.com.br\/site\/wp-content\/uploads\/2018\/10\/17-regata-de-vela-oceanica-mormaii.jpg 700w, https:\/\/www.mormaii.com.br\/site\/wp-content\/uploads\/2018\/10\/17-regata-de-vela-oceanica-mormaii-300x171.jpg 300w, https:\/\/www.mormaii.com.br\/site\/wp-content\/uploads\/2018\/10\/17-regata-de-vela-oceanica-mormaii-600x343.jpg 600w\" sizes=\"(max-width: 700px) 100vw, 700px\" \/><\/h3>\n<h3>Regata Mormaii<\/h3>\n<p>A Regata Mormaii, \u00a0v\u00e1lida como oitava etapa da Copa Veleiros de Oceano 2018, \u00e9 um dos mais tradicionais eventos de vela oce\u00e2nica do Brasil.<\/p>\n<p>Batizada oficialmente de 17\u00aa Regata de Vela Oce\u00e2nica Mormaii, acontece s\u00e1bado, dia 10 de novembro, com largada marcada para a sede Oce\u00e2nica de Jurer\u00ea, Ilha de Florian\u00f3polis, Santa Catarina.<\/p>\n<h3>Iate Clube de Santa Catarina Veleiros da Ilha<\/h3>\n<p>Organizada anualmente pelo Iate Clube de Santa Catarina Veleiros da Ilha, em parceria com a Mormaii, o evento chega a sua 17\u00aa edi\u00e7\u00e3o, sendo um dos mais prestigiados do calend\u00e1rio anual de competi\u00e7\u00f5es.<\/p>\n<p>As tripula\u00e7\u00f5es ter\u00e3o um lindo desafio pela frente e a Mormaii deseja boa sorte aos participantes.<\/p>\n<h3>As etapas da Copa Veleiros de Oceano 2018<\/h3>\n<ul>\n<li>REGATA FORTALEZAS<br \/>\n03\/03\/2018 \u00e0 03\/03\/2018 Sede Central<\/li>\n<li>REGATA CIDADE DE FLORIAN\u00d3POLIS<br \/>\n24\/03\/2018 \u00e0 24\/03\/2018 Sede Central<\/li>\n<li>REGATA TRIPULA\u00c7\u00c3O<br \/>\n16\/06\/2018 \u00e0 16\/06\/2018 Sede Central<\/li>\n<li>REGATAS LINEARES<br \/>\n30\/06\/2018 \u00e0 01\/07\/2018 Sede Oce\u00e2nica &#8211; Jurer\u00ea<\/li>\n<li>REGATA BA\u00cdA SUL GUILHERME BERNARD<br \/>\n25\/08\/2018 \u00e0 25\/08\/2018 Sede Central<\/li>\n<li>REGATA PORTO BELO 186 ANOS<br \/>\n15\/09\/2018 \u00e0 15\/09\/2018 Sede Oce\u00e2nica\/Porto Belo<\/li>\n<li>REGATA MAREJADA<br \/>\n06\/10\/2018 \u00e0 06\/10\/2018 Jurer\u00ea\/Itaja\u00ed<\/li>\n<li>REGATA MORMAII<br \/>\n10\/11\/2018 \u00e0 10\/11\/2018 Jurer\u00ea<\/li>\n<li>REGATA VOLTA A ILHA DE SANTA CATARINA<br \/>\n08\/12\/2018 \u00e0 08\/12\/2018 Sede Central<\/li>\n<\/ul>\n<p><img loading=\"lazy\" decoding=\"async\" class=\"alignnone size-full wp-image-11017\" src=\"https:\/\/www.mormaii.com.br\/site\/wp-content\/uploads\/2018\/10\/regata-mormaii.jpg\" alt=\"\" width=\"700\" height=\"400\" srcset=\"https:\/\/www.mormaii.com.br\/site\/wp-content\/uploads\/2018\/10\/regata-mormaii.jpg 700w, https:\/\/www.mormaii.com.br\/site\/wp-content\/uploads\/2018\/10\/regata-mormaii-300x171.jpg 300w, https:\/\/www.mormaii.com.br\/site\/wp-content\/uploads\/2018\/10\/regata-mormaii-600x343.jpg 600w\" sizes=\"(max-width: 700px) 100vw, 700px\" \/><\/p>\n<h3>Um pouco de hist\u00f3ria<\/h3>\n<p>Numa \u00e9poca em que 60 mil pessoas viviam na capital catarinense e que bastava apenas uma ponte \u2013 a Herc\u00edlio Luz \u2013 para o ir e vir por terra, um grupo composto por 22 velejadores decidiu desligar-se do Iate Clube de Florian\u00f3polis e constituir uma nova agremia\u00e7\u00e3o.<\/p>\n<p>Surgia o Clube Veleiros da Ilha de Santa Catarina, a 1\u00ba de dezembro de 1942, com alguns barcos da classe Sharpie que podiam ser contados nos dedos.<\/p>\n<p>Ao longo dos anos mudou de nome, tornou-se o Iate Clube de Santa Catarina \u2013 Veleiros da Ilha (ICSC) e s\u00f3 fez crescer, tornando-se a maior agremia\u00e7\u00e3o n\u00e1utica do estado.<\/p>\n<p>Hoje pertence a cerca de 700 s\u00f3cios com 400 embarca\u00e7\u00f5es e \u00e9 refer\u00eancia para o mundo n\u00e1utico em um estado que soma 500 quil\u00f4metros de litoral.<\/p>\n<p>Um dos impulsos para aquele pequeno grupo de homens do mar resolver criar um novo espa\u00e7o parece ter sido o desejo de construir um barco da classe Sharpie, j\u00e1 que um dos velejadores, \u00c2ngelo Medeiros, tinha uma planta da embarca\u00e7\u00e3o.<\/p>\n<p>Naquela \u00e9poca, era com os barcos Sharpie que os velejadores melhor se identificavam, conquistando muitas vit\u00f3rias em n\u00edvel nacional.<\/p>\n<p>Mas a classe foi sendo superada aos poucos, desaparecendo das Olimp\u00edadas e dos Jogos Panamericanos, e os atletas do Clube passaram a ter bons resultados no pa\u00eds com o Snipe, a partir da d\u00e9cada de 1970.<\/p>\n<p>Ainda nessa d\u00e9cada, barcos Optimist, Laser e Hobie Cat come\u00e7aram a fazer sucesso entre os s\u00f3cios.<\/p>\n<p>As pescas oce\u00e2nica e de trapiche eram grande destaque.<\/p>\n<p>A mudan\u00e7a do nome ocorreu em reuni\u00e3o do Conselho Deliberativo de 3 de outubro de 1975, e ent\u00e3o o Clube passou a manter interc\u00e2mbio com as grandes associa\u00e7\u00f5es n\u00e1uticas do pa\u00eds.<\/p>\n<p>Nos anos 1980, o p\u00e1tio j\u00e1 estava repleto de monotipos, veleiros e lanchas de todos os portes.<\/p>\n<p>Tamb\u00e9m nos anos 80 foi adquirido o terreno de 4 mil metros quadrados para a constru\u00e7\u00e3o da subsede da Praia de Jurer\u00ea, hoje com mais de 7 mil metros quadrados.<\/p>\n<p>J\u00e1 a sede central est\u00e1 com mais de 22 mil metros quadrados.<\/p>\n<p>Em ambas as instala\u00e7\u00f5es, os s\u00f3cios e seus familiares contam com uma infra-estrutura eficiente tanto para o lazer como para os esportes n\u00e1uticos.<\/p>\n<p>Entre os in\u00fameros eventos organizados, est\u00e1 a tradicional Regata Mormaii de Vela Oce\u00e2nica, a qual voc\u00ea \u00e9 nosso convidado para prestigiar.<\/p>\n<p><span id=\"_ctl2_Content\"><strong>Refer\u00eancia<\/strong>:\u00a0Livro \u201c Iate Clube de Santa Catarina- Veleiros da Ilha \u2013 Cinq\u00fcenta Anos de Hist\u00f3ria\u201d de Laura Machado Hubener, Ros\u00e2ngela Melo Machado, Joi Cletison Alves e Reinaldo Lindolfo Lohn e editado pela Universidade Federal de Santa Catarina.<\/span><\/p>\n<h3>Sede Oce\u00e2nica de Jurer\u00ea<\/h3>\n<p>Rodovia Tertuliano Brito Xavier, 3.052<\/p>\n<p>Jurer\u00ea \u2013 Florian\u00f3polis \u2013 SC \u2013 Brasil \u2013 CEP 88054-601<\/p>\n<p><i>Alto da estrada entre Jurer\u00ea e Canasvieiras<\/i><\/p>\n<p>Coordenadas:\u00a027\u00ba26\u20190\u2019\u2019 S \/ 48\u00ba28\u20198\u2019\u2019 W<\/p>\n<p>Fone:\u00a0(48) 32661280\/ (48) 9.91050387<\/p>\n<p>Email:\u00a0sedejurere@icsc.com.br<\/p>\n<p>Comunica\u00e7\u00e3o via r\u00e1dio:\u00a0Canal 16, Prefixo Bravo 26<\/p>\n<p><a href=\"https:\/\/www.mormaiishop.com.br\/roupas\/Masculino?PS=12&amp;map=c,specificationFilter_59&amp;O=OrderByReleaseDateDESC\" target=\"_blank\" rel=\"noopener\"><img loading=\"lazy\" decoding=\"async\" class=\"alignnone wp-image-11018 size-full\" src=\"https:\/\/www.mormaii.com.br\/site\/wp-content\/uploads\/2018\/10\/spring-mormaii.jpg\" alt=\"\" width=\"1170\" height=\"373\" srcset=\"https:\/\/www.mormaii.com.br\/site\/wp-content\/uploads\/2018\/10\/spring-mormaii.jpg 1170w, https:\/\/www.mormaii.com.br\/site\/wp-content\/uploads\/2018\/10\/spring-mormaii-300x96.jpg 300w, https:\/\/www.mormaii.com.br\/site\/wp-content\/uploads\/2018\/10\/spring-mormaii-768x245.jpg 768w, https:\/\/www.mormaii.com.br\/site\/wp-content\/uploads\/2018\/10\/spring-mormaii-1024x326.jpg 1024w, https:\/\/www.mormaii.com.br\/site\/wp-content\/uploads\/2018\/10\/spring-mormaii-600x191.jpg 600w\" sizes=\"(max-width: 1170px) 100vw, 1170px\" \/><\/a><\/p>\n","protected":false},"excerpt":{"rendered":"<p>Regata Mormaii A Regata Mormaii, \u00a0v\u00e1lida como oitava etapa da Copa Veleiros de Oceano 2018, \u00e9 um dos mais tradicionais eventos de vela oce\u00e2nica do Brasil. Batizada oficialmente de 17\u00aa Regata de Vela Oce\u00e2nica Mormaii, acontece s\u00e1bado, dia 10 de novembro, com largada marcada para a sede Oce\u00e2nica de Jurer\u00ea, Ilha de Florian\u00f3polis, Santa Catarina. [&hellip;]<\/p>\n","protected":false},"author":5,"featured_media":11016,"comment_status":"closed","ping_status":"closed","sticky":false,"template":"","format":"standard","meta":{"_uag_custom_page_level_css":"","_mi_skip_tracking":false,"footnotes":""},"categories":[40,914,7],"tags":[480,282,29,827,828],"class_list":["post-11015","post","type-post","status-publish","format-standard","has-post-thumbnail","hentry","category-esportes","category-mormaii","category-novidades","tag-florianopolis","tag-home","tag-mormaii","tag-regata-mormaii","tag-vela-oceanica"],"acf":[],"uagb_featured_image_src":{"full":["https:\/\/www.mormaii.com.br\/site\/wp-content\/uploads\/2018\/10\/17-regata-de-vela-oceanica-mormaii.jpg",700,400,false],"thumbnail":["https:\/\/www.mormaii.com.br\/site\/wp-content\/uploads\/2018\/10\/17-regata-de-vela-oceanica-mormaii-150x150.jpg",150,150,true],"medium":["https:\/\/www.mormaii.com.br\/site\/wp-content\/uploads\/2018\/10\/17-regata-de-vela-oceanica-mormaii-300x171.jpg",300,171,true],"medium_large":["https:\/\/www.mormaii.com.br\/site\/wp-content\/uploads\/2018\/10\/17-regata-de-vela-oceanica-mormaii.jpg",700,400,false],"large":["https:\/\/www.mormaii.com.br\/site\/wp-content\/uploads\/2018\/10\/17-regata-de-vela-oceanica-mormaii.jpg",700,400,false],"1536x1536":["https:\/\/www.mormaii.com.br\/site\/wp-content\/uploads\/2018\/10\/17-regata-de-vela-oceanica-mormaii.jpg",700,400,false],"2048x2048":["https:\/\/www.mormaii.com.br\/site\/wp-content\/uploads\/2018\/10\/17-regata-de-vela-oceanica-mormaii.jpg",700,400,false],"qi_addons_for_elementor_image_size_square":["https:\/\/www.mormaii.com.br\/site\/wp-content\/uploads\/2018\/10\/17-regata-de-vela-oceanica-mormaii.jpg",650,371,false],"qi_addons_for_elementor_image_size_landscape":["https:\/\/www.mormaii.com.br\/site\/wp-content\/uploads\/2018\/10\/17-regata-de-vela-oceanica-mormaii.jpg",700,400,false],"qi_addons_for_elementor_image_size_portrait":["https:\/\/www.mormaii.com.br\/site\/wp-content\/uploads\/2018\/10\/17-regata-de-vela-oceanica-mormaii.jpg",650,371,false],"qi_addons_for_elementor_image_size_huge-square":["https:\/\/www.mormaii.com.br\/site\/wp-content\/uploads\/2018\/10\/17-regata-de-vela-oceanica-mormaii.jpg",700,400,false]},"uagb_author_info":{"display_name":"Tissot","author_link":"https:\/\/www.mormaii.com.br\/site\/author\/fabiano\/"},"uagb_comment_info":0,"uagb_excerpt":"Regata Mormaii A Regata Mormaii, \u00a0v\u00e1lida como oitava etapa da Copa Veleiros de Oceano 2018, \u00e9 um dos mais tradicionais eventos de vela oce\u00e2nica do Brasil. Batizada oficialmente de 17\u00aa Regata de Vela Oce\u00e2nica Mormaii, acontece s\u00e1bado, dia 10 de novembro, com largada marcada para a sede Oce\u00e2nica de Jurer\u00ea, Ilha de Florian\u00f3polis, Santa Catarina.&hellip;","_links":{"self":[{"href":"https:\/\/www.mormaii.com.br\/site\/wp-json\/wp\/v2\/posts\/11015"}],"collection":[{"href":"https:\/\/www.mormaii.com.br\/site\/wp-json\/wp\/v2\/posts"}],"about":[{"href":"https:\/\/www.mormaii.com.br\/site\/wp-json\/wp\/v2\/types\/post"}],"author":[{"embeddable":true,"href":"https:\/\/www.mormaii.com.br\/site\/wp-json\/wp\/v2\/users\/5"}],"replies":[{"embeddable":true,"href":"https:\/\/www.mormaii.com.br\/site\/wp-json\/wp\/v2\/comments?post=11015"}],"version-history":[{"count":4,"href":"https:\/\/www.mormaii.com.br\/site\/wp-json\/wp\/v2\/posts\/11015\/revisions"}],"predecessor-version":[{"id":11022,"href":"https:\/\/www.mormaii.com.br\/site\/wp-json\/wp\/v2\/posts\/11015\/revisions\/11022"}],"wp:featuredmedia":[{"embeddable":true,"href":"https:\/\/www.mormaii.com.br\/site\/wp-json\/wp\/v2\/media\/11016"}],"wp:attachment":[{"href":"https:\/\/www.mormaii.com.br\/site\/wp-json\/wp\/v2\/media?parent=11015"}],"wp:term":[{"taxonomy":"category","embeddable":true,"href":"https:\/\/www.mormaii.com.br\/site\/wp-json\/wp\/v2\/categories?post=11015"},{"taxonomy":"post_tag","embeddable":true,"href":"https:\/\/www.mormaii.com.br\/site\/wp-json\/wp\/v2\/tags?post=11015"}],"curies":[{"name":"wp","href":"https:\/\/api.w.org\/{rel}","templated":true}]}}