{"id":1108,"date":"2016-04-04T13:33:38","date_gmt":"2016-04-04T16:33:38","guid":{"rendered":"http:\/\/www.mormaii.com.br\/site\/?p=1108"},"modified":"2017-10-20T10:48:15","modified_gmt":"2017-10-20T12:48:15","slug":"noticiassomos-todos-criancas-no-planeta-agua","status":"publish","type":"post","link":"https:\/\/www.mormaii.com.br\/site\/noticiassomos-todos-criancas-no-planeta-agua\/","title":{"rendered":"Somos todos crian\u00e7as no planeta \u00e1gua"},"content":{"rendered":"<p><\/p>\n<p>O mergulho, por si s\u00f3, j\u00e1 \u00e9 uma atividade que nos encanta, mas ver beb\u00eas de poucos meses de vida mergulhando e nadando \u00e9 algo fant\u00e1stico!<\/p>\n<p>No in\u00edcio, cheguei a pensar que precisaria ensin\u00e1-lo a mergulhar, mas o beb\u00ea j\u00e1 nasce sabendo! Foi assim com o meu pequeno Augusto.<\/p>\n<p>Depois de passar tantos meses suspenso no l\u00edquido uterino, os beb\u00eas desenvolveram uma afinidade natural pela \u00e1gua de tal forma que flutuar em uma piscina quentinha lhes parece muito mais familiar do que pisar em terra firme.<\/p>\n<p>Muitos defendem a tese de nossa origem ser aqu\u00e1tica por mostrarmos, desde o nascimento, caracter\u00edsticas que mais nos assemelham aos mam\u00edferos marinhos do que aos terrestres.<\/p>\n<p>Assim como os mam\u00edferos aqu\u00e1ticos, os seres humanos nascem com adapta\u00e7\u00f5es necess\u00e1rias para passar per\u00edodos debaixo da \u00e1gua.<\/p>\n<p>\u00c9 o reflexo de imers\u00e3o, uma rea\u00e7\u00e3o fisiol\u00f3gica desencadeada pela imers\u00e3o do corpo na \u00e1gua, que reduz os batimentos card\u00edacos e provoca vasoconstri\u00e7\u00e3o, fazendo com que o organismo reduza o consumo de oxig\u00eanio e otimize a sua entrega para os \u00f3rg\u00e3os vitais.<\/p>\n<p>Outro reflexo, ou resposta involunt\u00e1ria, que ocorre nos beb\u00eas, acontece na regi\u00e3o da laringe (chamado tamb\u00e9m de bloqueio de glote), no qual ele instintivamente prende a respira\u00e7\u00e3o e n\u00e3o inala \u00e1gua.<\/p>\n<p>A pr\u00f3pria posi\u00e7\u00e3o da laringe \u00e9 um fato curioso. Enquanto em quase todos os mam\u00edferos terrestres a laringe se localiza no interior da cavidade nasal, nos seres humanos a laringe fica na garganta, assim como acontece com as baleias e golfinhos, o que lhes permite fechar a traqu\u00e9ia durante o mergulho.<\/p>\n<p>Nosso corpo sem p\u00ealos tamb\u00e9m indica isso. O homem primitivo teria perdido progressivamente sua pelagem para se locomover melhor no ambiente aqu\u00e1tico, diminuindo o atrito e aumentando a velocidade, assim como aconteceu com os mam\u00edferos aqu\u00e1ticos.<\/p>\n<p>Os humanos tamb\u00e9m s\u00e3o os \u00fanicos mam\u00edferos capazes de controlar a pr\u00f3pria respira\u00e7\u00e3o, de forma volunt\u00e1ria. Segundo especialistas, essa \u00e9 uma caracter\u00edstica que s\u00f3 se desenvolve em animais nadadores.<\/p>\n<p>Acreditando nessa origem aqu\u00e1tica, decidimos levar nosso beb\u00ea para um encontro com a piscina, nessa nova vida fora do \u00fatero. Da primeira vez que entrou na \u00e1gua, nem percebeu que estava l\u00e1\u2026 continuou dormindo.<\/p>\n<p>\u00c9 claro que o beb\u00ea n\u00e3o vai para a \u00e1gua somente para mergulhar, ele tamb\u00e9m revive e melhora sua nata\u00e7\u00e3o, cujos benef\u00edcios v\u00e3o muito al\u00e9m da piscina.<\/p>\n<p>Por isso, na sequ\u00eancia, procuramos um profissional para orientar melhor os primeiros passos neste retorno ao ambiente aqu\u00e1tico e \u00e0 nata\u00e7\u00e3o. Encontramos o professor Carlos Ernesto, mais conhecido por Dani Nata\u00e7\u00e3o.<\/p>\n<p>O m\u00e9todo Dani Nata\u00e7\u00e3o procura respeitar os interesses de cada conjunto (beb\u00eas e respons\u00e1veis) permitindo que cada um procure executar as atividades que mais lhes atraem e, ao mesmo tempo, proporcionar seguran\u00e7a (muitos beb\u00eas, a partir dos 30 meses de idade, j\u00e1 sabem nadar e levantar a cabe\u00e7a para respirar).<\/p>\n<p>S\u00e3o in\u00fameros os benef\u00edcios obtidos pela pr\u00e1tica da nata\u00e7\u00e3o infantil, saber nadar facilita muito as brincadeiras em \u00e1guas de piscinas, rios e mares. Foi nesse ambiente seguro que nosso beb\u00ea deu seu primeiro mergulho.<\/p>\n<p>Ao nadar, o beb\u00ea desenvolve a psicomotricidade, a coordena\u00e7\u00e3o, o equil\u00edbrio e o conhecimento do espa\u00e7o, adquirindo mais for\u00e7a muscular e um grande sentimento de independ\u00eancia e auto-confian\u00e7a, que o ajudar\u00e3o fora da \u00e1gua tamb\u00e9m, inclusive no caminhar.<\/p>\n<p>Em virtude da perda da gravidade, a \u00e1gua propicia ao beb\u00ea uma variedade enorme de movimentos, exerc\u00edcios suaves que, combinados com uma temperatura agrad\u00e1vel do ambiente e da piscina, relaxam o beb\u00ea, estimulam o seu apetite, melhoram o sono e o humor.<\/p>\n<p>\u00c9 comprovada tamb\u00e9m a estimula\u00e7\u00e3o que a \u00e1gua provoca no intelecto, no sistema imunol\u00f3gico, no sistema c\u00e1rdio, circulat\u00f3rio e respirat\u00f3rio.<\/p>\n<p>O beb\u00eas desenvolvem, no meio aqu\u00e1tico, habilidades vitais de sobreviv\u00eancia, adquirindo maior capacidade de ultrapassar momentos dif\u00edceis, o que lhes permite tornarem-se adultos mais aut\u00f4nomos, seguros e soci\u00e1veis.<\/p>\n<p>Enfim, n\u00e3o precisamos sequer acreditar na tese de nossos ancestrais aqu\u00e1ticos para constatarmos que, nosso maior presente no dia das crian\u00e7as \u00e9 devolver esses peixinhos para a \u00e1gua!<\/p>\n<p>Fazendo isto, estaremos diante de seres humanos mais adaptados, mais humanos e integrados ao universo!<\/p>\n<p>Este reencontro com a \u00e1gua, ao lado dos pais, trar\u00e1 benef\u00edcios para toda a vida e para todo o planeta azul.<\/p>\n","protected":false},"excerpt":{"rendered":"<p>O mergulho, por si s\u00f3, j\u00e1 \u00e9 uma atividade que nos encanta, mas ver beb\u00eas de poucos meses de vida mergulhando e nadando \u00e9 algo fant\u00e1stico! No in\u00edcio, cheguei a pensar que precisaria ensin\u00e1-lo a mergulhar, mas o beb\u00ea j\u00e1 nasce sabendo! Foi assim com o meu pequeno Augusto. Depois de passar tantos meses suspenso [&hellip;]<\/p>\n","protected":false},"author":3,"featured_media":1109,"comment_status":"open","ping_status":"open","sticky":false,"template":"","format":"standard","meta":{"_uag_custom_page_level_css":"","_mi_skip_tracking":false,"footnotes":""},"categories":[7],"tags":[],"class_list":["post-1108","post","type-post","status-publish","format-standard","has-post-thumbnail","hentry","category-novidades"],"acf":[],"uagb_featured_image_src":{"full":["https:\/\/www.mormaii.com.br\/site\/wp-content\/uploads\/2017\/06\/b994ac0c9be2ce3fdf4a.jpg",1600,959,false],"thumbnail":["https:\/\/www.mormaii.com.br\/site\/wp-content\/uploads\/2017\/06\/b994ac0c9be2ce3fdf4a-150x150.jpg",150,150,true],"medium":["https:\/\/www.mormaii.com.br\/site\/wp-content\/uploads\/2017\/06\/b994ac0c9be2ce3fdf4a-300x180.jpg",300,180,true],"medium_large":["https:\/\/www.mormaii.com.br\/site\/wp-content\/uploads\/2017\/06\/b994ac0c9be2ce3fdf4a-768x460.jpg",768,460,true],"large":["https:\/\/www.mormaii.com.br\/site\/wp-content\/uploads\/2017\/06\/b994ac0c9be2ce3fdf4a-1024x614.jpg",1024,614,true],"1536x1536":["https:\/\/www.mormaii.com.br\/site\/wp-content\/uploads\/2017\/06\/b994ac0c9be2ce3fdf4a.jpg",1536,921,false],"2048x2048":["https:\/\/www.mormaii.com.br\/site\/wp-content\/uploads\/2017\/06\/b994ac0c9be2ce3fdf4a.jpg",1600,959,false],"qi_addons_for_elementor_image_size_square":["https:\/\/www.mormaii.com.br\/site\/wp-content\/uploads\/2017\/06\/b994ac0c9be2ce3fdf4a.jpg",650,390,false],"qi_addons_for_elementor_image_size_landscape":["https:\/\/www.mormaii.com.br\/site\/wp-content\/uploads\/2017\/06\/b994ac0c9be2ce3fdf4a.jpg",1084,650,false],"qi_addons_for_elementor_image_size_portrait":["https:\/\/www.mormaii.com.br\/site\/wp-content\/uploads\/2017\/06\/b994ac0c9be2ce3fdf4a.jpg",650,390,false],"qi_addons_for_elementor_image_size_huge-square":["https:\/\/www.mormaii.com.br\/site\/wp-content\/uploads\/2017\/06\/b994ac0c9be2ce3fdf4a.jpg",1300,779,false]},"uagb_author_info":{"display_name":"mormaii_importer","author_link":"https:\/\/www.mormaii.com.br\/site\/author\/mormaii_importer\/"},"uagb_comment_info":0,"uagb_excerpt":"O mergulho, por si s\u00f3, j\u00e1 \u00e9 uma atividade que nos encanta, mas ver beb\u00eas de poucos meses de vida mergulhando e nadando \u00e9 algo fant\u00e1stico! No in\u00edcio, cheguei a pensar que precisaria ensin\u00e1-lo a mergulhar, mas o beb\u00ea j\u00e1 nasce sabendo! Foi assim com o meu pequeno Augusto. Depois de passar tantos meses suspenso&hellip;","_links":{"self":[{"href":"https:\/\/www.mormaii.com.br\/site\/wp-json\/wp\/v2\/posts\/1108"}],"collection":[{"href":"https:\/\/www.mormaii.com.br\/site\/wp-json\/wp\/v2\/posts"}],"about":[{"href":"https:\/\/www.mormaii.com.br\/site\/wp-json\/wp\/v2\/types\/post"}],"author":[{"embeddable":true,"href":"https:\/\/www.mormaii.com.br\/site\/wp-json\/wp\/v2\/users\/3"}],"replies":[{"embeddable":true,"href":"https:\/\/www.mormaii.com.br\/site\/wp-json\/wp\/v2\/comments?post=1108"}],"version-history":[{"count":1,"href":"https:\/\/www.mormaii.com.br\/site\/wp-json\/wp\/v2\/posts\/1108\/revisions"}],"predecessor-version":[{"id":6757,"href":"https:\/\/www.mormaii.com.br\/site\/wp-json\/wp\/v2\/posts\/1108\/revisions\/6757"}],"wp:featuredmedia":[{"embeddable":true,"href":"https:\/\/www.mormaii.com.br\/site\/wp-json\/wp\/v2\/media\/1109"}],"wp:attachment":[{"href":"https:\/\/www.mormaii.com.br\/site\/wp-json\/wp\/v2\/media?parent=1108"}],"wp:term":[{"taxonomy":"category","embeddable":true,"href":"https:\/\/www.mormaii.com.br\/site\/wp-json\/wp\/v2\/categories?post=1108"},{"taxonomy":"post_tag","embeddable":true,"href":"https:\/\/www.mormaii.com.br\/site\/wp-json\/wp\/v2\/tags?post=1108"}],"curies":[{"name":"wp","href":"https:\/\/api.w.org\/{rel}","templated":true}]}}