{"id":11099,"date":"2018-11-13T10:16:43","date_gmt":"2018-11-13T12:16:43","guid":{"rendered":"https:\/\/www.mormaii.com.br\/site\/?p=11099"},"modified":"2022-06-10T10:53:08","modified_gmt":"2022-06-10T13:53:08","slug":"17a-regata-mormaii-jurere","status":"publish","type":"post","link":"https:\/\/www.mormaii.com.br\/site\/17a-regata-mormaii-jurere\/","title":{"rendered":"17\u00aa Regata Mormaii com condi\u00e7\u00f5es extremas em Jurer\u00ea"},"content":{"rendered":"<h3><img loading=\"lazy\" decoding=\"async\" class=\"alignnone size-full wp-image-11111\" src=\"https:\/\/www.mormaii.com.br\/site\/wp-content\/uploads\/2019\/11\/17-regata-mormaii-10.jpeg\" alt=\"\" width=\"1280\" height=\"853\" srcset=\"https:\/\/www.mormaii.com.br\/site\/wp-content\/uploads\/2019\/11\/17-regata-mormaii-10.jpeg 1280w, https:\/\/www.mormaii.com.br\/site\/wp-content\/uploads\/2019\/11\/17-regata-mormaii-10-300x200.jpeg 300w, https:\/\/www.mormaii.com.br\/site\/wp-content\/uploads\/2019\/11\/17-regata-mormaii-10-768x512.jpeg 768w, https:\/\/www.mormaii.com.br\/site\/wp-content\/uploads\/2019\/11\/17-regata-mormaii-10-1024x682.jpeg 1024w, https:\/\/www.mormaii.com.br\/site\/wp-content\/uploads\/2019\/11\/17-regata-mormaii-10-1170x780.jpeg 1170w, https:\/\/www.mormaii.com.br\/site\/wp-content\/uploads\/2019\/11\/17-regata-mormaii-10-600x400.jpeg 600w\" sizes=\"(max-width: 1280px) 100vw, 1280px\" \/><\/h3>\n<h3>17\u00aa Regata Mormaii<\/h3>\n<p>Ventos de quase 20 n\u00f3s sopraram na raia da Sede Oce\u00e2nica para a alegria dos velejadores da 17\u00aa Regata Mormaii.<\/p>\n<p>Logo pela manh\u00e3 o vento nordeste deu as caras em Jurer\u00ea e a previs\u00e3o animadora se confirmou para o s\u00e1bado, fazendo a alegria das tripula\u00e7\u00f5es que prestigiaram a 17\u00aa Regata Mormaii.<\/p>\n<p>V\u00e1lida como pen\u00faltima etapa da Copa Veleiros de Oceano 2018, o evento \u00e9 um dos mais tradicionais do calend\u00e1rio n\u00e1utico do Iate Clube de Santa Catarina e neste final de semana reuniu dezenas de velejadores para mais um dia de boas disputas e confraterniza\u00e7\u00e3o fora d\u00b4\u00e1gua.<\/p>\n<p>Pontualmente \u00e0s 12h, a Comiss\u00e3o de Regatas deu in\u00edcio ao procedimento de largada e as embarca\u00e7\u00f5es foram acompanhadas durante todo o trajeto com ventos de at\u00e9 20 n\u00f3s pelo Norte da Ilha.<\/p>\n<p>No meio da competi\u00e7\u00e3o uma forte chuva caiu em Floripa, mas nem isso atrapalhou a condi\u00e7\u00e3o de vento, que se manteve firme do in\u00edcio ao fim do dia.<\/p>\n<p><img loading=\"lazy\" decoding=\"async\" class=\"alignnone size-full wp-image-11108\" src=\"https:\/\/www.mormaii.com.br\/site\/wp-content\/uploads\/2019\/11\/17-regata-mormaii-7.jpeg\" alt=\"\" width=\"1280\" height=\"853\" srcset=\"https:\/\/www.mormaii.com.br\/site\/wp-content\/uploads\/2019\/11\/17-regata-mormaii-7.jpeg 1280w, https:\/\/www.mormaii.com.br\/site\/wp-content\/uploads\/2019\/11\/17-regata-mormaii-7-300x200.jpeg 300w, https:\/\/www.mormaii.com.br\/site\/wp-content\/uploads\/2019\/11\/17-regata-mormaii-7-768x512.jpeg 768w, https:\/\/www.mormaii.com.br\/site\/wp-content\/uploads\/2019\/11\/17-regata-mormaii-7-1024x682.jpeg 1024w, https:\/\/www.mormaii.com.br\/site\/wp-content\/uploads\/2019\/11\/17-regata-mormaii-7-1170x780.jpeg 1170w, https:\/\/www.mormaii.com.br\/site\/wp-content\/uploads\/2019\/11\/17-regata-mormaii-7-600x400.jpeg 600w\" sizes=\"(max-width: 1280px) 100vw, 1280px\" \/><\/p>\n<h3>Velocidade<\/h3>\n<p>Os barcos mais veloz seguiram em dire\u00e7\u00e3o a Ilha do Franc\u00eas, passando ainda pela Praia da Cachoeira, Ilha do Mata Fome e retornando a Ilha do Franc\u00eas antes de completar a regata na Sede Oce\u00e2nica.<\/p>\n<p>Ap\u00f3s pouco mais de 2h30 de regata o Itaja\u00ed Sailing Team foi o primeiro a completar o percurso de 20 milhas n\u00e1uticas para confirmar o t\u00edtulo de fita azul da etapa e a ta\u00e7a de campe\u00e3o na classe IRC.<\/p>\n<p>Logo atr\u00e1s da embarca\u00e7\u00e3o de Itaja\u00ed vieram Corta Vento (campe\u00e3o na C30), Kiron 4 (campe\u00e3o na ORC) e Absoluto (vice-campe\u00e3o na IRC).<\/p>\n<p><img loading=\"lazy\" decoding=\"async\" class=\"alignnone size-full wp-image-11113\" src=\"https:\/\/www.mormaii.com.br\/site\/wp-content\/uploads\/2019\/11\/17-regata-mormaii-12.jpeg\" alt=\"\" width=\"1280\" height=\"853\" srcset=\"https:\/\/www.mormaii.com.br\/site\/wp-content\/uploads\/2019\/11\/17-regata-mormaii-12.jpeg 1280w, https:\/\/www.mormaii.com.br\/site\/wp-content\/uploads\/2019\/11\/17-regata-mormaii-12-300x200.jpeg 300w, https:\/\/www.mormaii.com.br\/site\/wp-content\/uploads\/2019\/11\/17-regata-mormaii-12-768x512.jpeg 768w, https:\/\/www.mormaii.com.br\/site\/wp-content\/uploads\/2019\/11\/17-regata-mormaii-12-1024x682.jpeg 1024w, https:\/\/www.mormaii.com.br\/site\/wp-content\/uploads\/2019\/11\/17-regata-mormaii-12-1170x780.jpeg 1170w, https:\/\/www.mormaii.com.br\/site\/wp-content\/uploads\/2019\/11\/17-regata-mormaii-12-600x400.jpeg 600w\" sizes=\"(max-width: 1280px) 100vw, 1280px\" \/><\/p>\n<h3>Classe RGS<\/h3>\n<p>Com a chegada dos quatro primeiros barcos, a aten\u00e7\u00e3o ficou toda para a disputa na classe RGS.<\/p>\n<p>Todos os anos a Regata Mormaii premia o campe\u00e3o geral da categoria com o trof\u00e9u transit\u00f3rio e este ano coube a embarca\u00e7\u00e3o Bruxo erguer a ta\u00e7a de campe\u00e3o ap\u00f3s vit\u00f3ria na RGS e RGS A, completando o percurso em pouco mais de 3h26.<\/p>\n<p>Logo atr\u00e1s veio Zuriel, fechando a regata na segunda coloca\u00e7\u00e3o.<\/p>\n<p>Cumprindo o percurso menor, passando por Ilha do Franc\u00eas, Praia da Cachoeira, Praia Brava e retorno a Sede Oce\u00e2nica, as embarca\u00e7\u00f5es da classes RGS Cruzeiro fizeram uma \u00f3tima regata.<\/p>\n<p>Na RGS Cruzeiro A, o Quival foi o grande vencedor, enquanto na B, o M\u00e3e D\u00b4\u00c1gua cruzou na frente com vantagem sobre o Vento Solar.<\/p>\n<p>Ao final da regata as tripula\u00e7\u00f5es participaram de uma confraterniza\u00e7\u00e3o em terra, seguida por entrega de pr\u00eamios e distribui\u00e7\u00e3o de brindes da Mormaii.<\/p>\n<p><img loading=\"lazy\" decoding=\"async\" class=\"alignnone size-full wp-image-11103\" src=\"https:\/\/www.mormaii.com.br\/site\/wp-content\/uploads\/2019\/11\/17-regata-mormaii-2.jpeg\" alt=\"\" width=\"1280\" height=\"853\" srcset=\"https:\/\/www.mormaii.com.br\/site\/wp-content\/uploads\/2019\/11\/17-regata-mormaii-2.jpeg 1280w, https:\/\/www.mormaii.com.br\/site\/wp-content\/uploads\/2019\/11\/17-regata-mormaii-2-300x200.jpeg 300w, https:\/\/www.mormaii.com.br\/site\/wp-content\/uploads\/2019\/11\/17-regata-mormaii-2-768x512.jpeg 768w, https:\/\/www.mormaii.com.br\/site\/wp-content\/uploads\/2019\/11\/17-regata-mormaii-2-1024x682.jpeg 1024w, https:\/\/www.mormaii.com.br\/site\/wp-content\/uploads\/2019\/11\/17-regata-mormaii-2-1170x780.jpeg 1170w, https:\/\/www.mormaii.com.br\/site\/wp-content\/uploads\/2019\/11\/17-regata-mormaii-2-600x400.jpeg 600w\" sizes=\"(max-width: 1280px) 100vw, 1280px\" \/><\/p>\n<h3>Pr\u00f3xima etapa<\/h3>\n<p>A pr\u00f3xima etapa da Copa Veleiros de Oceano ser\u00e1 no dia 8 de dezembro com a Regata Volta a Ilha encerrando a temporada.<\/p>\n<p>A tradicional competi\u00e7\u00e3o de vela oce\u00e2nica do ICSC chega a sua 50\u00aa edi\u00e7\u00e3o.<\/p>\n<p>A Copa Veleiros de Oceano faz parte do Projeto Calend\u00e1rio N\u00e1utico 2018\/2019 \u2013 Cidade de Florian\u00f3polis \u2013 ANO 3 \u2013 n\u00ba SLIE 1712751-36 \u2013 Processo n\u00ba 58000.110106\/2017-57, da Lei Federal de Incentivo ao Esporte do Minist\u00e9rio do Esporte.<\/p>\n<p><img loading=\"lazy\" decoding=\"async\" class=\"alignnone size-full wp-image-11102\" src=\"https:\/\/www.mormaii.com.br\/site\/wp-content\/uploads\/2019\/11\/17-regata-mormaii-1.jpeg\" alt=\"\" width=\"1280\" height=\"853\" srcset=\"https:\/\/www.mormaii.com.br\/site\/wp-content\/uploads\/2019\/11\/17-regata-mormaii-1.jpeg 1280w, https:\/\/www.mormaii.com.br\/site\/wp-content\/uploads\/2019\/11\/17-regata-mormaii-1-300x200.jpeg 300w, https:\/\/www.mormaii.com.br\/site\/wp-content\/uploads\/2019\/11\/17-regata-mormaii-1-768x512.jpeg 768w, https:\/\/www.mormaii.com.br\/site\/wp-content\/uploads\/2019\/11\/17-regata-mormaii-1-1024x682.jpeg 1024w, https:\/\/www.mormaii.com.br\/site\/wp-content\/uploads\/2019\/11\/17-regata-mormaii-1-1170x780.jpeg 1170w, https:\/\/www.mormaii.com.br\/site\/wp-content\/uploads\/2019\/11\/17-regata-mormaii-1-600x400.jpeg 600w\" sizes=\"(max-width: 1280px) 100vw, 1280px\" \/><\/p>\n","protected":false},"excerpt":{"rendered":"<p>17\u00aa Regata Mormaii Ventos de quase 20 n\u00f3s sopraram na raia da Sede Oce\u00e2nica para a alegria dos velejadores da 17\u00aa Regata Mormaii. Logo pela manh\u00e3 o vento nordeste deu as caras em Jurer\u00ea e a previs\u00e3o animadora se confirmou para o s\u00e1bado, fazendo a alegria das tripula\u00e7\u00f5es que prestigiaram a 17\u00aa Regata Mormaii. V\u00e1lida [&hellip;]<\/p>\n","protected":false},"author":5,"featured_media":11108,"comment_status":"closed","ping_status":"closed","sticky":false,"template":"","format":"standard","meta":{"_uag_custom_page_level_css":"","_mi_skip_tracking":false,"footnotes":""},"categories":[40,914,7],"tags":[438,282,835,29,827],"class_list":["post-11099","post","type-post","status-publish","format-standard","has-post-thumbnail","hentry","category-esportes","category-mormaii","category-novidades","tag-floripa","tag-home","tag-jurere","tag-mormaii","tag-regata-mormaii"],"acf":[],"uagb_featured_image_src":{"full":["https:\/\/www.mormaii.com.br\/site\/wp-content\/uploads\/2019\/11\/17-regata-mormaii-7.jpeg",1280,853,false],"thumbnail":["https:\/\/www.mormaii.com.br\/site\/wp-content\/uploads\/2019\/11\/17-regata-mormaii-7-150x150.jpeg",150,150,true],"medium":["https:\/\/www.mormaii.com.br\/site\/wp-content\/uploads\/2019\/11\/17-regata-mormaii-7-300x200.jpeg",300,200,true],"medium_large":["https:\/\/www.mormaii.com.br\/site\/wp-content\/uploads\/2019\/11\/17-regata-mormaii-7-768x512.jpeg",768,512,true],"large":["https:\/\/www.mormaii.com.br\/site\/wp-content\/uploads\/2019\/11\/17-regata-mormaii-7-1024x682.jpeg",1024,682,true],"1536x1536":["https:\/\/www.mormaii.com.br\/site\/wp-content\/uploads\/2019\/11\/17-regata-mormaii-7.jpeg",1280,853,false],"2048x2048":["https:\/\/www.mormaii.com.br\/site\/wp-content\/uploads\/2019\/11\/17-regata-mormaii-7.jpeg",1280,853,false],"qi_addons_for_elementor_image_size_square":["https:\/\/www.mormaii.com.br\/site\/wp-content\/uploads\/2019\/11\/17-regata-mormaii-7.jpeg",650,433,false],"qi_addons_for_elementor_image_size_landscape":["https:\/\/www.mormaii.com.br\/site\/wp-content\/uploads\/2019\/11\/17-regata-mormaii-7.jpeg",975,650,false],"qi_addons_for_elementor_image_size_portrait":["https:\/\/www.mormaii.com.br\/site\/wp-content\/uploads\/2019\/11\/17-regata-mormaii-7.jpeg",650,433,false],"qi_addons_for_elementor_image_size_huge-square":["https:\/\/www.mormaii.com.br\/site\/wp-content\/uploads\/2019\/11\/17-regata-mormaii-7.jpeg",1280,853,false]},"uagb_author_info":{"display_name":"Tissot","author_link":"https:\/\/www.mormaii.com.br\/site\/author\/fabiano\/"},"uagb_comment_info":0,"uagb_excerpt":"17\u00aa Regata Mormaii Ventos de quase 20 n\u00f3s sopraram na raia da Sede Oce\u00e2nica para a alegria dos velejadores da 17\u00aa Regata Mormaii. Logo pela manh\u00e3 o vento nordeste deu as caras em Jurer\u00ea e a previs\u00e3o animadora se confirmou para o s\u00e1bado, fazendo a alegria das tripula\u00e7\u00f5es que prestigiaram a 17\u00aa Regata Mormaii. V\u00e1lida&hellip;","_links":{"self":[{"href":"https:\/\/www.mormaii.com.br\/site\/wp-json\/wp\/v2\/posts\/11099"}],"collection":[{"href":"https:\/\/www.mormaii.com.br\/site\/wp-json\/wp\/v2\/posts"}],"about":[{"href":"https:\/\/www.mormaii.com.br\/site\/wp-json\/wp\/v2\/types\/post"}],"author":[{"embeddable":true,"href":"https:\/\/www.mormaii.com.br\/site\/wp-json\/wp\/v2\/users\/5"}],"replies":[{"embeddable":true,"href":"https:\/\/www.mormaii.com.br\/site\/wp-json\/wp\/v2\/comments?post=11099"}],"version-history":[{"count":3,"href":"https:\/\/www.mormaii.com.br\/site\/wp-json\/wp\/v2\/posts\/11099\/revisions"}],"predecessor-version":[{"id":11101,"href":"https:\/\/www.mormaii.com.br\/site\/wp-json\/wp\/v2\/posts\/11099\/revisions\/11101"}],"wp:featuredmedia":[{"embeddable":true,"href":"https:\/\/www.mormaii.com.br\/site\/wp-json\/wp\/v2\/media\/11108"}],"wp:attachment":[{"href":"https:\/\/www.mormaii.com.br\/site\/wp-json\/wp\/v2\/media?parent=11099"}],"wp:term":[{"taxonomy":"category","embeddable":true,"href":"https:\/\/www.mormaii.com.br\/site\/wp-json\/wp\/v2\/categories?post=11099"},{"taxonomy":"post_tag","embeddable":true,"href":"https:\/\/www.mormaii.com.br\/site\/wp-json\/wp\/v2\/tags?post=11099"}],"curies":[{"name":"wp","href":"https:\/\/api.w.org\/{rel}","templated":true}]}}