{"id":11131,"date":"2018-11-23T00:34:13","date_gmt":"2018-11-23T02:34:13","guid":{"rendered":"https:\/\/www.mormaii.com.br\/site\/?p=11131"},"modified":"2022-06-10T10:38:48","modified_gmt":"2022-06-10T13:38:48","slug":"surf-talentos-praia-da-vila","status":"publish","type":"post","link":"https:\/\/www.mormaii.com.br\/site\/surf-talentos-praia-da-vila\/","title":{"rendered":"Circuito Surf Talentos Praia da Vila"},"content":{"rendered":"<h3><img loading=\"lazy\" decoding=\"async\" class=\"alignnone size-full wp-image-11132\" src=\"https:\/\/www.mormaii.com.br\/site\/wp-content\/uploads\/2018\/11\/POSTSsurfTALENTOSimbituba-01.jpg\" alt=\"\" width=\"700\" height=\"400\" srcset=\"https:\/\/www.mormaii.com.br\/site\/wp-content\/uploads\/2018\/11\/POSTSsurfTALENTOSimbituba-01.jpg 700w, https:\/\/www.mormaii.com.br\/site\/wp-content\/uploads\/2018\/11\/POSTSsurfTALENTOSimbituba-01-300x171.jpg 300w, https:\/\/www.mormaii.com.br\/site\/wp-content\/uploads\/2018\/11\/POSTSsurfTALENTOSimbituba-01-600x343.jpg 600w\" sizes=\"(max-width: 700px) 100vw, 700px\" \/><\/h3>\n<h3>Surf Talentos Praia da Vila<\/h3>\n<p>O\u00a0Surf Talentos Praia da Vila ser\u00e1 a pr\u00f3xima parada do Circuito Fecasurf SCTour, acontecer\u00e1 no in\u00edcio do m\u00eas de dezembro, dias 01 e 02, na praia da Vila, em Imbituba (SC).<\/p>\n<p>Pelo terceiro ano consecutivo o Surf Talentos percorre as praias de Santa Catarina com a miss\u00e3o de descobrir novos campe\u00f5es nas categorias de base do surf estadual.<\/p>\n<p>A praia da Vila \u00e9 reconhecida internacionalmente pela qualidade de suas ondas e por ter sediado por anos seguidos as etapas do WCT, Circuito Mundial de Surf, sendo palco de disputas incr\u00edveis com nomes como Kelly Slater e Andy Irons.<\/p>\n<p><img loading=\"lazy\" decoding=\"async\" class=\"alignnone size-full wp-image-11133\" src=\"https:\/\/www.mormaii.com.br\/site\/wp-content\/uploads\/2018\/11\/POSTSsurfTALENTOSimbituba-02.jpg\" alt=\"\" width=\"700\" height=\"400\" srcset=\"https:\/\/www.mormaii.com.br\/site\/wp-content\/uploads\/2018\/11\/POSTSsurfTALENTOSimbituba-02.jpg 700w, https:\/\/www.mormaii.com.br\/site\/wp-content\/uploads\/2018\/11\/POSTSsurfTALENTOSimbituba-02-300x171.jpg 300w, https:\/\/www.mormaii.com.br\/site\/wp-content\/uploads\/2018\/11\/POSTSsurfTALENTOSimbituba-02-600x343.jpg 600w\" sizes=\"(max-width: 700px) 100vw, 700px\" \/><\/p>\n<h3>Etapa de 6 mil pontos<\/h3>\n<p>O campeonato valer\u00e1 6.000 pontos para o Circuito SCQS da FECASURF.<\/p>\n<p>Elaborado especialmente para as categorias de base, com o foco de formar novos talentos e dar apoio total para as futuras gera\u00e7\u00f5es.<\/p>\n<p><img loading=\"lazy\" decoding=\"async\" class=\"alignnone size-full wp-image-11134\" src=\"https:\/\/www.mormaii.com.br\/site\/wp-content\/uploads\/2018\/11\/POSTSsurfTALENTOSimbituba-03.jpg\" alt=\"\" width=\"700\" height=\"400\" srcset=\"https:\/\/www.mormaii.com.br\/site\/wp-content\/uploads\/2018\/11\/POSTSsurfTALENTOSimbituba-03.jpg 700w, https:\/\/www.mormaii.com.br\/site\/wp-content\/uploads\/2018\/11\/POSTSsurfTALENTOSimbituba-03-300x171.jpg 300w, https:\/\/www.mormaii.com.br\/site\/wp-content\/uploads\/2018\/11\/POSTSsurfTALENTOSimbituba-03-600x343.jpg 600w\" sizes=\"(max-width: 700px) 100vw, 700px\" \/><\/p>\n<h3>Categorias<\/h3>\n<ul>\n<li>JUNIOR<\/li>\n<li>MIRIM<\/li>\n<li>INICIANTES<\/li>\n<li>INFANTIL<\/li>\n<li>PETIT<\/li>\n<li>FEMININO JUNIOR<\/li>\n<li>FEMININO INICIANTES<\/li>\n<li>FEMININO INFANTIL<\/li>\n<\/ul>\n<h3>Patroc\u00ednios<\/h3>\n<p>Com certeza um dos Circuitos de melhor premia\u00e7\u00e3o no Brasil.<\/p>\n<p>O Circuito conta com o Patroc\u00ednio da Mormaii, Dragon, Silverbay e Pr\u00f3 Ilha Surfboards.<\/p>\n<p>As inscri\u00e7\u00f5es devem ser feitas diretamente com a FECASURF (fecasurf@fecasurf.com.br). Para maiores informa\u00e7\u00f5es: (48) 3025-1880.<\/p>\n<div id=\"attachment_9700\" style=\"width: 1930px\" class=\"wp-caption alignnone\"><a href=\"https:\/\/www.mormaiishop.com.br\/wetsuits?PS=12&amp;O=OrderByPriceDESC\" target=\"_blank\" rel=\"noopener\"><img loading=\"lazy\" decoding=\"async\" aria-describedby=\"caption-attachment-9700\" class=\"wp-image-9700 size-full\" src=\"https:\/\/www.mormaii.com.br\/site\/wp-content\/uploads\/2018\/04\/1-wetsuits-mormaii-neoprene-1920x583.jpg\" alt=\"1-wetsuits-mormaii-neoprene-1920x583\" width=\"1920\" height=\"583\" srcset=\"https:\/\/www.mormaii.com.br\/site\/wp-content\/uploads\/2018\/04\/1-wetsuits-mormaii-neoprene-1920x583.jpg 1920w, https:\/\/www.mormaii.com.br\/site\/wp-content\/uploads\/2018\/04\/1-wetsuits-mormaii-neoprene-1920x583-300x91.jpg 300w, https:\/\/www.mormaii.com.br\/site\/wp-content\/uploads\/2018\/04\/1-wetsuits-mormaii-neoprene-1920x583-768x233.jpg 768w, https:\/\/www.mormaii.com.br\/site\/wp-content\/uploads\/2018\/04\/1-wetsuits-mormaii-neoprene-1920x583-1024x311.jpg 1024w, https:\/\/www.mormaii.com.br\/site\/wp-content\/uploads\/2018\/04\/1-wetsuits-mormaii-neoprene-1920x583-600x182.jpg 600w\" sizes=\"(max-width: 1920px) 100vw, 1920px\" \/><\/a><p id=\"caption-attachment-9700\" class=\"wp-caption-text\">Clique e conhe\u00e7a a linha de wetsuits Mormaii<\/p><\/div>\n","protected":false},"excerpt":{"rendered":"<p>Surf Talentos Praia da Vila O\u00a0Surf Talentos Praia da Vila ser\u00e1 a pr\u00f3xima parada do Circuito Fecasurf SCTour, acontecer\u00e1 no in\u00edcio do m\u00eas de dezembro, dias 01 e 02, na praia da Vila, em Imbituba (SC). Pelo terceiro ano consecutivo o Surf Talentos percorre as praias de Santa Catarina com a miss\u00e3o de descobrir novos [&hellip;]<\/p>\n","protected":false},"author":5,"featured_media":11133,"comment_status":"closed","ping_status":"closed","sticky":false,"template":"","format":"standard","meta":{"_uag_custom_page_level_css":"","_mi_skip_tracking":false,"footnotes":""},"categories":[40,914,7,345],"tags":[282,29,253,836],"class_list":["post-11131","post","type-post","status-publish","format-standard","has-post-thumbnail","hentry","category-esportes","category-mormaii","category-novidades","category-surf","tag-home","tag-mormaii","tag-surf","tag-surf-talentos-praia-da-vila"],"acf":[],"uagb_featured_image_src":{"full":["https:\/\/www.mormaii.com.br\/site\/wp-content\/uploads\/2018\/11\/POSTSsurfTALENTOSimbituba-02.jpg",700,400,false],"thumbnail":["https:\/\/www.mormaii.com.br\/site\/wp-content\/uploads\/2018\/11\/POSTSsurfTALENTOSimbituba-02-150x150.jpg",150,150,true],"medium":["https:\/\/www.mormaii.com.br\/site\/wp-content\/uploads\/2018\/11\/POSTSsurfTALENTOSimbituba-02-300x171.jpg",300,171,true],"medium_large":["https:\/\/www.mormaii.com.br\/site\/wp-content\/uploads\/2018\/11\/POSTSsurfTALENTOSimbituba-02.jpg",700,400,false],"large":["https:\/\/www.mormaii.com.br\/site\/wp-content\/uploads\/2018\/11\/POSTSsurfTALENTOSimbituba-02.jpg",700,400,false],"1536x1536":["https:\/\/www.mormaii.com.br\/site\/wp-content\/uploads\/2018\/11\/POSTSsurfTALENTOSimbituba-02.jpg",700,400,false],"2048x2048":["https:\/\/www.mormaii.com.br\/site\/wp-content\/uploads\/2018\/11\/POSTSsurfTALENTOSimbituba-02.jpg",700,400,false],"qi_addons_for_elementor_image_size_square":["https:\/\/www.mormaii.com.br\/site\/wp-content\/uploads\/2018\/11\/POSTSsurfTALENTOSimbituba-02.jpg",650,371,false],"qi_addons_for_elementor_image_size_landscape":["https:\/\/www.mormaii.com.br\/site\/wp-content\/uploads\/2018\/11\/POSTSsurfTALENTOSimbituba-02.jpg",700,400,false],"qi_addons_for_elementor_image_size_portrait":["https:\/\/www.mormaii.com.br\/site\/wp-content\/uploads\/2018\/11\/POSTSsurfTALENTOSimbituba-02.jpg",650,371,false],"qi_addons_for_elementor_image_size_huge-square":["https:\/\/www.mormaii.com.br\/site\/wp-content\/uploads\/2018\/11\/POSTSsurfTALENTOSimbituba-02.jpg",700,400,false]},"uagb_author_info":{"display_name":"Tissot","author_link":"https:\/\/www.mormaii.com.br\/site\/author\/fabiano\/"},"uagb_comment_info":0,"uagb_excerpt":"Surf Talentos Praia da Vila O\u00a0Surf Talentos Praia da Vila ser\u00e1 a pr\u00f3xima parada do Circuito Fecasurf SCTour, acontecer\u00e1 no in\u00edcio do m\u00eas de dezembro, dias 01 e 02, na praia da Vila, em Imbituba (SC). Pelo terceiro ano consecutivo o Surf Talentos percorre as praias de Santa Catarina com a miss\u00e3o de descobrir novos&hellip;","_links":{"self":[{"href":"https:\/\/www.mormaii.com.br\/site\/wp-json\/wp\/v2\/posts\/11131"}],"collection":[{"href":"https:\/\/www.mormaii.com.br\/site\/wp-json\/wp\/v2\/posts"}],"about":[{"href":"https:\/\/www.mormaii.com.br\/site\/wp-json\/wp\/v2\/types\/post"}],"author":[{"embeddable":true,"href":"https:\/\/www.mormaii.com.br\/site\/wp-json\/wp\/v2\/users\/5"}],"replies":[{"embeddable":true,"href":"https:\/\/www.mormaii.com.br\/site\/wp-json\/wp\/v2\/comments?post=11131"}],"version-history":[{"count":4,"href":"https:\/\/www.mormaii.com.br\/site\/wp-json\/wp\/v2\/posts\/11131\/revisions"}],"predecessor-version":[{"id":11138,"href":"https:\/\/www.mormaii.com.br\/site\/wp-json\/wp\/v2\/posts\/11131\/revisions\/11138"}],"wp:featuredmedia":[{"embeddable":true,"href":"https:\/\/www.mormaii.com.br\/site\/wp-json\/wp\/v2\/media\/11133"}],"wp:attachment":[{"href":"https:\/\/www.mormaii.com.br\/site\/wp-json\/wp\/v2\/media?parent=11131"}],"wp:term":[{"taxonomy":"category","embeddable":true,"href":"https:\/\/www.mormaii.com.br\/site\/wp-json\/wp\/v2\/categories?post=11131"},{"taxonomy":"post_tag","embeddable":true,"href":"https:\/\/www.mormaii.com.br\/site\/wp-json\/wp\/v2\/tags?post=11131"}],"curies":[{"name":"wp","href":"https:\/\/api.w.org\/{rel}","templated":true}]}}