{"id":11188,"date":"2018-12-24T00:23:24","date_gmt":"2018-12-24T02:23:24","guid":{"rendered":"https:\/\/www.mormaii.com.br\/site\/?p=11188"},"modified":"2022-06-10T10:37:37","modified_gmt":"2022-06-10T13:37:37","slug":"meia-maratona-internacional-de-florianopolis-mormaii-2018","status":"publish","type":"post","link":"https:\/\/www.mormaii.com.br\/site\/meia-maratona-internacional-de-florianopolis-mormaii-2018\/","title":{"rendered":"Demais a Meia Maratona Internacional Mormaii de Floripa"},"content":{"rendered":"<p><img loading=\"lazy\" decoding=\"async\" class=\"alignnone size-full wp-image-11198\" src=\"https:\/\/www.mormaii.com.br\/site\/wp-content\/uploads\/2019\/11\/meia-maratona-internacional-florianopolis-mormaii-1.jpg\" alt=\"\" width=\"700\" height=\"400\" srcset=\"https:\/\/www.mormaii.com.br\/site\/wp-content\/uploads\/2019\/11\/meia-maratona-internacional-florianopolis-mormaii-1.jpg 700w, https:\/\/www.mormaii.com.br\/site\/wp-content\/uploads\/2019\/11\/meia-maratona-internacional-florianopolis-mormaii-1-300x171.jpg 300w, https:\/\/www.mormaii.com.br\/site\/wp-content\/uploads\/2019\/11\/meia-maratona-internacional-florianopolis-mormaii-1-600x343.jpg 600w\" sizes=\"(max-width: 700px) 100vw, 700px\" \/><\/p>\n<h3>Meia Maratona Internacional de Florian\u00f3polis Mormaii 2018<\/h3>\n<p>Concentra\u00e7\u00e3o dominou a largada da Meia Maratona Internacional Mormaii de Florian\u00f3polis, que aconteceu neste domingo (25\/11).<\/p>\n<p>J\u00e1 na chegada, os sons se misturavam: os gritos da conquista, os choros de dor, as m\u00fasicas da torcida uruguaia e muitos sotaques e l\u00ednguas. Cerca de 6 mil atletas profissionais e amadores dividiram a sensa\u00e7\u00e3o de concluir a prova.<\/p>\n<p>O evento foi uma realiza\u00e7\u00e3o da Associa\u00e7\u00e3o de Apoio \u00e0 Cultura e Esporte de Santa Catarina (AACESC), com patroc\u00ednio da Mormaii. A Corre Brasil foi respons\u00e1vel pela organiza\u00e7\u00e3o.<\/p>\n<p><img loading=\"lazy\" decoding=\"async\" class=\"alignnone size-full wp-image-11202\" src=\"https:\/\/www.mormaii.com.br\/site\/wp-content\/uploads\/2019\/11\/meia-maratona-internacional-florianopolis-mormaii-12.jpg\" alt=\"\" width=\"700\" height=\"400\" srcset=\"https:\/\/www.mormaii.com.br\/site\/wp-content\/uploads\/2019\/11\/meia-maratona-internacional-florianopolis-mormaii-12.jpg 700w, https:\/\/www.mormaii.com.br\/site\/wp-content\/uploads\/2019\/11\/meia-maratona-internacional-florianopolis-mormaii-12-300x171.jpg 300w, https:\/\/www.mormaii.com.br\/site\/wp-content\/uploads\/2019\/11\/meia-maratona-internacional-florianopolis-mormaii-12-600x343.jpg 600w\" sizes=\"(max-width: 700px) 100vw, 700px\" \/><\/p>\n<h3>Meia Maratona<\/h3>\n<p>Na prova que d\u00e1 nome ao evento, os 21k, tanto no masculino quanto no feminino, o primeiro lugar ficou para atletas quenianos. Nicholas Kimeli Ketter finalizou a prova com 1h05min30seg e Janet Cheruto Masai completou em 1h17min00seg.<\/p>\n<p>Nos 10k, o topo do p\u00f3dio no masculino foi de Leandro Junior do Nascimento com tempo de 31min16seg e, no feminino, Daiane Marangoni Furlan que cruzou a linha de chegada com 40min12seg.<\/p>\n<p>No trecho conhecido pela velocidade, os 5k, Raul Spohn do Nascimento ficou em primeiro, completando a prova em 14min37seg. No feminino, Jocelia Melek levou o pr\u00eamio, com tempo de 17min39seg.<\/p>\n<p><img loading=\"lazy\" decoding=\"async\" class=\"alignnone size-full wp-image-11201\" src=\"https:\/\/www.mormaii.com.br\/site\/wp-content\/uploads\/2019\/11\/meia-maratona-internacional-florianopolis-mormaii-22.jpg\" alt=\"\" width=\"700\" height=\"400\" srcset=\"https:\/\/www.mormaii.com.br\/site\/wp-content\/uploads\/2019\/11\/meia-maratona-internacional-florianopolis-mormaii-22.jpg 700w, https:\/\/www.mormaii.com.br\/site\/wp-content\/uploads\/2019\/11\/meia-maratona-internacional-florianopolis-mormaii-22-300x171.jpg 300w, https:\/\/www.mormaii.com.br\/site\/wp-content\/uploads\/2019\/11\/meia-maratona-internacional-florianopolis-mormaii-22-600x343.jpg 600w\" sizes=\"(max-width: 700px) 100vw, 700px\" \/><\/p>\n<h3>Magnitude<\/h3>\n<p>Para Ricardo Ziehlsdorff, da Corre Brasil, a Meia Maratona Internacional Mormaii de Florian\u00f3polis trouxe v\u00e1rios marcos. \u201cFoi o maior evento que j\u00e1 organizamos e com um \u00edndice de aprova\u00e7\u00e3o muito alto. A inclus\u00e3o de um pelot\u00e3o de elite, com atletas brasileiros e estrangeiros que dedicam a vida ao esporte tamb\u00e9m foi bem avaliada e vamos seguir com ela, com o objetivo de valorizar esses profissionais\u201d, comenta.<\/p>\n<p><img loading=\"lazy\" decoding=\"async\" class=\"alignnone size-full wp-image-11195\" src=\"https:\/\/www.mormaii.com.br\/site\/wp-content\/uploads\/2019\/11\/meia-maratona-internacional-florianopolis-mormaii-6.jpg\" alt=\"\" width=\"700\" height=\"400\" srcset=\"https:\/\/www.mormaii.com.br\/site\/wp-content\/uploads\/2019\/11\/meia-maratona-internacional-florianopolis-mormaii-6.jpg 700w, https:\/\/www.mormaii.com.br\/site\/wp-content\/uploads\/2019\/11\/meia-maratona-internacional-florianopolis-mormaii-6-300x171.jpg 300w, https:\/\/www.mormaii.com.br\/site\/wp-content\/uploads\/2019\/11\/meia-maratona-internacional-florianopolis-mormaii-6-600x343.jpg 600w\" sizes=\"(max-width: 700px) 100vw, 700px\" \/><\/p>\n<h3>Inclus\u00e3o<\/h3>\n<p>A participa\u00e7\u00e3o de atletas estrangeiros tamb\u00e9m bateu recorde. Foram mais de 100 corredores vindos de pa\u00edses como Qu\u00eania, Uruguai, Argentina e at\u00e9 da Holanda.<\/p>\n<p>Projetos que apoiam a inclus\u00e3o de Pessoas com Defici\u00eancia (PCDs) no esporte tamb\u00e9m estavam presentes, com mais de 40 pessoas dando exemplo de supera\u00e7\u00e3o nas pistas.<\/p>\n<p><img loading=\"lazy\" decoding=\"async\" class=\"alignnone size-full wp-image-11197\" src=\"https:\/\/www.mormaii.com.br\/site\/wp-content\/uploads\/2019\/11\/meia-maratona-internacional-florianopolis-mormaii-3.jpg\" alt=\"\" width=\"700\" height=\"400\" srcset=\"https:\/\/www.mormaii.com.br\/site\/wp-content\/uploads\/2019\/11\/meia-maratona-internacional-florianopolis-mormaii-3.jpg 700w, https:\/\/www.mormaii.com.br\/site\/wp-content\/uploads\/2019\/11\/meia-maratona-internacional-florianopolis-mormaii-3-300x171.jpg 300w, https:\/\/www.mormaii.com.br\/site\/wp-content\/uploads\/2019\/11\/meia-maratona-internacional-florianopolis-mormaii-3-600x343.jpg 600w\" sizes=\"(max-width: 700px) 100vw, 700px\" \/><\/p>\n<h3><strong>Hist<\/strong><strong>\u00f3<\/strong><strong>rias da linha de chegada<\/strong><\/h3>\n<p>Maria Del Mar e K\u00e1tia Rodriguez fizeram parte do grupo que chegou animado, com a bandeira do Uruguai em punho. \u201cEssa \u00e9 a terceira vez que venho para Florian\u00f3polis para correr. Este ano fiz 5k. A cidade nos encanta, o pa\u00eds \u00e9 muito charmoso e cheio de gente bonita e que nos recebe muito bem\u201d, comenta Maria. Elas vieram em um grupo com 42 pessoas, entre atletas e seus familiares.<\/p>\n<p>Corrida tamb\u00e9m \u00e9 um dos assuntos da casa de S\u00e9rgio e Sandra Carbonera. Depois de quatro anos sem correr uma prova, eles retomaram \u00e0s competi\u00e7\u00f5es acompanhados: o filho e a nora tamb\u00e9m participaram. \u201cAl\u00e9m de ser bom para o corpo, faz bem em todos os outros aspectos e, no nosso caso, trouxe mais um tema em comum na fam\u00edlia\u201d, diz S\u00e9rgio, que cruzou a linha de chegada de m\u00e3os dadas com a esposa.<\/p>\n<p><img loading=\"lazy\" decoding=\"async\" class=\"alignnone size-full wp-image-11121\" src=\"https:\/\/www.mormaii.com.br\/site\/wp-content\/uploads\/2018\/08\/BANNERS_MEIAmaratonaFLORIPA_topoOFICIALequipamentos.jpg\" alt=\"\" width=\"1921\" height=\"583\" srcset=\"https:\/\/www.mormaii.com.br\/site\/wp-content\/uploads\/2018\/08\/BANNERS_MEIAmaratonaFLORIPA_topoOFICIALequipamentos.jpg 1921w, https:\/\/www.mormaii.com.br\/site\/wp-content\/uploads\/2018\/08\/BANNERS_MEIAmaratonaFLORIPA_topoOFICIALequipamentos-300x91.jpg 300w, https:\/\/www.mormaii.com.br\/site\/wp-content\/uploads\/2018\/08\/BANNERS_MEIAmaratonaFLORIPA_topoOFICIALequipamentos-768x233.jpg 768w, https:\/\/www.mormaii.com.br\/site\/wp-content\/uploads\/2018\/08\/BANNERS_MEIAmaratonaFLORIPA_topoOFICIALequipamentos-1024x311.jpg 1024w, https:\/\/www.mormaii.com.br\/site\/wp-content\/uploads\/2018\/08\/BANNERS_MEIAmaratonaFLORIPA_topoOFICIALequipamentos-1920x583.jpg 1920w, https:\/\/www.mormaii.com.br\/site\/wp-content\/uploads\/2018\/08\/BANNERS_MEIAmaratonaFLORIPA_topoOFICIALequipamentos-600x182.jpg 600w\" sizes=\"(max-width: 1921px) 100vw, 1921px\" \/><\/p>\n<p>&nbsp;<\/p>\n","protected":false},"excerpt":{"rendered":"<p>Meia Maratona Internacional de Florian\u00f3polis Mormaii 2018 Concentra\u00e7\u00e3o dominou a largada da Meia Maratona Internacional Mormaii de Florian\u00f3polis, que aconteceu neste domingo (25\/11). J\u00e1 na chegada, os sons se misturavam: os gritos da conquista, os choros de dor, as m\u00fasicas da torcida uruguaia e muitos sotaques e l\u00ednguas. Cerca de 6 mil atletas profissionais e [&hellip;]<\/p>\n","protected":false},"author":5,"featured_media":11198,"comment_status":"closed","ping_status":"closed","sticky":false,"template":"","format":"standard","meta":{"_uag_custom_page_level_css":"","_mi_skip_tracking":false,"footnotes":""},"categories":[40,914,7],"tags":[282,842,29],"class_list":["post-11188","post","type-post","status-publish","format-standard","has-post-thumbnail","hentry","category-esportes","category-mormaii","category-novidades","tag-home","tag-meia-maratona-florianopolis","tag-mormaii"],"acf":[],"uagb_featured_image_src":{"full":["https:\/\/www.mormaii.com.br\/site\/wp-content\/uploads\/2019\/11\/meia-maratona-internacional-florianopolis-mormaii-1.jpg",700,400,false],"thumbnail":["https:\/\/www.mormaii.com.br\/site\/wp-content\/uploads\/2019\/11\/meia-maratona-internacional-florianopolis-mormaii-1-150x150.jpg",150,150,true],"medium":["https:\/\/www.mormaii.com.br\/site\/wp-content\/uploads\/2019\/11\/meia-maratona-internacional-florianopolis-mormaii-1-300x171.jpg",300,171,true],"medium_large":["https:\/\/www.mormaii.com.br\/site\/wp-content\/uploads\/2019\/11\/meia-maratona-internacional-florianopolis-mormaii-1.jpg",700,400,false],"large":["https:\/\/www.mormaii.com.br\/site\/wp-content\/uploads\/2019\/11\/meia-maratona-internacional-florianopolis-mormaii-1.jpg",700,400,false],"1536x1536":["https:\/\/www.mormaii.com.br\/site\/wp-content\/uploads\/2019\/11\/meia-maratona-internacional-florianopolis-mormaii-1.jpg",700,400,false],"2048x2048":["https:\/\/www.mormaii.com.br\/site\/wp-content\/uploads\/2019\/11\/meia-maratona-internacional-florianopolis-mormaii-1.jpg",700,400,false],"qi_addons_for_elementor_image_size_square":["https:\/\/www.mormaii.com.br\/site\/wp-content\/uploads\/2019\/11\/meia-maratona-internacional-florianopolis-mormaii-1.jpg",650,371,false],"qi_addons_for_elementor_image_size_landscape":["https:\/\/www.mormaii.com.br\/site\/wp-content\/uploads\/2019\/11\/meia-maratona-internacional-florianopolis-mormaii-1.jpg",700,400,false],"qi_addons_for_elementor_image_size_portrait":["https:\/\/www.mormaii.com.br\/site\/wp-content\/uploads\/2019\/11\/meia-maratona-internacional-florianopolis-mormaii-1.jpg",650,371,false],"qi_addons_for_elementor_image_size_huge-square":["https:\/\/www.mormaii.com.br\/site\/wp-content\/uploads\/2019\/11\/meia-maratona-internacional-florianopolis-mormaii-1.jpg",700,400,false]},"uagb_author_info":{"display_name":"Tissot","author_link":"https:\/\/www.mormaii.com.br\/site\/author\/fabiano\/"},"uagb_comment_info":0,"uagb_excerpt":"Meia Maratona Internacional de Florian\u00f3polis Mormaii 2018 Concentra\u00e7\u00e3o dominou a largada da Meia Maratona Internacional Mormaii de Florian\u00f3polis, que aconteceu neste domingo (25\/11). J\u00e1 na chegada, os sons se misturavam: os gritos da conquista, os choros de dor, as m\u00fasicas da torcida uruguaia e muitos sotaques e l\u00ednguas. Cerca de 6 mil atletas profissionais e&hellip;","_links":{"self":[{"href":"https:\/\/www.mormaii.com.br\/site\/wp-json\/wp\/v2\/posts\/11188"}],"collection":[{"href":"https:\/\/www.mormaii.com.br\/site\/wp-json\/wp\/v2\/posts"}],"about":[{"href":"https:\/\/www.mormaii.com.br\/site\/wp-json\/wp\/v2\/types\/post"}],"author":[{"embeddable":true,"href":"https:\/\/www.mormaii.com.br\/site\/wp-json\/wp\/v2\/users\/5"}],"replies":[{"embeddable":true,"href":"https:\/\/www.mormaii.com.br\/site\/wp-json\/wp\/v2\/comments?post=11188"}],"version-history":[{"count":6,"href":"https:\/\/www.mormaii.com.br\/site\/wp-json\/wp\/v2\/posts\/11188\/revisions"}],"predecessor-version":[{"id":11205,"href":"https:\/\/www.mormaii.com.br\/site\/wp-json\/wp\/v2\/posts\/11188\/revisions\/11205"}],"wp:featuredmedia":[{"embeddable":true,"href":"https:\/\/www.mormaii.com.br\/site\/wp-json\/wp\/v2\/media\/11198"}],"wp:attachment":[{"href":"https:\/\/www.mormaii.com.br\/site\/wp-json\/wp\/v2\/media?parent=11188"}],"wp:term":[{"taxonomy":"category","embeddable":true,"href":"https:\/\/www.mormaii.com.br\/site\/wp-json\/wp\/v2\/categories?post=11188"},{"taxonomy":"post_tag","embeddable":true,"href":"https:\/\/www.mormaii.com.br\/site\/wp-json\/wp\/v2\/tags?post=11188"}],"curies":[{"name":"wp","href":"https:\/\/api.w.org\/{rel}","templated":true}]}}