{"id":11334,"date":"2018-12-18T00:00:51","date_gmt":"2018-12-18T02:00:51","guid":{"rendered":"https:\/\/www.mormaii.com.br\/site\/?p=11334"},"modified":"2022-06-10T10:38:48","modified_gmt":"2022-06-10T13:38:48","slug":"circuito-olimpico-de-triathlon-e-de-travessias-mormaii-edicao-verao","status":"publish","type":"post","link":"https:\/\/www.mormaii.com.br\/site\/circuito-olimpico-de-triathlon-e-de-travessias-mormaii-edicao-verao\/","title":{"rendered":"Circuito Ver\u00e3o de Triathlon e Travessia Mormaii"},"content":{"rendered":"<h3><img loading=\"lazy\" decoding=\"async\" class=\"alignnone size-full wp-image-11336\" src=\"https:\/\/www.mormaii.com.br\/site\/wp-content\/uploads\/2018\/12\/Tri-Olimpico-de-Ver\u00e3o-2018-27.jpg\" alt=\"\" width=\"2048\" height=\"1365\" srcset=\"https:\/\/www.mormaii.com.br\/site\/wp-content\/uploads\/2018\/12\/Tri-Olimpico-de-Ver\u00e3o-2018-27.jpg 2048w, https:\/\/www.mormaii.com.br\/site\/wp-content\/uploads\/2018\/12\/Tri-Olimpico-de-Ver\u00e3o-2018-27-300x200.jpg 300w, https:\/\/www.mormaii.com.br\/site\/wp-content\/uploads\/2018\/12\/Tri-Olimpico-de-Ver\u00e3o-2018-27-768x512.jpg 768w, https:\/\/www.mormaii.com.br\/site\/wp-content\/uploads\/2018\/12\/Tri-Olimpico-de-Ver\u00e3o-2018-27-1024x683.jpg 1024w, https:\/\/www.mormaii.com.br\/site\/wp-content\/uploads\/2018\/12\/Tri-Olimpico-de-Ver\u00e3o-2018-27-1170x780.jpg 1170w, https:\/\/www.mormaii.com.br\/site\/wp-content\/uploads\/2018\/12\/Tri-Olimpico-de-Ver\u00e3o-2018-27-600x400.jpg 600w\" sizes=\"(max-width: 2048px) 100vw, 2048px\" \/><\/h3>\n<h3>Circuito Ol\u00edmpico de Triathlon e de Travessias Mormaii &#8211; Edi\u00e7\u00e3o Ver\u00e3o<\/h3>\n<p>Foi realizado em Caiob\u00e1 (PR), neste domingo (09\/12), a 4\u00aa etapa do Circuito Ol\u00edmpico de Triathlon e de Travessias Mormaii &#8211; Edi\u00e7\u00e3o Ver\u00e3o.<\/p>\n<p>As provas contaram com a participa\u00e7\u00e3o de 950 atletas, divididos em provas de:<\/p>\n<ul>\n<li>TRIATHLON OL\u00cdMPICO \u2013 1,5km \/40km \/ 10km<\/li>\n<li>SPRINT TRIATHLON \u2013 750m \/ 20km \/ 05km<\/li>\n<li>AQUATHLON \u2013 750m \/ 05km<\/li>\n<li>TRI SUPER SPRINT \u2013 400m \/10km 2,5km<\/li>\n<li>TRI KIDS \u2013 07 \u00e0 09anos 400m\/1km\/400m 10 \u00e0 12anos 800m\/2km\/800m<\/li>\n<li>DUATHLON -05km \/ 20km \/ 05km<\/li>\n<li>TRAVESSIA \u2013 750m<\/li>\n<li>TRAVESSIA \u2013 2,3km<\/li>\n<\/ul>\n<p><img loading=\"lazy\" decoding=\"async\" class=\"alignnone size-full wp-image-11335\" src=\"https:\/\/www.mormaii.com.br\/site\/wp-content\/uploads\/2018\/12\/Tri-Olimpico-de-Ver\u00e3o-2018-140.jpg\" alt=\"\" width=\"2048\" height=\"1365\" srcset=\"https:\/\/www.mormaii.com.br\/site\/wp-content\/uploads\/2018\/12\/Tri-Olimpico-de-Ver\u00e3o-2018-140.jpg 2048w, https:\/\/www.mormaii.com.br\/site\/wp-content\/uploads\/2018\/12\/Tri-Olimpico-de-Ver\u00e3o-2018-140-300x200.jpg 300w, https:\/\/www.mormaii.com.br\/site\/wp-content\/uploads\/2018\/12\/Tri-Olimpico-de-Ver\u00e3o-2018-140-768x512.jpg 768w, https:\/\/www.mormaii.com.br\/site\/wp-content\/uploads\/2018\/12\/Tri-Olimpico-de-Ver\u00e3o-2018-140-1024x683.jpg 1024w, https:\/\/www.mormaii.com.br\/site\/wp-content\/uploads\/2018\/12\/Tri-Olimpico-de-Ver\u00e3o-2018-140-1170x780.jpg 1170w, https:\/\/www.mormaii.com.br\/site\/wp-content\/uploads\/2018\/12\/Tri-Olimpico-de-Ver\u00e3o-2018-140-600x400.jpg 600w\" sizes=\"(max-width: 2048px) 100vw, 2048px\" \/><\/p>\n<h3>Triathlon<\/h3>\n<h4>Prova Ol\u00edmpica<\/h4>\n<p>O Campe\u00e3o Geral do Triathlon Ol\u00edmpico foi Alexander Loyola Gomes (Balman), seguido por Gabriel Lecheta de Souza e em 3\u00ba Lugar Geral Roberto Paulo Licheski que foi o destaque da prova.<\/p>\n<p>No feminino a Campe\u00e3 Geral Izabele Marques de Souza, seguida por Liliane Licheski e em 3\u00ba Priscila Arttuzo.<\/p>\n<p>O primeiro a sair da \u00e1gua foi Cristian Fernandes, seguido por Licheski e Alexander Loyola logo atr\u00e1s que mais uma vez, fez o melhor pedal e corrida da prova, sagrando-se campe\u00e3o e se tornando cada vez mais o maior vencedor do Circuito do Triathlon Ol\u00edmpico de Caiob\u00e1.<\/p>\n<p>Entre as mulheres, a\u00a0primeira a sair da \u00e1gua foi Liliane que abriu bem das demais, mas Isabela Marques foi atr\u00e1s do preju\u00edzo e fez o melhor pedal, Liliane melhor nata\u00e7\u00e3o e corrida; j\u00e1 Priscila fez excelente pedal e corrida.<\/p>\n<p><img loading=\"lazy\" decoding=\"async\" class=\"alignnone size-full wp-image-11338\" src=\"https:\/\/www.mormaii.com.br\/site\/wp-content\/uploads\/2018\/12\/Tri-Olimpico-de-Ver\u00e3o-2018-30.jpg\" alt=\"\" width=\"2048\" height=\"1365\" srcset=\"https:\/\/www.mormaii.com.br\/site\/wp-content\/uploads\/2018\/12\/Tri-Olimpico-de-Ver\u00e3o-2018-30.jpg 2048w, https:\/\/www.mormaii.com.br\/site\/wp-content\/uploads\/2018\/12\/Tri-Olimpico-de-Ver\u00e3o-2018-30-300x200.jpg 300w, https:\/\/www.mormaii.com.br\/site\/wp-content\/uploads\/2018\/12\/Tri-Olimpico-de-Ver\u00e3o-2018-30-768x512.jpg 768w, https:\/\/www.mormaii.com.br\/site\/wp-content\/uploads\/2018\/12\/Tri-Olimpico-de-Ver\u00e3o-2018-30-1024x683.jpg 1024w, https:\/\/www.mormaii.com.br\/site\/wp-content\/uploads\/2018\/12\/Tri-Olimpico-de-Ver\u00e3o-2018-30-1170x780.jpg 1170w, https:\/\/www.mormaii.com.br\/site\/wp-content\/uploads\/2018\/12\/Tri-Olimpico-de-Ver\u00e3o-2018-30-600x400.jpg 600w\" sizes=\"(max-width: 2048px) 100vw, 2048px\" \/><\/p>\n<h3>Triathlon Ol\u00edmpico Masculino<\/h3>\n<p>1\u00ba ALEXANDER LOYOLA GOMES (BALMAM) 01:57:02<br \/>\n2\u00ba GABRIEL LECHETTA DE SOUZA 02:00:13<br \/>\n3\u00ba ROBERTO PAULO LICHESKI 02:02:43<\/p>\n<p>Triathlon Ol\u00edmpico Feminino<\/p>\n<p>1\u00ba ISABELA MARQUES 02:23:12<br \/>\n2\u00ba LILIANE LICHESKI 02:25:49<br \/>\n3\u00ba PRISCILA ARTTUZO 02:26:07<\/p>\n<h3>Prova Sprint Triathlon<\/h3>\n<p>Pedro Henrique Boff da Silva e Gabrielle Stefanny Lemes venceram de ponta a ponta.<\/p>\n<p>Pedro Boff e Gabrielle atletas da Escolinha de Triathlon da FPTri de Alto Rendimento e s\u00e3o grandes esperan\u00e7as Ol\u00edmpicas, pois possuem muito talento, principalmente uma excelente corrida e uma boa nata\u00e7\u00e3o, ciclismo desenvolvendo a cada prova.<\/p>\n<p>1\u00ba PEDRO BOFF HENRIQUE DA SILVA 01:05:13<br \/>\n2\u00ba CAU\u00c2 MIGLIORINI DINIZ 01:05:44<br \/>\n3\u00ba FREDERICO MONTEIRO DA SILVA 01:06:09<\/p>\n<p>1\u00ba GABRIELLE ESTEFANY LEMES 01:00:11<br \/>\n2\u00ba DESIREE FRANCINE 01:00:49<br \/>\n3\u00ba AMANDA MORO 01:01:11<\/p>\n<p><img loading=\"lazy\" decoding=\"async\" class=\"alignnone size-full wp-image-11337\" src=\"https:\/\/www.mormaii.com.br\/site\/wp-content\/uploads\/2018\/12\/Tri-Olimpico-de-Ver\u00e3o-2018-29.jpg\" alt=\"\" width=\"2048\" height=\"1365\" srcset=\"https:\/\/www.mormaii.com.br\/site\/wp-content\/uploads\/2018\/12\/Tri-Olimpico-de-Ver\u00e3o-2018-29.jpg 2048w, https:\/\/www.mormaii.com.br\/site\/wp-content\/uploads\/2018\/12\/Tri-Olimpico-de-Ver\u00e3o-2018-29-300x200.jpg 300w, https:\/\/www.mormaii.com.br\/site\/wp-content\/uploads\/2018\/12\/Tri-Olimpico-de-Ver\u00e3o-2018-29-768x512.jpg 768w, https:\/\/www.mormaii.com.br\/site\/wp-content\/uploads\/2018\/12\/Tri-Olimpico-de-Ver\u00e3o-2018-29-1024x683.jpg 1024w, https:\/\/www.mormaii.com.br\/site\/wp-content\/uploads\/2018\/12\/Tri-Olimpico-de-Ver\u00e3o-2018-29-1170x780.jpg 1170w, https:\/\/www.mormaii.com.br\/site\/wp-content\/uploads\/2018\/12\/Tri-Olimpico-de-Ver\u00e3o-2018-29-600x400.jpg 600w\" sizes=\"(max-width: 2048px) 100vw, 2048px\" \/><\/p>\n<h3>Travessia Mormaii<\/h3>\n<p>A prova contou com duas dist\u00e2ncias 750m e 2,3km, sendo que a maior de 2,3km largou da Prainha e chegou na Praia Mansa, levamos todos atletas de \u00f4nibus at\u00e9 o local da largada, o Campe\u00e3o Geral foi Marcelo Velazquez de Londrina e Milena Ruschel de Curitiba foi a Campe\u00e3 Geral e<\/p>\n<p><img loading=\"lazy\" decoding=\"async\" class=\"alignnone size-full wp-image-11339\" src=\"https:\/\/www.mormaii.com.br\/site\/wp-content\/uploads\/2018\/12\/Tri-Olimpico-de-Ver\u00e3o-2018-217.jpg\" alt=\"\" width=\"2048\" height=\"1317\" srcset=\"https:\/\/www.mormaii.com.br\/site\/wp-content\/uploads\/2018\/12\/Tri-Olimpico-de-Ver\u00e3o-2018-217.jpg 2048w, https:\/\/www.mormaii.com.br\/site\/wp-content\/uploads\/2018\/12\/Tri-Olimpico-de-Ver\u00e3o-2018-217-300x193.jpg 300w, https:\/\/www.mormaii.com.br\/site\/wp-content\/uploads\/2018\/12\/Tri-Olimpico-de-Ver\u00e3o-2018-217-768x494.jpg 768w, https:\/\/www.mormaii.com.br\/site\/wp-content\/uploads\/2018\/12\/Tri-Olimpico-de-Ver\u00e3o-2018-217-1024x659.jpg 1024w, https:\/\/www.mormaii.com.br\/site\/wp-content\/uploads\/2018\/12\/Tri-Olimpico-de-Ver\u00e3o-2018-217-600x386.jpg 600w\" sizes=\"(max-width: 2048px) 100vw, 2048px\" \/><\/p>\n<h4>Resultados<\/h4>\n<h5>Feminino 2,3km<\/h5>\n<p>1\u00ba MILENA FARIAS RUSCHEL<br \/>\n2\u00ba MARIANA BELCZAK MARUCCO<br \/>\n3\u00ba ANA LAURA MANASSES VALASKI<br \/>\n4\u00ba ISABEL VESSER<br \/>\n5\u00ba SANDRA REGINA KOCH EGG<\/p>\n<h5>Feminino 750m<\/h5>\n<p>1\u00ba ANDREA RODACKI<br \/>\n2\u00ba MARTINA BERGERSON RAMALHO<br \/>\n3\u00ba JULIA LOCOMAN<br \/>\n4\u00ba EDUARDA SANT\u2019ANNA PEREIRA<br \/>\n5\u00ba LUANA LUIZA ROSSONI<\/p>\n<p><img loading=\"lazy\" decoding=\"async\" class=\"alignnone size-full wp-image-11340\" src=\"https:\/\/www.mormaii.com.br\/site\/wp-content\/uploads\/2018\/12\/Tri-Olimpico-de-Ver\u00e3o-2018-219.jpg\" alt=\"\" width=\"2048\" height=\"1365\" srcset=\"https:\/\/www.mormaii.com.br\/site\/wp-content\/uploads\/2018\/12\/Tri-Olimpico-de-Ver\u00e3o-2018-219.jpg 2048w, https:\/\/www.mormaii.com.br\/site\/wp-content\/uploads\/2018\/12\/Tri-Olimpico-de-Ver\u00e3o-2018-219-300x200.jpg 300w, https:\/\/www.mormaii.com.br\/site\/wp-content\/uploads\/2018\/12\/Tri-Olimpico-de-Ver\u00e3o-2018-219-768x512.jpg 768w, https:\/\/www.mormaii.com.br\/site\/wp-content\/uploads\/2018\/12\/Tri-Olimpico-de-Ver\u00e3o-2018-219-1024x683.jpg 1024w, https:\/\/www.mormaii.com.br\/site\/wp-content\/uploads\/2018\/12\/Tri-Olimpico-de-Ver\u00e3o-2018-219-1170x780.jpg 1170w, https:\/\/www.mormaii.com.br\/site\/wp-content\/uploads\/2018\/12\/Tri-Olimpico-de-Ver\u00e3o-2018-219-600x400.jpg 600w\" sizes=\"(max-width: 2048px) 100vw, 2048px\" \/><\/p>\n<h5>Masculino 2,3km<\/h5>\n<p>1\u00ba MARCELO VELAZQUEZ<br \/>\n2\u00ba CLAYTON REIKDAL<br \/>\n3\u00ba ALEXANDRE KIRILOS<br \/>\n4\u00ba MARCOS PARREIRA<br \/>\n5\u00ba GABRIEL KIRCHER FRAGOMENI<\/p>\n<h5>Masculino 750m<\/h5>\n<p>1\u00ba RICARDO CZELUSNIAK DA SILVA<br \/>\n2\u00ba FABIO SCANDIAN<br \/>\n3\u00ba GUILHERME SARTORI HENDGES<br \/>\n4\u00ba AYRTON MACIEL<br \/>\n5\u00ba IWAN MYKYTCZUK<\/p>\n<p>O vencedor da prova de 2,3km do Circuito de Travessias Mormaii recebeu como pr\u00eamio uma wetsuit Mormaii Athlon.<\/p>\n<p>A Academia que colocou o maior n\u00famero de atletas no Triathlon e Travessia tamb\u00e9m recebeu uma wetsuit Mormaii Athlon.<\/p>\n<h3>Assista ao v\u00eddeo<\/h3>\n<p><iframe loading=\"lazy\" style=\"border: none; overflow: hidden;\" src=\"https:\/\/www.facebook.com\/plugins\/video.php?href=https%3A%2F%2Fwww.facebook.com%2FMormaiiOficial%2Fvideos%2F270402213640464%2F&amp;show_text=0&amp;width=700\" width=\"700\" height=\"400\" frameborder=\"0\" scrolling=\"no\" allowfullscreen=\"allowfullscreen\"><span data-mce-type=\"bookmark\" style=\"display: inline-block; width: 0px; overflow: hidden; line-height: 0;\" class=\"mce_SELRES_start\">\ufeff<\/span><\/iframe><\/p>\n<p><a href=\"http:\/\/www.triativaeventos.com.br\/\" target=\"_blank\" rel=\"noopener\">Clique aqui e confira os resultados com todas parciais.\u00a0<\/a><\/p>\n","protected":false},"excerpt":{"rendered":"<p>Circuito Ol\u00edmpico de Triathlon e de Travessias Mormaii &#8211; Edi\u00e7\u00e3o Ver\u00e3o Foi realizado em Caiob\u00e1 (PR), neste domingo (09\/12), a 4\u00aa etapa do Circuito Ol\u00edmpico de Triathlon e de Travessias Mormaii &#8211; Edi\u00e7\u00e3o Ver\u00e3o. As provas contaram com a participa\u00e7\u00e3o de 950 atletas, divididos em provas de: TRIATHLON OL\u00cdMPICO \u2013 1,5km \/40km \/ 10km SPRINT [&hellip;]<\/p>\n","protected":false},"author":5,"featured_media":11335,"comment_status":"closed","ping_status":"closed","sticky":false,"template":"","format":"standard","meta":{"_uag_custom_page_level_css":"","_mi_skip_tracking":false,"footnotes":""},"categories":[40,914,7],"tags":[615,851,850,282,29,849,497],"class_list":["post-11334","post","type-post","status-publish","format-standard","has-post-thumbnail","hentry","category-esportes","category-mormaii","category-novidades","tag-caioba","tag-circuiito-de-travessias-mormaii","tag-circuito-renault-de-triathlon-olimpico","tag-home","tag-mormaii","tag-travessias-mormaii","tag-triathlon"],"acf":[],"uagb_featured_image_src":{"full":["https:\/\/www.mormaii.com.br\/site\/wp-content\/uploads\/2018\/12\/Tri-Olimpico-de-Ver\u00e3o-2018-140.jpg",2048,1365,false],"thumbnail":["https:\/\/www.mormaii.com.br\/site\/wp-content\/uploads\/2018\/12\/Tri-Olimpico-de-Ver\u00e3o-2018-140-150x150.jpg",150,150,true],"medium":["https:\/\/www.mormaii.com.br\/site\/wp-content\/uploads\/2018\/12\/Tri-Olimpico-de-Ver\u00e3o-2018-140-300x200.jpg",300,200,true],"medium_large":["https:\/\/www.mormaii.com.br\/site\/wp-content\/uploads\/2018\/12\/Tri-Olimpico-de-Ver\u00e3o-2018-140-768x512.jpg",768,512,true],"large":["https:\/\/www.mormaii.com.br\/site\/wp-content\/uploads\/2018\/12\/Tri-Olimpico-de-Ver\u00e3o-2018-140-1024x683.jpg",1024,683,true],"1536x1536":["https:\/\/www.mormaii.com.br\/site\/wp-content\/uploads\/2018\/12\/Tri-Olimpico-de-Ver\u00e3o-2018-140.jpg",1536,1024,false],"2048x2048":["https:\/\/www.mormaii.com.br\/site\/wp-content\/uploads\/2018\/12\/Tri-Olimpico-de-Ver\u00e3o-2018-140.jpg",2048,1365,false],"qi_addons_for_elementor_image_size_square":["https:\/\/www.mormaii.com.br\/site\/wp-content\/uploads\/2018\/12\/Tri-Olimpico-de-Ver\u00e3o-2018-140.jpg",650,433,false],"qi_addons_for_elementor_image_size_landscape":["https:\/\/www.mormaii.com.br\/site\/wp-content\/uploads\/2018\/12\/Tri-Olimpico-de-Ver\u00e3o-2018-140.jpg",975,650,false],"qi_addons_for_elementor_image_size_portrait":["https:\/\/www.mormaii.com.br\/site\/wp-content\/uploads\/2018\/12\/Tri-Olimpico-de-Ver\u00e3o-2018-140.jpg",650,433,false],"qi_addons_for_elementor_image_size_huge-square":["https:\/\/www.mormaii.com.br\/site\/wp-content\/uploads\/2018\/12\/Tri-Olimpico-de-Ver\u00e3o-2018-140.jpg",1300,866,false]},"uagb_author_info":{"display_name":"Tissot","author_link":"https:\/\/www.mormaii.com.br\/site\/author\/fabiano\/"},"uagb_comment_info":0,"uagb_excerpt":"Circuito Ol\u00edmpico de Triathlon e de Travessias Mormaii &#8211; Edi\u00e7\u00e3o Ver\u00e3o Foi realizado em Caiob\u00e1 (PR), neste domingo (09\/12), a 4\u00aa etapa do Circuito Ol\u00edmpico de Triathlon e de Travessias Mormaii &#8211; Edi\u00e7\u00e3o Ver\u00e3o. As provas contaram com a participa\u00e7\u00e3o de 950 atletas, divididos em provas de: TRIATHLON OL\u00cdMPICO \u2013 1,5km \/40km \/ 10km SPRINT&hellip;","_links":{"self":[{"href":"https:\/\/www.mormaii.com.br\/site\/wp-json\/wp\/v2\/posts\/11334"}],"collection":[{"href":"https:\/\/www.mormaii.com.br\/site\/wp-json\/wp\/v2\/posts"}],"about":[{"href":"https:\/\/www.mormaii.com.br\/site\/wp-json\/wp\/v2\/types\/post"}],"author":[{"embeddable":true,"href":"https:\/\/www.mormaii.com.br\/site\/wp-json\/wp\/v2\/users\/5"}],"replies":[{"embeddable":true,"href":"https:\/\/www.mormaii.com.br\/site\/wp-json\/wp\/v2\/comments?post=11334"}],"version-history":[{"count":4,"href":"https:\/\/www.mormaii.com.br\/site\/wp-json\/wp\/v2\/posts\/11334\/revisions"}],"predecessor-version":[{"id":11344,"href":"https:\/\/www.mormaii.com.br\/site\/wp-json\/wp\/v2\/posts\/11334\/revisions\/11344"}],"wp:featuredmedia":[{"embeddable":true,"href":"https:\/\/www.mormaii.com.br\/site\/wp-json\/wp\/v2\/media\/11335"}],"wp:attachment":[{"href":"https:\/\/www.mormaii.com.br\/site\/wp-json\/wp\/v2\/media?parent=11334"}],"wp:term":[{"taxonomy":"category","embeddable":true,"href":"https:\/\/www.mormaii.com.br\/site\/wp-json\/wp\/v2\/categories?post=11334"},{"taxonomy":"post_tag","embeddable":true,"href":"https:\/\/www.mormaii.com.br\/site\/wp-json\/wp\/v2\/tags?post=11334"}],"curies":[{"name":"wp","href":"https:\/\/api.w.org\/{rel}","templated":true}]}}