{"id":1138,"date":"2016-04-04T13:33:38","date_gmt":"2016-04-04T13:33:38","guid":{"rendered":"http:\/\/www.mormaii.com.br\/site\/?p=1138"},"modified":"2022-06-10T10:28:53","modified_gmt":"2022-06-10T13:28:53","slug":"noticiasleonardo-de-deus-no-mundial-de-qatar","status":"publish","type":"post","link":"https:\/\/www.mormaii.com.br\/site\/noticiasleonardo-de-deus-no-mundial-de-qatar\/","title":{"rendered":"Leonardo de Deus no mundial de Qatar"},"content":{"rendered":"<p>O XII Campeonato Mundial de Nata\u00e7\u00e3o em Piscina Curta acontece em Doha, no Qatar, entre os dias 03 e 07 de dezembro, e&nbsp;<a href=\"http:\/\/www.mormaii.com.br\/tag\/leonardo-de-deus\/?lang=pt\" target=\"_blank\" style=\"font-size: 13px;  background-color: rgb(255, 255, 255);\" rel=\"noopener\">Leonardo de Deus<\/a>&nbsp;foi convocado para representar o Brasil nos 200m borboleta e nos 200m costas.<\/p>\n<p>Conversamos com o nadador para saber quais s\u00e3o as expectativas da prova e as dificuldades extras que se enfrenta ao participar de uma competi\u00e7\u00e3o em um local t\u00e3o distante como o Golfo P\u00e9rsico.<\/p>\n<p><strong>Voc\u00ea aguardava ansioso a convoca\u00e7\u00e3o ou estava tranquilo?<\/strong><\/p>\n<p>Estava bem tranquilo sim, j\u00e1 participo de sele\u00e7\u00f5es absolutas h\u00e1 algum tempo e a curva de performance que tive em piscina longa j\u00e1 dava para projetar o tempo em piscina curta.<\/p>\n<p><strong>Quais as provas que ir\u00e1 participar?<\/strong><\/p>\n<p>Vou participar das minhas principais provas, 200m borboleta e 200m costas. O 400m livre ainda \u00e9 uma inc\u00f3gnita, porque tenho um bom tempo em rela\u00e7\u00e3o \u00e0 Am\u00e9rica do Sul, no entanto, mundialmente, n\u00e3o \u00e9 minha melhor prova.<\/p>\n<p><strong>Ap\u00f3s o Pan Pacific, sua principal competi\u00e7\u00e3o no ano, como voc\u00ea chegar\u00e1 no Qatar, no auge da sua forma ou no meio de um ciclo para uma competi\u00e7\u00e3o futura?<\/strong><\/p>\n<p>O ciclo est\u00e1 no meio, pois meu objetivo principal s\u00e3o as Olimp\u00edadas, em 2016, ent\u00e3o, na verdade, \u00e9 uma continua\u00e7\u00e3o do trabalho que j\u00e1 est\u00e1 sendo feito, treinando mais vezes em piscina curta para encaixar o nado.<\/p>\n<p>O plano, a partir de agora, \u00e9 colocar mais ci\u00eancia, com an\u00e1lise biomec\u00e2nica e fisiol\u00f3gica, mantendo o foco na t\u00e9cnica e corrigindo alguns pontos do trabalho f\u00edsico. Haver\u00e1 bastante trabalho daqui para frente e no in\u00edcio de dezembro estaremos um pouco pesados ainda, porque temos competi\u00e7\u00f5es at\u00e9 a terceira semana de dezembro.<\/p>\n<p><strong>Quais os cuidados que se deve tomar para competir em um lugar t\u00e3o long\u00ednquo, quanto a viagem e ao fuso hor\u00e1rio?<\/strong><\/p>\n<p>Planejamento, ou seja, chegar alguns dias antes para recuperar o jet lag. Boa alimenta\u00e7\u00e3o, porque nossa imunidade baixa um pouco devido as muitas horas no avi\u00e3o e ao cansa\u00e7o. E, \u00e9 claro, treinamento na piscina para acostumar com as condi\u00e7\u00f5es de temperatura e press\u00e3o.<\/p>\n<p>Em rela\u00e7\u00e3o a alimenta\u00e7\u00e3o, ela \u00e9 o combust\u00edvel de todo atleta, minha nutricionista monta minha dieta buscando as fontes energ\u00e9ticas no alimento, suplementando s\u00f3 o necess\u00e1rio, j\u00e1 que o desgaste \u00e9 maior em um atleta de alto rendimento. Minha dieta fica montada de acordo com o per\u00edodo de treinamento que estou. O trabalho tem que ser multi e interdisciplinar.<\/p>\n<p><strong>Tradicionalmente o Qatar n\u00e3o \u00e9 uma pot\u00eancia da nata\u00e7\u00e3o, porque acredita que a FINA escolheu o pa\u00eds como sede de um mundial?<\/strong><\/p>\n<p>As estruturas em pa\u00edses assim s\u00e3o impressionantes e \u00e9 importante levar competi\u00e7\u00f5es de alto n\u00edvel para esses locais com o intuito de fomentar o esporte.<\/p>\n<p><strong>Quais as expectativas para a prova?<\/strong><\/p>\n<p>Nadar o mais r\u00e1pido poss\u00edvel e melhorar meu tempo.<\/p>\n<p><strong>Quer deixar um recado pra galera que est\u00e1 sempre torcendo por voc\u00ea?<\/strong><\/p>\n<p>Galera, s\u00f3 tenho a agradecer todo o carinho e torcida de voc\u00eas, sempre vejo os recados que mandam e me sinto mais motivado a representar o pa\u00eds, representar essas pessoas guerreiras que querem vencer e acreditam no esporte. Obrigado por me deixar fazer parte da sua vida, me sinto ainda mais aben\u00e7oado por ter voc\u00eas ao meu lado.<\/p>\n<div id=\"attachment_51772\" class=\"wp-caption aligncenter\"><img loading=\"lazy\" decoding=\"async\" data-fr-image-pasted=\"true\" class=\"size-full wp-image-51772 fr-fin\" title=\"Boa m\u00fasica at\u00e9 embaixo d'\u00e1gua | Foto: LD Sports\" src=\"http:\/\/images.mormaii.com.br\/wp-content\/uploads\/leo-foto-mormaii-LD-Sports1.jpg\" alt=\"Boa m\u00fasica at\u00e9 embaixo d'\u00e1gua | Foto: LD Sports\" width=\"600\" height=\"304\"><\/p>\n<p class=\"wp-caption-text\">&nbsp; &nbsp; &nbsp; &nbsp; &nbsp; &nbsp; &nbsp; &nbsp; &nbsp; &nbsp;&nbsp;Boa m\u00fasica at\u00e9 embaixo d&#8217;\u00e1gua | Foto: LD Sports<\/p>\n<\/div>\n","protected":false},"excerpt":{"rendered":"<p>O XII Campeonato Mundial de Nata\u00e7\u00e3o em Piscina Curta acontece em Doha, no Qatar, entre os dias 03 e 07 de dezembro, e&nbsp;Leonardo de Deus&nbsp;foi convocado para representar o Brasil nos 200m borboleta e nos 200m costas. Conversamos com o nadador para saber quais s\u00e3o as expectativas da prova e as dificuldades extras que se [&hellip;]<\/p>\n","protected":false},"author":3,"featured_media":1139,"comment_status":"open","ping_status":"open","sticky":false,"template":"","format":"standard","meta":{"_uag_custom_page_level_css":"","_mi_skip_tracking":false,"footnotes":""},"categories":[914,7],"tags":[],"class_list":["post-1138","post","type-post","status-publish","format-standard","has-post-thumbnail","hentry","category-mormaii","category-novidades"],"acf":[],"uagb_featured_image_src":{"full":["https:\/\/www.mormaii.com.br\/site\/wp-content\/uploads\/2017\/06\/0ec36361e74822f7f16c.jpg",1600,959,false],"thumbnail":["https:\/\/www.mormaii.com.br\/site\/wp-content\/uploads\/2017\/06\/0ec36361e74822f7f16c-150x150.jpg",150,150,true],"medium":["https:\/\/www.mormaii.com.br\/site\/wp-content\/uploads\/2017\/06\/0ec36361e74822f7f16c-300x180.jpg",300,180,true],"medium_large":["https:\/\/www.mormaii.com.br\/site\/wp-content\/uploads\/2017\/06\/0ec36361e74822f7f16c-768x460.jpg",768,460,true],"large":["https:\/\/www.mormaii.com.br\/site\/wp-content\/uploads\/2017\/06\/0ec36361e74822f7f16c-1024x614.jpg",1024,614,true],"1536x1536":["https:\/\/www.mormaii.com.br\/site\/wp-content\/uploads\/2017\/06\/0ec36361e74822f7f16c.jpg",1536,921,false],"2048x2048":["https:\/\/www.mormaii.com.br\/site\/wp-content\/uploads\/2017\/06\/0ec36361e74822f7f16c.jpg",1600,959,false],"qi_addons_for_elementor_image_size_square":["https:\/\/www.mormaii.com.br\/site\/wp-content\/uploads\/2017\/06\/0ec36361e74822f7f16c.jpg",650,390,false],"qi_addons_for_elementor_image_size_landscape":["https:\/\/www.mormaii.com.br\/site\/wp-content\/uploads\/2017\/06\/0ec36361e74822f7f16c.jpg",1084,650,false],"qi_addons_for_elementor_image_size_portrait":["https:\/\/www.mormaii.com.br\/site\/wp-content\/uploads\/2017\/06\/0ec36361e74822f7f16c.jpg",650,390,false],"qi_addons_for_elementor_image_size_huge-square":["https:\/\/www.mormaii.com.br\/site\/wp-content\/uploads\/2017\/06\/0ec36361e74822f7f16c.jpg",1300,779,false]},"uagb_author_info":{"display_name":"mormaii_importer","author_link":"https:\/\/www.mormaii.com.br\/site\/author\/mormaii_importer\/"},"uagb_comment_info":0,"uagb_excerpt":"O XII Campeonato Mundial de Nata\u00e7\u00e3o em Piscina Curta acontece em Doha, no Qatar, entre os dias 03 e 07 de dezembro, e&nbsp;Leonardo de Deus&nbsp;foi convocado para representar o Brasil nos 200m borboleta e nos 200m costas. Conversamos com o nadador para saber quais s\u00e3o as expectativas da prova e as dificuldades extras que se&hellip;","_links":{"self":[{"href":"https:\/\/www.mormaii.com.br\/site\/wp-json\/wp\/v2\/posts\/1138"}],"collection":[{"href":"https:\/\/www.mormaii.com.br\/site\/wp-json\/wp\/v2\/posts"}],"about":[{"href":"https:\/\/www.mormaii.com.br\/site\/wp-json\/wp\/v2\/types\/post"}],"author":[{"embeddable":true,"href":"https:\/\/www.mormaii.com.br\/site\/wp-json\/wp\/v2\/users\/3"}],"replies":[{"embeddable":true,"href":"https:\/\/www.mormaii.com.br\/site\/wp-json\/wp\/v2\/comments?post=1138"}],"version-history":[{"count":1,"href":"https:\/\/www.mormaii.com.br\/site\/wp-json\/wp\/v2\/posts\/1138\/revisions"}],"predecessor-version":[{"id":57344,"href":"https:\/\/www.mormaii.com.br\/site\/wp-json\/wp\/v2\/posts\/1138\/revisions\/57344"}],"wp:featuredmedia":[{"embeddable":true,"href":"https:\/\/www.mormaii.com.br\/site\/wp-json\/wp\/v2\/media\/1139"}],"wp:attachment":[{"href":"https:\/\/www.mormaii.com.br\/site\/wp-json\/wp\/v2\/media?parent=1138"}],"wp:term":[{"taxonomy":"category","embeddable":true,"href":"https:\/\/www.mormaii.com.br\/site\/wp-json\/wp\/v2\/categories?post=1138"},{"taxonomy":"post_tag","embeddable":true,"href":"https:\/\/www.mormaii.com.br\/site\/wp-json\/wp\/v2\/tags?post=1138"}],"curies":[{"name":"wp","href":"https:\/\/api.w.org\/{rel}","templated":true}]}}