{"id":11384,"date":"2020-04-04T00:24:05","date_gmt":"2020-04-04T03:24:05","guid":{"rendered":"https:\/\/www.mormaii.com.br\/site\/?p=11384"},"modified":"2023-03-30T10:15:09","modified_gmt":"2023-03-30T13:15:09","slug":"dr-morongo-no-programa-do-sebrae","status":"publish","type":"post","link":"https:\/\/www.mormaii.com.br\/site\/dr-morongo-no-programa-do-sebrae\/","title":{"rendered":"Dr. Morongo no programa do Sebrae"},"content":{"rendered":"<p><img loading=\"lazy\" decoding=\"async\" class=\"alignnone size-full wp-image-11385\" src=\"https:\/\/www.mormaii.com.br\/site\/wp-content\/uploads\/2019\/01\/dr-morongo-no-programa-do-sebrae.jpg\" alt=\"\" width=\"700\" height=\"400\" srcset=\"https:\/\/www.mormaii.com.br\/site\/wp-content\/uploads\/2019\/01\/dr-morongo-no-programa-do-sebrae.jpg 700w, https:\/\/www.mormaii.com.br\/site\/wp-content\/uploads\/2019\/01\/dr-morongo-no-programa-do-sebrae-300x171.jpg 300w, https:\/\/www.mormaii.com.br\/site\/wp-content\/uploads\/2019\/01\/dr-morongo-no-programa-do-sebrae-600x343.jpg 600w\" sizes=\"(max-width: 700px) 100vw, 700px\" \/><\/p>\n<h3>Dr. Morongo no programa do Sebrae<\/h3>\n<p>Dr. Morongo participou de um programa sobre empreendedorismo realizado pelo Sebrae (Servi\u00e7o Brasileiro de Apoio \u00e0s Micro e Pequenas Empresas), apresentado por Caz\u00e9 Pe\u00e7anha.<\/p>\n<p>No epis\u00f3dio que foi ao ar dia 09 de dezembro de 2018, Caz\u00e9 entrevistou o Dr. Morongo, o fundador da Mormaii, a maior empresa de esportes livres do Brasil, que hoje est\u00e1 em mais de 30 pa\u00edses.<\/p>\n<p>Durante o programa, Morongo contou sobre sua trajet\u00f3ria no mundo dos neg\u00f3cios, algo que se confunde com sua pr\u00f3pria hist\u00f3ria de vida.<\/p>\n<p>Confere a\u00ed!<\/p>\n<h3>Parte I<\/h3>\n<p><iframe loading=\"lazy\" src=\"https:\/\/www.youtube.com\/embed\/vrt_0tJ9Hcc?start=85\" width=\"700\" height=\"400\" frameborder=\"0\" allowfullscreen=\"allowfullscreen\"><\/iframe><\/p>\n<h3>Parte II<\/h3>\n<p><iframe loading=\"lazy\" src=\"https:\/\/www.youtube.com\/embed\/r92ajM5CCNE?start=193\" width=\"700\" height=\"400\" frameborder=\"0\" allowfullscreen=\"allowfullscreen\"><span data-mce-type=\"bookmark\" style=\"display: inline-block; width: 0px; overflow: hidden; line-height: 0;\" class=\"mce_SELRES_start\">\ufeff<\/span><\/iframe><\/p>\n<div id=\"attachment_9259\" style=\"width: 1412px\" class=\"wp-caption alignnone\"><a href=\"https:\/\/www.mormaiishop.com.br\/wetsuits\" target=\"_blank\" rel=\"noopener\"><img loading=\"lazy\" decoding=\"async\" aria-describedby=\"caption-attachment-9259\" class=\"wp-image-9259 size-full\" src=\"https:\/\/www.mormaii.com.br\/site\/wp-content\/uploads\/2019\/05\/mormaii-wetsuits-neoprene-carlos-burle.jpg\" alt=\"\" width=\"1402\" height=\"439\" srcset=\"https:\/\/www.mormaii.com.br\/site\/wp-content\/uploads\/2019\/05\/mormaii-wetsuits-neoprene-carlos-burle.jpg 1402w, https:\/\/www.mormaii.com.br\/site\/wp-content\/uploads\/2019\/05\/mormaii-wetsuits-neoprene-carlos-burle-300x94.jpg 300w, https:\/\/www.mormaii.com.br\/site\/wp-content\/uploads\/2019\/05\/mormaii-wetsuits-neoprene-carlos-burle-768x240.jpg 768w, https:\/\/www.mormaii.com.br\/site\/wp-content\/uploads\/2019\/05\/mormaii-wetsuits-neoprene-carlos-burle-1024x321.jpg 1024w, https:\/\/www.mormaii.com.br\/site\/wp-content\/uploads\/2019\/05\/mormaii-wetsuits-neoprene-carlos-burle-600x188.jpg 600w\" sizes=\"(max-width: 1402px) 100vw, 1402px\" \/><\/a><p id=\"caption-attachment-9259\" class=\"wp-caption-text\">Clique e confira a linha Mormaii Wetsuits<\/p><\/div>\n","protected":false},"excerpt":{"rendered":"<p>Dr. Morongo no programa do Sebrae Dr. Morongo participou de um programa sobre empreendedorismo realizado pelo Sebrae (Servi\u00e7o Brasileiro de Apoio \u00e0s Micro e Pequenas Empresas), apresentado por Caz\u00e9 Pe\u00e7anha. No epis\u00f3dio que foi ao ar dia 09 de dezembro de 2018, Caz\u00e9 entrevistou o Dr. Morongo, o fundador da Mormaii, a maior empresa de [&hellip;]<\/p>\n","protected":false},"author":5,"featured_media":11385,"comment_status":"closed","ping_status":"closed","sticky":false,"template":"","format":"standard","meta":{"_uag_custom_page_level_css":"","_mi_skip_tracking":false,"footnotes":""},"categories":[1,914,926],"tags":[405,511,282,29,855,253],"class_list":["post-11384","post","type-post","status-publish","format-standard","has-post-thumbnail","hentry","category-historia","category-mormaii","category-morongo","tag-dr-morongo","tag-empreendedorismo","tag-home","tag-mormaii","tag-sebrae","tag-surf"],"acf":[],"uagb_featured_image_src":{"full":["https:\/\/www.mormaii.com.br\/site\/wp-content\/uploads\/2019\/01\/dr-morongo-no-programa-do-sebrae.jpg",700,400,false],"thumbnail":["https:\/\/www.mormaii.com.br\/site\/wp-content\/uploads\/2019\/01\/dr-morongo-no-programa-do-sebrae-150x150.jpg",150,150,true],"medium":["https:\/\/www.mormaii.com.br\/site\/wp-content\/uploads\/2019\/01\/dr-morongo-no-programa-do-sebrae-300x171.jpg",300,171,true],"medium_large":["https:\/\/www.mormaii.com.br\/site\/wp-content\/uploads\/2019\/01\/dr-morongo-no-programa-do-sebrae.jpg",700,400,false],"large":["https:\/\/www.mormaii.com.br\/site\/wp-content\/uploads\/2019\/01\/dr-morongo-no-programa-do-sebrae.jpg",700,400,false],"1536x1536":["https:\/\/www.mormaii.com.br\/site\/wp-content\/uploads\/2019\/01\/dr-morongo-no-programa-do-sebrae.jpg",700,400,false],"2048x2048":["https:\/\/www.mormaii.com.br\/site\/wp-content\/uploads\/2019\/01\/dr-morongo-no-programa-do-sebrae.jpg",700,400,false],"qi_addons_for_elementor_image_size_square":["https:\/\/www.mormaii.com.br\/site\/wp-content\/uploads\/2019\/01\/dr-morongo-no-programa-do-sebrae.jpg",650,371,false],"qi_addons_for_elementor_image_size_landscape":["https:\/\/www.mormaii.com.br\/site\/wp-content\/uploads\/2019\/01\/dr-morongo-no-programa-do-sebrae.jpg",700,400,false],"qi_addons_for_elementor_image_size_portrait":["https:\/\/www.mormaii.com.br\/site\/wp-content\/uploads\/2019\/01\/dr-morongo-no-programa-do-sebrae.jpg",650,371,false],"qi_addons_for_elementor_image_size_huge-square":["https:\/\/www.mormaii.com.br\/site\/wp-content\/uploads\/2019\/01\/dr-morongo-no-programa-do-sebrae.jpg",700,400,false]},"uagb_author_info":{"display_name":"Tissot","author_link":"https:\/\/www.mormaii.com.br\/site\/author\/fabiano\/"},"uagb_comment_info":0,"uagb_excerpt":"Dr. Morongo no programa do Sebrae Dr. Morongo participou de um programa sobre empreendedorismo realizado pelo Sebrae (Servi\u00e7o Brasileiro de Apoio \u00e0s Micro e Pequenas Empresas), apresentado por Caz\u00e9 Pe\u00e7anha. No epis\u00f3dio que foi ao ar dia 09 de dezembro de 2018, Caz\u00e9 entrevistou o Dr. Morongo, o fundador da Mormaii, a maior empresa de&hellip;","_links":{"self":[{"href":"https:\/\/www.mormaii.com.br\/site\/wp-json\/wp\/v2\/posts\/11384"}],"collection":[{"href":"https:\/\/www.mormaii.com.br\/site\/wp-json\/wp\/v2\/posts"}],"about":[{"href":"https:\/\/www.mormaii.com.br\/site\/wp-json\/wp\/v2\/types\/post"}],"author":[{"embeddable":true,"href":"https:\/\/www.mormaii.com.br\/site\/wp-json\/wp\/v2\/users\/5"}],"replies":[{"embeddable":true,"href":"https:\/\/www.mormaii.com.br\/site\/wp-json\/wp\/v2\/comments?post=11384"}],"version-history":[{"count":1,"href":"https:\/\/www.mormaii.com.br\/site\/wp-json\/wp\/v2\/posts\/11384\/revisions"}],"predecessor-version":[{"id":11386,"href":"https:\/\/www.mormaii.com.br\/site\/wp-json\/wp\/v2\/posts\/11384\/revisions\/11386"}],"wp:featuredmedia":[{"embeddable":true,"href":"https:\/\/www.mormaii.com.br\/site\/wp-json\/wp\/v2\/media\/11385"}],"wp:attachment":[{"href":"https:\/\/www.mormaii.com.br\/site\/wp-json\/wp\/v2\/media?parent=11384"}],"wp:term":[{"taxonomy":"category","embeddable":true,"href":"https:\/\/www.mormaii.com.br\/site\/wp-json\/wp\/v2\/categories?post=11384"},{"taxonomy":"post_tag","embeddable":true,"href":"https:\/\/www.mormaii.com.br\/site\/wp-json\/wp\/v2\/tags?post=11384"}],"curies":[{"name":"wp","href":"https:\/\/api.w.org\/{rel}","templated":true}]}}