{"id":11447,"date":"2019-02-15T00:49:13","date_gmt":"2019-02-15T02:49:13","guid":{"rendered":"https:\/\/www.mormaii.com.br\/site\/?p=11447"},"modified":"2022-06-10T10:50:53","modified_gmt":"2022-06-10T13:50:53","slug":"altas-ondas-no-18o-mormaii-brasiliense-de-surf","status":"publish","type":"post","link":"https:\/\/www.mormaii.com.br\/site\/altas-ondas-no-18o-mormaii-brasiliense-de-surf\/","title":{"rendered":"Altas ondas no 18\u00ba Mormaii Brasiliense de Surf"},"content":{"rendered":"<blockquote class=\"instagram-media\" style=\"background: #FFF; border: 0; border-radius: 3px; box-shadow: 0 0 1px 0 rgba(0,0,0,0.5),0 1px 10px 0 rgba(0,0,0,0.15); margin: 1px; max-width: 700px; min-width: 400px; padding: 0; width: calc(100% - 2px);\" data-instgrm-permalink=\"https:\/\/www.instagram.com\/p\/BtgrZ7JAHpL\/?utm_source=ig_embed&amp;utm_medium=loading\" data-instgrm-version=\"12\">\n<div style=\"padding: 16px;\">\n<p>&nbsp;<\/p>\n<div style=\"display: flex; flex-direction: row; align-items: center;\">\n<div style=\"background-color: #f4f4f4; border-radius: 50%; flex-grow: 0; height: 40px; margin-right: 14px; width: 40px;\"><\/div>\n<div style=\"display: flex; flex-direction: column; flex-grow: 1; justify-content: center;\">\n<div style=\"background-color: #f4f4f4; border-radius: 4px; flex-grow: 0; height: 14px; margin-bottom: 6px; width: 100px;\"><\/div>\n<div style=\"background-color: #f4f4f4; border-radius: 4px; flex-grow: 0; height: 14px; width: 60px;\"><\/div>\n<\/div>\n<\/div>\n<div style=\"padding: 19% 0;\"><\/div>\n<div style=\"display: block; height: 50px; margin: 0 auto 12px; width: 50px;\"><\/div>\n<div style=\"padding-top: 8px;\">\n<div style=\"color: #3897f0; font-family: Arial,sans-serif; font-size: 14px; font-style: normal; font-weight: 550; line-height: 18px;\">Visualizar esta foto no Instagram.<\/div>\n<\/div>\n<div style=\"padding: 12.5% 0;\"><\/div>\n<div style=\"display: flex; flex-direction: row; margin-bottom: 14px; align-items: center;\">\n<div>\n<div style=\"background-color: #f4f4f4; border-radius: 50%; height: 12.5px; width: 12.5px; transform: translateX(0px) translateY(7px);\"><\/div>\n<div style=\"background-color: #f4f4f4; height: 12.5px; transform: rotate(-45deg) translateX(3px) translateY(1px); width: 12.5px; flex-grow: 0; margin-right: 14px; margin-left: 2px;\"><\/div>\n<div style=\"background-color: #f4f4f4; border-radius: 50%; height: 12.5px; width: 12.5px; transform: translateX(9px) translateY(-18px);\"><\/div>\n<\/div>\n<div style=\"margin-left: 8px;\">\n<div style=\"background-color: #f4f4f4; border-radius: 50%; flex-grow: 0; height: 20px; width: 20px;\"><\/div>\n<div style=\"width: 0; height: 0; border-top: 2px solid transparent; border-left: 6px solid #f4f4f4; border-bottom: 2px solid transparent; transform: translateX(16px) translateY(-4px) rotate(30deg);\"><\/div>\n<\/div>\n<div style=\"margin-left: auto;\">\n<div style=\"width: 0px; border-top: 8px solid #F4F4F4; border-right: 8px solid transparent; transform: translateY(16px);\"><\/div>\n<div style=\"background-color: #f4f4f4; flex-grow: 0; height: 12px; width: 16px; transform: translateY(-4px);\"><\/div>\n<div style=\"width: 0; height: 0; border-top: 8px solid #F4F4F4; border-left: 8px solid transparent; transform: translateY(-4px) translateX(8px);\"><\/div>\n<\/div>\n<\/div>\n<div style=\"display: flex; flex-direction: column; flex-grow: 1; justify-content: center; margin-bottom: 24px;\">\n<div style=\"background-color: #f4f4f4; border-radius: 4px; flex-grow: 0; height: 14px; margin-bottom: 6px; width: 224px;\"><\/div>\n<div style=\"background-color: #f4f4f4; border-radius: 4px; flex-grow: 0; height: 14px; width: 144px;\"><\/div>\n<\/div>\n<p>&nbsp;<\/p>\n<p style=\"color: #c9c8cd; font-family: Arial,sans-serif; font-size: 14px; line-height: 17px; margin-bottom: 0; margin-top: 8px; overflow: hidden; padding: 8px 0 7px; text-align: center; text-overflow: ellipsis; white-space: nowrap;\"><a style=\"color: #c9c8cd; font-family: Arial,sans-serif; font-size: 14px; font-style: normal; font-weight: normal; line-height: 17px; text-decoration: none;\" href=\"https:\/\/www.instagram.com\/p\/BtgrZ7JAHpL\/?utm_source=ig_embed&amp;utm_medium=loading\" target=\"_blank\" rel=\"noopener\">Uma publica\u00e7\u00e3o compartilhada por Mormaii (@mormaiioficial)<\/a> em <time style=\"font-family: Arial,sans-serif; font-size: 14px; line-height: 17px;\" datetime=\"2019-02-05T18:46:52+00:00\">5 de Fev, 2019 \u00e0s 10:46 PST<\/time><\/p>\n<\/div>\n<\/blockquote>\n<p><script async src=\"\/\/www.instagram.com\/embed.js\"><\/script><\/p>\n<h3>18\u00ba Mormaii Brasiliense de Surf<\/h3>\n<p>Um final de semana cl\u00e1ssico de ver\u00e3o marcou o 18\u00ba Mormaii Brasiliense de Surf, que aconteceu dias 18 e 20 de janeiro, na Praia da Silveira, em Garopaba (SC).<\/p>\n<h3>Altas Ondas<\/h3>\n<p>O evento foi aben\u00e7oado com altas ondas na laje em um swell incr\u00edvel.<\/p>\n<p>A ondula\u00e7\u00e3o bombou durante todo final de semana, em dias inesquec\u00edveis de muito surf, divers\u00e3o e alto astral.<\/p>\n<p>Ondas de excelente forma\u00e7\u00e3o pulsaram na regi\u00e3o sul do Brasil e fizeram a cabe\u00e7a da galera do cerrado e da turma local.<\/p>\n<p>Um surf de alto n\u00edvel marcou o evento que contou com a organiza\u00e7\u00e3o da galera do Movimento dos Sem Praia e apoio da ASG (Associa\u00e7\u00e3o dos Surfistas de Garopaba).<\/p>\n<p>O fato da disputa ter ocorrida na Laje da Silveira, um verdadeiro teatro a c\u00e9u aberto, abrilhantou ainda mais o evento.<\/p>\n<p>Como a tradi\u00e7\u00e3o, mar cl\u00e1ssico e lindos dias de sol fizeram parte do show.<\/p>\n<p>Muito obrigado a todos que participaram desse festival inesquec\u00edvel que o foi o 18\u00ba Campeonato Mormaii Brasiliense de Surf.<\/p>\n<h3>Resultados<\/h3>\n<h4>Body Surf<\/h4>\n<p>1\u00b0 Kalani Latanzi<br \/>\n2\u00b0 Osmar<br \/>\n3\u00b0 Briguitt<br \/>\n4\u00b0 Thiago Bruno<\/p>\n<h3>Brasiliense<\/h3>\n<p>1\u00b0 Jaime Teodoro<br \/>\n2\u00b0 Vinicius Lima<br \/>\n3\u00b0 Markin<br \/>\n4\u00b0 Juliano de Grasia<\/p>\n<h3>Infantil<\/h3>\n<p>1\u00b0 Antonio Vitorino<br \/>\n2\u00b0 Alma Corgilou<br \/>\n3\u00b0 Vitor Hugo Giesi<br \/>\n4\u00b0 Antonio Anoni<\/p>\n<h3>Juvenil<\/h3>\n<p>1\u00b0 Walley Guimar\u00e3es<br \/>\n2\u00b0 Gabriel Junior<br \/>\n3\u00b0 Lourenzo Coufal<br \/>\n4\u00b0 Kael Kortz<\/p>\n<h3>Local<\/h3>\n<p>1\u00b0 Rodrigo Couto<br \/>\n2\u00b0 Roni Ronaldo<br \/>\n3\u00b0 Monkey<br \/>\n4\u00b0 Pedro Nogueira<\/p>\n<h3>Nacional<\/h3>\n<p>1\u00b0 Pedro Nogueira<br \/>\n2\u00b0 Tayron da Silva<br \/>\n3\u00b0 Roni Ronaldo<br \/>\n4\u00b0 Marco Giorgi<\/p>\n<h3>Stand Up<\/h3>\n<p>1\u00b0 Jeferson comaru<br \/>\n2\u00b0 Joao Cabral<br \/>\n3\u00b0 Zebola Nedeff<br \/>\n4\u00b0 Jonas Lima<\/p>\n<p><a href=\"https:\/\/www.mormaiishop.com.br\/semana-do-atleta-relogios\" target=\"_blank\" rel=\"noopener\"><img loading=\"lazy\" decoding=\"async\" class=\"alignnone wp-image-11491 size-full\" src=\"https:\/\/www.mormaii.com.br\/site\/wp-content\/uploads\/2020\/01\/GRADErelogios.jpg\" alt=\"\" width=\"900\" height=\"302\" srcset=\"https:\/\/www.mormaii.com.br\/site\/wp-content\/uploads\/2020\/01\/GRADErelogios.jpg 900w, https:\/\/www.mormaii.com.br\/site\/wp-content\/uploads\/2020\/01\/GRADErelogios-300x101.jpg 300w, https:\/\/www.mormaii.com.br\/site\/wp-content\/uploads\/2020\/01\/GRADErelogios-768x258.jpg 768w, https:\/\/www.mormaii.com.br\/site\/wp-content\/uploads\/2020\/01\/GRADErelogios-600x201.jpg 600w\" sizes=\"(max-width: 900px) 100vw, 900px\" \/><\/a><\/p>\n","protected":false},"excerpt":{"rendered":"<p>&nbsp; Visualizar esta foto no Instagram. &nbsp; Uma publica\u00e7\u00e3o compartilhada por Mormaii (@mormaiioficial) em 5 de Fev, 2019 \u00e0s 10:46 PST 18\u00ba Mormaii Brasiliense de Surf Um final de semana cl\u00e1ssico de ver\u00e3o marcou o 18\u00ba Mormaii Brasiliense de Surf, que aconteceu dias 18 e 20 de janeiro, na Praia da Silveira, em Garopaba (SC). [&hellip;]<\/p>\n","protected":false},"author":5,"featured_media":11495,"comment_status":"closed","ping_status":"closed","sticky":false,"template":"","format":"standard","meta":{"_uag_custom_page_level_css":"","_mi_skip_tracking":false,"footnotes":""},"categories":[40,914,7],"tags":[340,282,29,532,342],"class_list":["post-11447","post","type-post","status-publish","format-standard","has-post-thumbnail","hentry","category-esportes","category-mormaii","category-novidades","tag-garopaba","tag-home","tag-mormaii","tag-mormaii-brasiliense-de-surf","tag-silveira"],"acf":[],"uagb_featured_image_src":{"full":["https:\/\/www.mormaii.com.br\/site\/wp-content\/uploads\/2019\/02\/mormaii-1.jpg",700,400,false],"thumbnail":["https:\/\/www.mormaii.com.br\/site\/wp-content\/uploads\/2019\/02\/mormaii-1-150x150.jpg",150,150,true],"medium":["https:\/\/www.mormaii.com.br\/site\/wp-content\/uploads\/2019\/02\/mormaii-1-300x171.jpg",300,171,true],"medium_large":["https:\/\/www.mormaii.com.br\/site\/wp-content\/uploads\/2019\/02\/mormaii-1.jpg",700,400,false],"large":["https:\/\/www.mormaii.com.br\/site\/wp-content\/uploads\/2019\/02\/mormaii-1.jpg",700,400,false],"1536x1536":["https:\/\/www.mormaii.com.br\/site\/wp-content\/uploads\/2019\/02\/mormaii-1.jpg",700,400,false],"2048x2048":["https:\/\/www.mormaii.com.br\/site\/wp-content\/uploads\/2019\/02\/mormaii-1.jpg",700,400,false],"qi_addons_for_elementor_image_size_square":["https:\/\/www.mormaii.com.br\/site\/wp-content\/uploads\/2019\/02\/mormaii-1.jpg",650,371,false],"qi_addons_for_elementor_image_size_landscape":["https:\/\/www.mormaii.com.br\/site\/wp-content\/uploads\/2019\/02\/mormaii-1.jpg",700,400,false],"qi_addons_for_elementor_image_size_portrait":["https:\/\/www.mormaii.com.br\/site\/wp-content\/uploads\/2019\/02\/mormaii-1.jpg",650,371,false],"qi_addons_for_elementor_image_size_huge-square":["https:\/\/www.mormaii.com.br\/site\/wp-content\/uploads\/2019\/02\/mormaii-1.jpg",700,400,false]},"uagb_author_info":{"display_name":"Tissot","author_link":"https:\/\/www.mormaii.com.br\/site\/author\/fabiano\/"},"uagb_comment_info":0,"uagb_excerpt":"&nbsp; Visualizar esta foto no Instagram. &nbsp; Uma publica\u00e7\u00e3o compartilhada por Mormaii (@mormaiioficial) em 5 de Fev, 2019 \u00e0s 10:46 PST 18\u00ba Mormaii Brasiliense de Surf Um final de semana cl\u00e1ssico de ver\u00e3o marcou o 18\u00ba Mormaii Brasiliense de Surf, que aconteceu dias 18 e 20 de janeiro, na Praia da Silveira, em Garopaba (SC).&hellip;","_links":{"self":[{"href":"https:\/\/www.mormaii.com.br\/site\/wp-json\/wp\/v2\/posts\/11447"}],"collection":[{"href":"https:\/\/www.mormaii.com.br\/site\/wp-json\/wp\/v2\/posts"}],"about":[{"href":"https:\/\/www.mormaii.com.br\/site\/wp-json\/wp\/v2\/types\/post"}],"author":[{"embeddable":true,"href":"https:\/\/www.mormaii.com.br\/site\/wp-json\/wp\/v2\/users\/5"}],"replies":[{"embeddable":true,"href":"https:\/\/www.mormaii.com.br\/site\/wp-json\/wp\/v2\/comments?post=11447"}],"version-history":[{"count":5,"href":"https:\/\/www.mormaii.com.br\/site\/wp-json\/wp\/v2\/posts\/11447\/revisions"}],"predecessor-version":[{"id":11493,"href":"https:\/\/www.mormaii.com.br\/site\/wp-json\/wp\/v2\/posts\/11447\/revisions\/11493"}],"wp:featuredmedia":[{"embeddable":true,"href":"https:\/\/www.mormaii.com.br\/site\/wp-json\/wp\/v2\/media\/11495"}],"wp:attachment":[{"href":"https:\/\/www.mormaii.com.br\/site\/wp-json\/wp\/v2\/media?parent=11447"}],"wp:term":[{"taxonomy":"category","embeddable":true,"href":"https:\/\/www.mormaii.com.br\/site\/wp-json\/wp\/v2\/categories?post=11447"},{"taxonomy":"post_tag","embeddable":true,"href":"https:\/\/www.mormaii.com.br\/site\/wp-json\/wp\/v2\/tags?post=11447"}],"curies":[{"name":"wp","href":"https:\/\/api.w.org\/{rel}","templated":true}]}}