{"id":1154,"date":"2016-04-04T13:33:38","date_gmt":"2016-04-04T13:33:38","guid":{"rendered":"http:\/\/www.mormaii.com.br\/site\/?p=1154"},"modified":"2022-06-10T10:51:10","modified_gmt":"2022-06-10T13:51:10","slug":"noticiasallan-do-carmo-indicado-ao-premio-de-nadador-do-ano-pela-fina","status":"publish","type":"post","link":"https:\/\/www.mormaii.com.br\/site\/noticiasallan-do-carmo-indicado-ao-premio-de-nadador-do-ano-pela-fina\/","title":{"rendered":"Allan do Carmo indicado ao pr\u00eamio de nadador do ano pela Fina"},"content":{"rendered":"<p>&nbsp;<a href=\"http:\/\/www.mormaii.com.br\/tag\/allan-do-carmo\/\" target=\"_blank\" style=\"font-size: 13px; background-color: rgb(255, 255, 255);\" rel=\"noopener\">Allan do Carmo<\/a>&nbsp;ganhou um incentivo extra na prepara\u00e7\u00e3o para conquistar a Copa do Mundo de Maratonas Aqu\u00e1ticas.<\/p>\n<p>O nadador foi indicado pela Federa\u00e7\u00e3o Internacional de Nata\u00e7\u00e3o (FINA) ao pr\u00eamio de melhor nadador em \u00e1guas abertas do mundo de 2014.<\/p>\n<p>Esta \u00e9 a primeira vez que um brasileiro concorre \u00e0 premia\u00e7\u00e3o. O vencedor ser\u00e1 definido em uma vota\u00e7\u00e3o que envolve dirigentes, confedera\u00e7\u00f5es e jornalistas especializados.<\/p>\n<p>Quanto a import\u00e2ncia da indica\u00e7\u00e3o para o esporte nacional, Allan afirma. \u201cEssa nomea\u00e7\u00e3o \u00e9 muito importante para o pa\u00eds, pois estamos pr\u00f3ximos de sediar uma olimp\u00edada e ver atletas brasileiros em destaque internacional \u00e9 um sinal de evolu\u00e7\u00e3o para o nosso esporte, significa que o trabalho est\u00e1 dando certo.\u201d<\/p>\n<p>Quanto ao reconhecimento para sua carreira, comemora com alegria. \u201cPara mim \u00e9 um significado especial, foi uma indica\u00e7\u00e3o da Federa\u00e7\u00e3o Internacional de Nata\u00e7\u00e3o (FINA), a maior entidade de desportos aqu\u00e1ticos do planeta, \u00e9 uma coisa que n\u00e3o acontece todos os dias. Receber esse tipo de reconhecimento engrandece qualquer atleta.\u201d<\/p>\n<p>O resultado ser\u00e1 divulgado dia 1\u00ba de dezembro. A indica\u00e7\u00e3o acontece em um momento especial na carreira do baiano, que est\u00e1 pr\u00f3ximo de conquistar um t\u00edtulo in\u00e9dito para o esporte brasileiro, o de campe\u00e3o da Copa do Mundo de Maratonas Aqu\u00e1ticas.<\/p>\n<p>Para isso, ele precisa de um terceiro lugar, ou dois s\u00e9timos, nas duas \u00faltimas etapas do ano, que ser\u00e3o realizadas dias 12 e 18 de outubro, em Hangzhou (China) e Hong Kong, respectivamente.<\/p>\n<p>Neste ano, Allan j\u00e1 venceu uma etapa e, em outras tr\u00eas vezes, esteve entre os tr\u00eas primeiros colocados. \u201cQuero agradecer a todos que sempre acreditaram no meu trabalho, tanto nos momentos ruins, quanto nos bons. Estarei sempre dando o meu melhor\u201d, agradece o nadador.<\/p>\n<div id=\"attachment_51697\" class=\"wp-caption aligncenter\"><img loading=\"lazy\" decoding=\"async\" data-fr-image-pasted=\"true\" src=\"http:\/\/images.mormaii.com.br\/wp-content\/uploads\/mormaii-allan-do-carmo.jpg\" alt=\"Rumo a mais uma conquista | Foto: Divulga\u00e7\u00e3o Mormaii\" title=\"Rumo a mais uma conquista | Foto: Divulga\u00e7\u00e3o Mormaii\" width=\"600\" height=\"400\" class=\"size-full wp-image-51697 fr-fin\"><\/p>\n<p class=\"wp-caption-text\">&nbsp; &nbsp; &nbsp; &nbsp; &nbsp; &nbsp; &nbsp; &nbsp; &nbsp; &nbsp;Rumo a mais uma conquista | Foto: Divulga\u00e7\u00e3o Mormaii<\/p>\n<\/div>\n","protected":false},"excerpt":{"rendered":"<p>&nbsp;Allan do Carmo&nbsp;ganhou um incentivo extra na prepara\u00e7\u00e3o para conquistar a Copa do Mundo de Maratonas Aqu\u00e1ticas. O nadador foi indicado pela Federa\u00e7\u00e3o Internacional de Nata\u00e7\u00e3o (FINA) ao pr\u00eamio de melhor nadador em \u00e1guas abertas do mundo de 2014. Esta \u00e9 a primeira vez que um brasileiro concorre \u00e0 premia\u00e7\u00e3o. O vencedor ser\u00e1 definido em [&hellip;]<\/p>\n","protected":false},"author":3,"featured_media":1155,"comment_status":"open","ping_status":"open","sticky":false,"template":"","format":"standard","meta":{"_uag_custom_page_level_css":"","_mi_skip_tracking":false,"footnotes":""},"categories":[914,7],"tags":[],"class_list":["post-1154","post","type-post","status-publish","format-standard","has-post-thumbnail","hentry","category-mormaii","category-novidades"],"acf":[],"uagb_featured_image_src":{"full":["https:\/\/www.mormaii.com.br\/site\/wp-content\/uploads\/2017\/06\/31cad15735aca37044e8.jpg",1600,959,false],"thumbnail":["https:\/\/www.mormaii.com.br\/site\/wp-content\/uploads\/2017\/06\/31cad15735aca37044e8-150x150.jpg",150,150,true],"medium":["https:\/\/www.mormaii.com.br\/site\/wp-content\/uploads\/2017\/06\/31cad15735aca37044e8-300x180.jpg",300,180,true],"medium_large":["https:\/\/www.mormaii.com.br\/site\/wp-content\/uploads\/2017\/06\/31cad15735aca37044e8-768x460.jpg",768,460,true],"large":["https:\/\/www.mormaii.com.br\/site\/wp-content\/uploads\/2017\/06\/31cad15735aca37044e8-1024x614.jpg",1024,614,true],"1536x1536":["https:\/\/www.mormaii.com.br\/site\/wp-content\/uploads\/2017\/06\/31cad15735aca37044e8.jpg",1536,921,false],"2048x2048":["https:\/\/www.mormaii.com.br\/site\/wp-content\/uploads\/2017\/06\/31cad15735aca37044e8.jpg",1600,959,false],"qi_addons_for_elementor_image_size_square":["https:\/\/www.mormaii.com.br\/site\/wp-content\/uploads\/2017\/06\/31cad15735aca37044e8.jpg",650,390,false],"qi_addons_for_elementor_image_size_landscape":["https:\/\/www.mormaii.com.br\/site\/wp-content\/uploads\/2017\/06\/31cad15735aca37044e8.jpg",1084,650,false],"qi_addons_for_elementor_image_size_portrait":["https:\/\/www.mormaii.com.br\/site\/wp-content\/uploads\/2017\/06\/31cad15735aca37044e8.jpg",650,390,false],"qi_addons_for_elementor_image_size_huge-square":["https:\/\/www.mormaii.com.br\/site\/wp-content\/uploads\/2017\/06\/31cad15735aca37044e8.jpg",1300,779,false]},"uagb_author_info":{"display_name":"mormaii_importer","author_link":"https:\/\/www.mormaii.com.br\/site\/author\/mormaii_importer\/"},"uagb_comment_info":0,"uagb_excerpt":"&nbsp;Allan do Carmo&nbsp;ganhou um incentivo extra na prepara\u00e7\u00e3o para conquistar a Copa do Mundo de Maratonas Aqu\u00e1ticas. O nadador foi indicado pela Federa\u00e7\u00e3o Internacional de Nata\u00e7\u00e3o (FINA) ao pr\u00eamio de melhor nadador em \u00e1guas abertas do mundo de 2014. Esta \u00e9 a primeira vez que um brasileiro concorre \u00e0 premia\u00e7\u00e3o. O vencedor ser\u00e1 definido em&hellip;","_links":{"self":[{"href":"https:\/\/www.mormaii.com.br\/site\/wp-json\/wp\/v2\/posts\/1154"}],"collection":[{"href":"https:\/\/www.mormaii.com.br\/site\/wp-json\/wp\/v2\/posts"}],"about":[{"href":"https:\/\/www.mormaii.com.br\/site\/wp-json\/wp\/v2\/types\/post"}],"author":[{"embeddable":true,"href":"https:\/\/www.mormaii.com.br\/site\/wp-json\/wp\/v2\/users\/3"}],"replies":[{"embeddable":true,"href":"https:\/\/www.mormaii.com.br\/site\/wp-json\/wp\/v2\/comments?post=1154"}],"version-history":[{"count":1,"href":"https:\/\/www.mormaii.com.br\/site\/wp-json\/wp\/v2\/posts\/1154\/revisions"}],"predecessor-version":[{"id":58285,"href":"https:\/\/www.mormaii.com.br\/site\/wp-json\/wp\/v2\/posts\/1154\/revisions\/58285"}],"wp:featuredmedia":[{"embeddable":true,"href":"https:\/\/www.mormaii.com.br\/site\/wp-json\/wp\/v2\/media\/1155"}],"wp:attachment":[{"href":"https:\/\/www.mormaii.com.br\/site\/wp-json\/wp\/v2\/media?parent=1154"}],"wp:term":[{"taxonomy":"category","embeddable":true,"href":"https:\/\/www.mormaii.com.br\/site\/wp-json\/wp\/v2\/categories?post=1154"},{"taxonomy":"post_tag","embeddable":true,"href":"https:\/\/www.mormaii.com.br\/site\/wp-json\/wp\/v2\/tags?post=1154"}],"curies":[{"name":"wp","href":"https:\/\/api.w.org\/{rel}","templated":true}]}}