{"id":11593,"date":"2019-03-09T14:21:31","date_gmt":"2019-03-09T17:21:31","guid":{"rendered":"https:\/\/www.mormaii.com.br\/site\/?p=11593"},"modified":"2022-06-10T10:28:53","modified_gmt":"2022-06-10T13:28:53","slug":"leonardo-de-deus-na-2a-copa-heller-internacional-de-natacao","status":"publish","type":"post","link":"https:\/\/www.mormaii.com.br\/site\/leonardo-de-deus-na-2a-copa-heller-internacional-de-natacao\/","title":{"rendered":"Leonardo de Deus na 2\u00aa Copa Heller Internacional de Nata\u00e7\u00e3o"},"content":{"rendered":"<h3><img loading=\"lazy\" decoding=\"async\" class=\"alignnone size-full wp-image-11595\" src=\"https:\/\/www.mormaii.com.br\/site\/wp-content\/uploads\/2019\/03\/Leonardo-de-Deus-na-2-Copa-Heller-Internacional-de-Natao.jpg\" alt=\"\" width=\"700\" height=\"400\" srcset=\"https:\/\/www.mormaii.com.br\/site\/wp-content\/uploads\/2019\/03\/Leonardo-de-Deus-na-2-Copa-Heller-Internacional-de-Natao.jpg 700w, https:\/\/www.mormaii.com.br\/site\/wp-content\/uploads\/2019\/03\/Leonardo-de-Deus-na-2-Copa-Heller-Internacional-de-Natao-300x171.jpg 300w, https:\/\/www.mormaii.com.br\/site\/wp-content\/uploads\/2019\/03\/Leonardo-de-Deus-na-2-Copa-Heller-Internacional-de-Natao-600x343.jpg 600w\" sizes=\"(max-width: 700px) 100vw, 700px\" \/><\/h3>\n<h3>Leonardo de Deus na 2\u00aa Copa Heller Internacional de Nata\u00e7\u00e3o<\/h3>\n<p>Leonardo de Deus marcou presen\u00e7a da 2\u00aa Copa Heller Internacional a convite da Tim Sports, na cidade de Quer\u00e9taro \u2013 M\u00e9xico, de 22 a 24 de fevereiro.<\/p>\n<p>Al\u00e9m de L\u00e9o, os nadadores ol\u00edmpicos C\u00e9sar Cielo, Jo\u00e3o Luis J\u00fanior e Nicholas Santos tamb\u00e9m marcaram presen\u00e7a no evento.<\/p>\n<p>\u201cFoi muito bom receber um convite para participar desta competi\u00e7\u00e3o, logo no in\u00edcio do ano, nadar em altitude e ter a oportunidade de conhecer essa gera\u00e7\u00e3o nova de atletas de outro pa\u00eds. Fomos super bem recebidos. Estamos em fase pesada de treinamento e competir agora d\u00e1 para fazer uma proje\u00e7\u00e3o para os resultados mais para frente. Sa\u00ed de Quer\u00e9taro muito satisfeito com meus tempos e confiante para um 2019 excelente\u201d, comentou Leonardo.<\/p>\n<h3>3 provas e 3 medalhas<\/h3>\n<p>No primeiro dia, 22, os 200m livre veio com a prata, seguido de 2 ouros nas provas de 100m borboleta, 23, e 200m borboleta, no dia 24.<\/p>\n<p>No Brasil, a primeira competi\u00e7\u00e3o oficial s\u00f3 acontece em mar\u00e7o, apenas aproximadamente 40 dias antes da competi\u00e7\u00e3o principal do 1\u00ba Semestre, o Maria Lenk, que ser\u00e1 seletiva para os Jogos Pan-Americanos, que acontecem em Julho\/Agosto deste ano.<\/p>\n<p>\u201c\u00c9 importante para n\u00f3s atletas o ritmo de competi\u00e7\u00e3o. Mesmo fazendo os tiros durante os treinos e tentando chegar ao tempo, fazendo as proje\u00e7\u00f5es, a competi\u00e7\u00e3o tr\u00e1s um atleta diferente do que somos na rotina de treinos. Para abril, neste Maria Lenk, estou confiante para tempos ainda melhores e 2019 \u00e9 tentar o tricampeonato nos 200m borboleta no Pan. Estou olhando para isso\u201d, finaliza.<\/p>\n<p><a href=\"https:\/\/www.mormaiishop.com.br\/nata%C3%A7%C3%A3o\" target=\"_blank\" rel=\"noopener\"><img loading=\"lazy\" decoding=\"async\" class=\"alignnone wp-image-11594 size-full\" src=\"https:\/\/www.mormaii.com.br\/site\/wp-content\/uploads\/2019\/03\/XTREMEswim_bannerHOME1600x430.jpg\" alt=\"\" width=\"1600\" height=\"430\" srcset=\"https:\/\/www.mormaii.com.br\/site\/wp-content\/uploads\/2019\/03\/XTREMEswim_bannerHOME1600x430.jpg 1600w, https:\/\/www.mormaii.com.br\/site\/wp-content\/uploads\/2019\/03\/XTREMEswim_bannerHOME1600x430-300x81.jpg 300w, https:\/\/www.mormaii.com.br\/site\/wp-content\/uploads\/2019\/03\/XTREMEswim_bannerHOME1600x430-768x206.jpg 768w, https:\/\/www.mormaii.com.br\/site\/wp-content\/uploads\/2019\/03\/XTREMEswim_bannerHOME1600x430-1024x275.jpg 1024w, https:\/\/www.mormaii.com.br\/site\/wp-content\/uploads\/2019\/03\/XTREMEswim_bannerHOME1600x430-600x161.jpg 600w\" sizes=\"(max-width: 1600px) 100vw, 1600px\" \/><\/a><\/p>\n","protected":false},"excerpt":{"rendered":"<p>Leonardo de Deus na 2\u00aa Copa Heller Internacional de Nata\u00e7\u00e3o Leonardo de Deus marcou presen\u00e7a da 2\u00aa Copa Heller Internacional a convite da Tim Sports, na cidade de Quer\u00e9taro \u2013 M\u00e9xico, de 22 a 24 de fevereiro. Al\u00e9m de L\u00e9o, os nadadores ol\u00edmpicos C\u00e9sar Cielo, Jo\u00e3o Luis J\u00fanior e Nicholas Santos tamb\u00e9m marcaram presen\u00e7a no [&hellip;]<\/p>\n","protected":false},"author":5,"featured_media":11595,"comment_status":"closed","ping_status":"closed","sticky":false,"template":"","format":"standard","meta":{"_uag_custom_page_level_css":"","_mi_skip_tracking":false,"footnotes":""},"categories":[914,7],"tags":[282,875,29,370],"class_list":["post-11593","post","type-post","status-publish","format-standard","has-post-thumbnail","hentry","category-mormaii","category-novidades","tag-home","tag-leonardo-de-deus","tag-mormaii","tag-natacao"],"acf":[],"uagb_featured_image_src":{"full":["https:\/\/www.mormaii.com.br\/site\/wp-content\/uploads\/2019\/03\/Leonardo-de-Deus-na-2-Copa-Heller-Internacional-de-Natao.jpg",700,400,false],"thumbnail":["https:\/\/www.mormaii.com.br\/site\/wp-content\/uploads\/2019\/03\/Leonardo-de-Deus-na-2-Copa-Heller-Internacional-de-Natao-150x150.jpg",150,150,true],"medium":["https:\/\/www.mormaii.com.br\/site\/wp-content\/uploads\/2019\/03\/Leonardo-de-Deus-na-2-Copa-Heller-Internacional-de-Natao-300x171.jpg",300,171,true],"medium_large":["https:\/\/www.mormaii.com.br\/site\/wp-content\/uploads\/2019\/03\/Leonardo-de-Deus-na-2-Copa-Heller-Internacional-de-Natao.jpg",700,400,false],"large":["https:\/\/www.mormaii.com.br\/site\/wp-content\/uploads\/2019\/03\/Leonardo-de-Deus-na-2-Copa-Heller-Internacional-de-Natao.jpg",700,400,false],"1536x1536":["https:\/\/www.mormaii.com.br\/site\/wp-content\/uploads\/2019\/03\/Leonardo-de-Deus-na-2-Copa-Heller-Internacional-de-Natao.jpg",700,400,false],"2048x2048":["https:\/\/www.mormaii.com.br\/site\/wp-content\/uploads\/2019\/03\/Leonardo-de-Deus-na-2-Copa-Heller-Internacional-de-Natao.jpg",700,400,false],"qi_addons_for_elementor_image_size_square":["https:\/\/www.mormaii.com.br\/site\/wp-content\/uploads\/2019\/03\/Leonardo-de-Deus-na-2-Copa-Heller-Internacional-de-Natao.jpg",650,371,false],"qi_addons_for_elementor_image_size_landscape":["https:\/\/www.mormaii.com.br\/site\/wp-content\/uploads\/2019\/03\/Leonardo-de-Deus-na-2-Copa-Heller-Internacional-de-Natao.jpg",700,400,false],"qi_addons_for_elementor_image_size_portrait":["https:\/\/www.mormaii.com.br\/site\/wp-content\/uploads\/2019\/03\/Leonardo-de-Deus-na-2-Copa-Heller-Internacional-de-Natao.jpg",650,371,false],"qi_addons_for_elementor_image_size_huge-square":["https:\/\/www.mormaii.com.br\/site\/wp-content\/uploads\/2019\/03\/Leonardo-de-Deus-na-2-Copa-Heller-Internacional-de-Natao.jpg",700,400,false]},"uagb_author_info":{"display_name":"Tissot","author_link":"https:\/\/www.mormaii.com.br\/site\/author\/fabiano\/"},"uagb_comment_info":0,"uagb_excerpt":"Leonardo de Deus na 2\u00aa Copa Heller Internacional de Nata\u00e7\u00e3o Leonardo de Deus marcou presen\u00e7a da 2\u00aa Copa Heller Internacional a convite da Tim Sports, na cidade de Quer\u00e9taro \u2013 M\u00e9xico, de 22 a 24 de fevereiro. Al\u00e9m de L\u00e9o, os nadadores ol\u00edmpicos C\u00e9sar Cielo, Jo\u00e3o Luis J\u00fanior e Nicholas Santos tamb\u00e9m marcaram presen\u00e7a no&hellip;","_links":{"self":[{"href":"https:\/\/www.mormaii.com.br\/site\/wp-json\/wp\/v2\/posts\/11593"}],"collection":[{"href":"https:\/\/www.mormaii.com.br\/site\/wp-json\/wp\/v2\/posts"}],"about":[{"href":"https:\/\/www.mormaii.com.br\/site\/wp-json\/wp\/v2\/types\/post"}],"author":[{"embeddable":true,"href":"https:\/\/www.mormaii.com.br\/site\/wp-json\/wp\/v2\/users\/5"}],"replies":[{"embeddable":true,"href":"https:\/\/www.mormaii.com.br\/site\/wp-json\/wp\/v2\/comments?post=11593"}],"version-history":[{"count":1,"href":"https:\/\/www.mormaii.com.br\/site\/wp-json\/wp\/v2\/posts\/11593\/revisions"}],"predecessor-version":[{"id":11596,"href":"https:\/\/www.mormaii.com.br\/site\/wp-json\/wp\/v2\/posts\/11593\/revisions\/11596"}],"wp:featuredmedia":[{"embeddable":true,"href":"https:\/\/www.mormaii.com.br\/site\/wp-json\/wp\/v2\/media\/11595"}],"wp:attachment":[{"href":"https:\/\/www.mormaii.com.br\/site\/wp-json\/wp\/v2\/media?parent=11593"}],"wp:term":[{"taxonomy":"category","embeddable":true,"href":"https:\/\/www.mormaii.com.br\/site\/wp-json\/wp\/v2\/categories?post=11593"},{"taxonomy":"post_tag","embeddable":true,"href":"https:\/\/www.mormaii.com.br\/site\/wp-json\/wp\/v2\/tags?post=11593"}],"curies":[{"name":"wp","href":"https:\/\/api.w.org\/{rel}","templated":true}]}}