{"id":11658,"date":"2019-05-03T00:24:44","date_gmt":"2019-05-03T03:24:44","guid":{"rendered":"https:\/\/www.mormaii.com.br\/site\/?p=11658"},"modified":"2022-06-10T10:25:34","modified_gmt":"2022-06-10T13:25:34","slug":"meia-maratona-aurora-de-chapeco-movimentou-oeste-catarinense","status":"publish","type":"post","link":"https:\/\/www.mormaii.com.br\/site\/meia-maratona-aurora-de-chapeco-movimentou-oeste-catarinense\/","title":{"rendered":"Meia Maratona Aurora de Chapec\u00f3 movimentou oeste catarinense"},"content":{"rendered":"<h3><img loading=\"lazy\" decoding=\"async\" class=\"alignnone size-full wp-image-11659\" src=\"https:\/\/www.mormaii.com.br\/site\/wp-content\/uploads\/2019\/04\/zkyy78g1oa.jpg\" alt=\"\" width=\"864\" height=\"576\" srcset=\"https:\/\/www.mormaii.com.br\/site\/wp-content\/uploads\/2019\/04\/zkyy78g1oa.jpg 864w, https:\/\/www.mormaii.com.br\/site\/wp-content\/uploads\/2019\/04\/zkyy78g1oa-300x200.jpg 300w, https:\/\/www.mormaii.com.br\/site\/wp-content\/uploads\/2019\/04\/zkyy78g1oa-768x512.jpg 768w\" sizes=\"(max-width: 864px) 100vw, 864px\" \/><\/h3>\n<h3>Meia Maratona Aurora de Chapec\u00f3 movimentou oeste catarinense<\/h3>\n<p>O domingo (14) come\u00e7ou diferente em Chapec\u00f3.<\/p>\n<p>Logo cedo, a cidade j\u00e1 estava preparada para receber os atletas da Meia Maratona e o som da largada entoou a partir das 7h30 para os atletas que participaram da prova nos 21 km e 10 km.<\/p>\n<p>Quinze minutos depois, os participantes dos 5 km tamb\u00e9m deram in\u00edcio ao percurso, seguidos pelos caminhantes e depois, um pouco mais tarde, por volta das 9h30, pelas 150 crian\u00e7as que estiveram no evento e puderam participar de uma \u201cmaratoninha kids\u201d, organizada especialmente para elas.<\/p>\n<p>O clima agrad\u00e1vel e ameno colaborou para que tudo ocorresse como esperado, ao total, aproximadamente 2 mil pessoas participaram desta edi\u00e7\u00e3o da Meia maratona Aurora de Chapec\u00f3.<\/p>\n<p>A prova contou ainda com o apoio da Secretaria Municipal de Defesa do Cidad\u00e3o e Mobilidade.<\/p>\n<p>Cerca de 40 agentes de tr\u00e2nsitos e guardas municipais estiveram presentes no evento, auxiliando com o funcionamento da Meia Maratona Aurora de Chapec\u00f3.<\/p>\n<p>\u201cFicamos felizes com os elogios recebidos na quest\u00e3o de seguran\u00e7a da prova e da parte de estrutura, como da hidrata\u00e7\u00e3o dos atletas. Foi uma prova linda!\u201d, comenta sobre o evento, Ricardo Ziehlsdorff, diretor da Corre Brasil.<\/p>\n<p>Logo aos 16 minutos e 24 segundos de prova, j\u00e1 foi poss\u00edvel ouvir a vibra\u00e7\u00e3o do primeiro colocado da categoria 5 km, Ojanio dos Santos (Balne\u00e1rio Cambori\u00fa &#8211; SC).<\/p>\n<p>Foi a quinta vez consecutiva que ele venceu essa categoria geral da Meia de Chapec\u00f3. A primeira colocada da categoria 5 km feminino geral, Lisandra Zuanazzi (Conc\u00f3rdia &#8211; SC), chegou logo em seguida, aos 18 minutos e 44 segundos .<\/p>\n<p>A expectativa continuou grande para receber os pr\u00f3ximos vencedores.<\/p>\n<p>Nos 10 km, Mauro Freitag (Cunha Por\u00e3 &#8211; SC) conquistou a medalha de ouro, com 34 minutos de prova.<\/p>\n<p>E ap\u00f3s 10 minutos e 44 segundos do ganhador da categoria geral masculino, recebemos a campe\u00e3 da categoria geral 10 km feminino, Larissa Land (Saudades &#8211; SC).<\/p>\n<p>Para completar o p\u00f3dio, de novatos e veteranos, a atleta Elisangela Assump\u00e7\u00e3o, de Porto Uni\u00e3o (SC), subiu ao degrau mais alto pela segunda vez, tornando-se bicampe\u00e3 da categoria 21 km geral feminino com o tempo de 1 hora, 26 minutos e 54 segundos.<\/p>\n<p>O campe\u00e3o dos 21 km geral masculino foi Patrick Barbosa, de Balne\u00e1rio Cambori\u00fa (SC), com 1 hora, 11 minutos e 05 segundos.<\/p>\n<p>A Meia Maratona Aurora de Chapec\u00f3 foi um evento organizado pela Corre Brasil, realizado pela Associa\u00e7\u00e3o de Apoio a Cultura e Esporte de Santa Catarina (AACESC), com patroc\u00ednio master da Aurora Alimentos e demais patroc\u00ednios de Mormaii, Havan, Unifique, Porto Seguro, Unimed, BodyAction, Lang Hotel, ActVitta, Top Car, Intelbras e Nitrix.<\/p>\n<p>Apoio: Prefeitura de Chapec\u00f3 e Sicoob.<\/p>\n<div id=\"attachment_11660\" style=\"width: 951px\" class=\"wp-caption alignnone\"><a href=\"https:\/\/www.mormaiishop.com.br\/running\" target=\"_blank\" rel=\"noopener\"><img loading=\"lazy\" decoding=\"async\" aria-describedby=\"caption-attachment-11660\" class=\"wp-image-11660 size-full\" src=\"https:\/\/www.mormaii.com.br\/site\/wp-content\/uploads\/2019\/04\/TOPOpaginascategorias_corrida940x300.png\" alt=\"Clique e confira a linha Mormaii Running\" width=\"941\" height=\"301\" srcset=\"https:\/\/www.mormaii.com.br\/site\/wp-content\/uploads\/2019\/04\/TOPOpaginascategorias_corrida940x300.png 941w, https:\/\/www.mormaii.com.br\/site\/wp-content\/uploads\/2019\/04\/TOPOpaginascategorias_corrida940x300-300x96.png 300w, https:\/\/www.mormaii.com.br\/site\/wp-content\/uploads\/2019\/04\/TOPOpaginascategorias_corrida940x300-768x246.png 768w\" sizes=\"(max-width: 941px) 100vw, 941px\" \/><\/a><p id=\"caption-attachment-11660\" class=\"wp-caption-text\">Clique e confira a linha Mormaii Running<\/p><\/div>\n","protected":false},"excerpt":{"rendered":"<p>Meia Maratona Aurora de Chapec\u00f3 movimentou oeste catarinense O domingo (14) come\u00e7ou diferente em Chapec\u00f3. Logo cedo, a cidade j\u00e1 estava preparada para receber os atletas da Meia Maratona e o som da largada entoou a partir das 7h30 para os atletas que participaram da prova nos 21 km e 10 km. Quinze minutos depois, [&hellip;]<\/p>\n","protected":false},"author":5,"featured_media":11659,"comment_status":"closed","ping_status":"closed","sticky":false,"template":"","format":"standard","meta":{"_uag_custom_page_level_css":"","_mi_skip_tracking":false,"footnotes":""},"categories":[40,914,7],"tags":[424,282,878,29],"class_list":["post-11658","post","type-post","status-publish","format-standard","has-post-thumbnail","hentry","category-esportes","category-mormaii","category-novidades","tag-corrida","tag-home","tag-meia-maratona-chapeco","tag-mormaii"],"acf":[],"uagb_featured_image_src":{"full":["https:\/\/www.mormaii.com.br\/site\/wp-content\/uploads\/2019\/04\/zkyy78g1oa.jpg",864,576,false],"thumbnail":["https:\/\/www.mormaii.com.br\/site\/wp-content\/uploads\/2019\/04\/zkyy78g1oa-150x150.jpg",150,150,true],"medium":["https:\/\/www.mormaii.com.br\/site\/wp-content\/uploads\/2019\/04\/zkyy78g1oa-300x200.jpg",300,200,true],"medium_large":["https:\/\/www.mormaii.com.br\/site\/wp-content\/uploads\/2019\/04\/zkyy78g1oa-768x512.jpg",768,512,true],"large":["https:\/\/www.mormaii.com.br\/site\/wp-content\/uploads\/2019\/04\/zkyy78g1oa.jpg",864,576,false],"1536x1536":["https:\/\/www.mormaii.com.br\/site\/wp-content\/uploads\/2019\/04\/zkyy78g1oa.jpg",864,576,false],"2048x2048":["https:\/\/www.mormaii.com.br\/site\/wp-content\/uploads\/2019\/04\/zkyy78g1oa.jpg",864,576,false],"qi_addons_for_elementor_image_size_square":["https:\/\/www.mormaii.com.br\/site\/wp-content\/uploads\/2019\/04\/zkyy78g1oa.jpg",650,433,false],"qi_addons_for_elementor_image_size_landscape":["https:\/\/www.mormaii.com.br\/site\/wp-content\/uploads\/2019\/04\/zkyy78g1oa.jpg",864,576,false],"qi_addons_for_elementor_image_size_portrait":["https:\/\/www.mormaii.com.br\/site\/wp-content\/uploads\/2019\/04\/zkyy78g1oa.jpg",650,433,false],"qi_addons_for_elementor_image_size_huge-square":["https:\/\/www.mormaii.com.br\/site\/wp-content\/uploads\/2019\/04\/zkyy78g1oa.jpg",864,576,false]},"uagb_author_info":{"display_name":"Tissot","author_link":"https:\/\/www.mormaii.com.br\/site\/author\/fabiano\/"},"uagb_comment_info":0,"uagb_excerpt":"Meia Maratona Aurora de Chapec\u00f3 movimentou oeste catarinense O domingo (14) come\u00e7ou diferente em Chapec\u00f3. Logo cedo, a cidade j\u00e1 estava preparada para receber os atletas da Meia Maratona e o som da largada entoou a partir das 7h30 para os atletas que participaram da prova nos 21 km e 10 km. Quinze minutos depois,&hellip;","_links":{"self":[{"href":"https:\/\/www.mormaii.com.br\/site\/wp-json\/wp\/v2\/posts\/11658"}],"collection":[{"href":"https:\/\/www.mormaii.com.br\/site\/wp-json\/wp\/v2\/posts"}],"about":[{"href":"https:\/\/www.mormaii.com.br\/site\/wp-json\/wp\/v2\/types\/post"}],"author":[{"embeddable":true,"href":"https:\/\/www.mormaii.com.br\/site\/wp-json\/wp\/v2\/users\/5"}],"replies":[{"embeddable":true,"href":"https:\/\/www.mormaii.com.br\/site\/wp-json\/wp\/v2\/comments?post=11658"}],"version-history":[{"count":3,"href":"https:\/\/www.mormaii.com.br\/site\/wp-json\/wp\/v2\/posts\/11658\/revisions"}],"predecessor-version":[{"id":11663,"href":"https:\/\/www.mormaii.com.br\/site\/wp-json\/wp\/v2\/posts\/11658\/revisions\/11663"}],"wp:featuredmedia":[{"embeddable":true,"href":"https:\/\/www.mormaii.com.br\/site\/wp-json\/wp\/v2\/media\/11659"}],"wp:attachment":[{"href":"https:\/\/www.mormaii.com.br\/site\/wp-json\/wp\/v2\/media?parent=11658"}],"wp:term":[{"taxonomy":"category","embeddable":true,"href":"https:\/\/www.mormaii.com.br\/site\/wp-json\/wp\/v2\/categories?post=11658"},{"taxonomy":"post_tag","embeddable":true,"href":"https:\/\/www.mormaii.com.br\/site\/wp-json\/wp\/v2\/tags?post=11658"}],"curies":[{"name":"wp","href":"https:\/\/api.w.org\/{rel}","templated":true}]}}