{"id":11751,"date":"2019-05-21T14:13:00","date_gmt":"2019-05-21T17:13:00","guid":{"rendered":"https:\/\/www.mormaii.com.br\/site\/?p=11751"},"modified":"2022-06-10T10:37:37","modified_gmt":"2022-06-10T13:37:37","slug":"10-anos-de-rei-e-rainha-do-mar","status":"publish","type":"post","link":"https:\/\/www.mormaii.com.br\/site\/10-anos-de-rei-e-rainha-do-mar\/","title":{"rendered":"Curiosidades e personagens dos 10 anos de Rei e Rainha do Mar"},"content":{"rendered":"<p><img loading=\"lazy\" decoding=\"async\" class=\"alignnone size-full wp-image-11752\" src=\"https:\/\/www.mormaii.com.br\/site\/wp-content\/uploads\/2019\/05\/rei-rainha-mar.jpg\" alt=\"\" width=\"1200\" height=\"800\" srcset=\"https:\/\/www.mormaii.com.br\/site\/wp-content\/uploads\/2019\/05\/rei-rainha-mar.jpg 1200w, https:\/\/www.mormaii.com.br\/site\/wp-content\/uploads\/2019\/05\/rei-rainha-mar-300x200.jpg 300w, https:\/\/www.mormaii.com.br\/site\/wp-content\/uploads\/2019\/05\/rei-rainha-mar-768x512.jpg 768w, https:\/\/www.mormaii.com.br\/site\/wp-content\/uploads\/2019\/05\/rei-rainha-mar-1024x683.jpg 1024w, https:\/\/www.mormaii.com.br\/site\/wp-content\/uploads\/2019\/05\/rei-rainha-mar-1170x780.jpg 1170w\" sizes=\"(max-width: 1200px) 100vw, 1200px\" \/><\/p>\n<h3>Descubras curiosidades e personagens dos 10 anos de Rei e Rainha do Mar<\/h3>\n<p>O ano era 2008. E a televis\u00e3o estava sintonizada na Globo. De um lado, um cover de Tim Maia se apresentava no \u201cDoming\u00e3o do Faust\u00e3o\u201d.<\/p>\n<p>Do outro, o ent\u00e3o nadador Luiz Lima tinha uma ideia enquanto assistia ao programa.<\/p>\n<p>\u2014 Lembro que o cover estava acompanhado da banda Vit\u00f3ria R\u00e9gia , que tocou com o Tim durante anos, o que me remeteu \u00e0 minha m\u00e3e, que tinha o mesmo nome.<\/p>\n<p>E ele cantava a m\u00fasica \u201cDo Leme ao Pontal\u201d , que foi a deixa sobre o que fazer num evento de despedida da nata\u00e7\u00e3o, j\u00e1 que estava prestes a me aposentar.<\/p>\n<p>Liguei para o Pedro Monteiro, que tem uma empresa que organiza eventos esportivos, e juntos criamos o Desafio do Leme ao Pontal \u2014 conta Lima.<\/p>\n<p>Com tudo organizado para poucos meses depois, a previs\u00e3o era que o nadador come\u00e7asse a prova pouco antes do nascer do sol.<\/p>\n<p>Com o interesse da TV Globo em transmitir a travessia durante o \u201cEsporte Espetacular\u201d, entretanto, Lima teve que antecipar o largada para a 1h da manh\u00e3, para que desse tempo de chegar ao destino com o programa ainda no ar.<\/p>\n<p>\u2014 Durante o programa, foram mostrados v\u00e1rios flashes do percurso ao vivo. Segundo funcion\u00e1rios da emissora, a audi\u00eancia estava \u00f3tima e queriam at\u00e9 que ele diminu\u00edsse um pouco o ritmo para segurar o p\u00fablico. O Luiz chegou \u00e0s 10h30m no Pontal, com um p\u00fablico imenso cantando \u201cUrru, \u00e9 rei do mar\u201d.<\/p>\n<p>Dessa vez foi Monteiro quem pegou a deixa e, no ano seguinte, criou o Circuito Rei do Mar, que completou 10 anos na etapa do \u00faltimo final de semana, numa disputa que desde 2010 inclui atletas femininas.<\/p>\n<p>\u2014 A\u00ed, rebatizamos o evento de Circuito Rei e Rainha do Mar, e desde ent\u00e3o passamos a promover tr\u00eas etapas amadoras da competi\u00e7\u00e3o por ano.<\/p>\n<p>Em 2012, inclu\u00edmos o stand up paddle, o beach run (corrida na areia) e o beach biathlon, e em 2016 come\u00e7amos a oferecer provas kids: o beach run para crian\u00e7as a partir dos 5 anos e nata\u00e7\u00e3o, dos 9 anos em diante \u2014 explica Monteiro.<\/p>\n<p>Na etapa do circuito disputada nesse domingo, dia 19 de maio, em Copacabana, atletas amadores competiram na nata\u00e7\u00e3o, nas categorias Sprint (1Km), Classic (2Km) ou Challenge (4Km); no beach run de 2,5Km ou 5Km; no beach biathlon, que come\u00e7a com 1km de nata\u00e7\u00e3o no mar e termina com 2,5km de corrida na areia; e nas provas kids.<\/p>\n<p>O circuito come\u00e7a as 7h e vai at\u00e9 o meio-dia.<\/p>\n<h3>Paix\u00e3o que atrai novas gera\u00e7\u00f5es<\/h3>\n<p>Ap\u00f3s sofrer um acidente de moto, em 2017, e ficar impossibilitado de praticar qualquer atividade f\u00edsica durante alguns meses, o enfermeiro Hor\u00e1cio Couto decidiu no ano passado participar de todas as etapas Circuito Rei e Rainha do Mar, incluindo as realizadas em outras cidades. H\u00e1 alguns anos, a competi\u00e7\u00e3o tem sido levada a outros mares.<\/p>\n<p>\u2014 Al\u00e9m das tr\u00eas etapas no Rio, tamb\u00e9m participei das que foram promovidas em Salvador, Ubatuba, Florian\u00f3polis e Bras\u00edlia. Para convencer a minha mulher, a estrat\u00e9gia era dizer: \u201cVamos viajar\u201d. A\u00ed, ela aceitava toda animada, mas quando cheg\u00e1vamos ao destino, contava que tinha uma etapa do Rei e Rainha do Mar para disputar \u2014 revela.<\/p>\n<p>O primeiro contato de Couto com o circuito tamb\u00e9m se deu ap\u00f3s um problema de sa\u00fade. Por indica\u00e7\u00e3o m\u00e9dica, ele come\u00e7ou a praticar atividades f\u00edsicas.<\/p>\n<p>\u2014 Um ano antes de eu come\u00e7ar a disputar o Rei e Rainha do Mar, entrei para a muscula\u00e7\u00e3o e comecei a fazer corrida para aliviar o meu problema de coluna. Depois, passei para a nata\u00e7\u00e3o em piscina, em que conheci uma galera que participava do circuito. Foi a\u00ed que nasceu essa vontade, mas, ao mesmo tempo, tinha muito medo da prova \u2014 lembra.<\/p>\n<p>Para n\u00e3o fazer feio, ele passou a treinar com uma equipe, contratou um servi\u00e7o de assessoria de nata\u00e7\u00e3o e foi tomando gosto por nadar em mar aberto. E depois do primeiro Sprint (nata\u00e7\u00e3o de 1Km), n\u00e3o quis mais parar.<\/p>\n<p>\u2014 O Rei e Rainha do Mar, para mim, \u00e9 religi\u00e3o. Fiquei muito feliz que, ano passado, o meu filho, que tem s\u00f3 4 anos, competiu pela primeira vez na corrida de areia, nas provas kids. O circuito \u00e9 um momento de encontro entre amigos \u2014 frisa.<\/p>\n<p>A primeira vez da advogada Maria Eduarda Medeiros na competi\u00e7\u00e3o foi em 2017. Na ocasi\u00e3o, ela estava sem nadar h\u00e1 12 anos e s\u00f3 tinha 30 dias para treinar.<\/p>\n<p>\u2014 S\u00f3 tive tempo de fazer tr\u00eas aulinhas para aprender a nadar no mar e fui para o circuito com a cara e a coragem. Como j\u00e1 pensava em me iniciar no triathlon, essa foi uma \u00f3tima porta de entrada \u2014 conta ela, que hoje \u00e9 atleta amadora do esporte.<\/p>\n<p>A tatuagem no ombro direito do gerente comercial Sandro Br\u00e1s, com a inscri\u00e7\u00e3o \u201cRei e Rainha do Mar\u201d e uma logomarca da competi\u00e7\u00e3o, \u00e9 a prova de que a paix\u00e3o dele pelo circuito \u00e9 algo que n\u00e3o se apaga f\u00e1cil. Desde a primeira edi\u00e7\u00e3o, ele nunca ficou um ano de fora:<\/p>\n<p>\u2014 J\u00e1 fazia a Travessia dos Portos. A\u00ed, quando come\u00e7ou o Rei e Rainha, me inscrevi e n\u00e3o parei mais. Um ano antes de participar, estava na areia, com mais um monte de gente, torcendo para o Luiz Lima conseguir completar o percurso do ent\u00e3o Desafio do Leme ao Pontal. Fui caminhando e acompanhando ele em parte do trajeto. Depois, peguei o carro e fui para a Barra v\u00ea-lo chegar. Eu era um dos muitos que gritavam \u201cUrru, \u00e9 rei do mar\u201d.<\/p>\n<p><a href=\"https:\/\/www.mormaiishop.com.br\/equipamentos\/PARA%20NATA%C3%87%C3%83O?PS=12&amp;map=c,specificationFilter_192&amp;O=OrderByPriceDESC\" target=\"_blank\" rel=\"noopener\"><img loading=\"lazy\" decoding=\"async\" class=\"alignnone wp-image-11700 size-full\" src=\"https:\/\/www.mormaii.com.br\/site\/wp-content\/uploads\/2019\/05\/OUTONO_banner1600x430.jpg\" alt=\"\" width=\"1600\" height=\"430\" srcset=\"https:\/\/www.mormaii.com.br\/site\/wp-content\/uploads\/2019\/05\/OUTONO_banner1600x430.jpg 1600w, https:\/\/www.mormaii.com.br\/site\/wp-content\/uploads\/2019\/05\/OUTONO_banner1600x430-300x81.jpg 300w, https:\/\/www.mormaii.com.br\/site\/wp-content\/uploads\/2019\/05\/OUTONO_banner1600x430-768x206.jpg 768w, https:\/\/www.mormaii.com.br\/site\/wp-content\/uploads\/2019\/05\/OUTONO_banner1600x430-1024x275.jpg 1024w\" sizes=\"(max-width: 1600px) 100vw, 1600px\" \/><\/a><\/p>\n","protected":false},"excerpt":{"rendered":"<p>Descubras curiosidades e personagens dos 10 anos de Rei e Rainha do Mar O ano era 2008. E a televis\u00e3o estava sintonizada na Globo. De um lado, um cover de Tim Maia se apresentava no \u201cDoming\u00e3o do Faust\u00e3o\u201d. Do outro, o ent\u00e3o nadador Luiz Lima tinha uma ideia enquanto assistia ao programa. \u2014 Lembro que [&hellip;]<\/p>\n","protected":false},"author":5,"featured_media":11752,"comment_status":"closed","ping_status":"closed","sticky":false,"template":"","format":"standard","meta":{"_uag_custom_page_level_css":"","_mi_skip_tracking":false,"footnotes":""},"categories":[1,914],"tags":[423,29,370,435,365],"class_list":["post-11751","post","type-post","status-publish","format-standard","has-post-thumbnail","hentry","category-historia","category-mormaii","tag-copacabana","tag-mormaii","tag-natacao","tag-rei-rainha-do-mar","tag-rio-de-janeiro"],"acf":[],"uagb_featured_image_src":{"full":["https:\/\/www.mormaii.com.br\/site\/wp-content\/uploads\/2019\/05\/rei-rainha-mar.jpg",1200,800,false],"thumbnail":["https:\/\/www.mormaii.com.br\/site\/wp-content\/uploads\/2019\/05\/rei-rainha-mar-150x150.jpg",150,150,true],"medium":["https:\/\/www.mormaii.com.br\/site\/wp-content\/uploads\/2019\/05\/rei-rainha-mar-300x200.jpg",300,200,true],"medium_large":["https:\/\/www.mormaii.com.br\/site\/wp-content\/uploads\/2019\/05\/rei-rainha-mar-768x512.jpg",768,512,true],"large":["https:\/\/www.mormaii.com.br\/site\/wp-content\/uploads\/2019\/05\/rei-rainha-mar-1024x683.jpg",1024,683,true],"1536x1536":["https:\/\/www.mormaii.com.br\/site\/wp-content\/uploads\/2019\/05\/rei-rainha-mar.jpg",1200,800,false],"2048x2048":["https:\/\/www.mormaii.com.br\/site\/wp-content\/uploads\/2019\/05\/rei-rainha-mar.jpg",1200,800,false],"qi_addons_for_elementor_image_size_square":["https:\/\/www.mormaii.com.br\/site\/wp-content\/uploads\/2019\/05\/rei-rainha-mar.jpg",650,433,false],"qi_addons_for_elementor_image_size_landscape":["https:\/\/www.mormaii.com.br\/site\/wp-content\/uploads\/2019\/05\/rei-rainha-mar.jpg",975,650,false],"qi_addons_for_elementor_image_size_portrait":["https:\/\/www.mormaii.com.br\/site\/wp-content\/uploads\/2019\/05\/rei-rainha-mar.jpg",650,433,false],"qi_addons_for_elementor_image_size_huge-square":["https:\/\/www.mormaii.com.br\/site\/wp-content\/uploads\/2019\/05\/rei-rainha-mar.jpg",1200,800,false]},"uagb_author_info":{"display_name":"Tissot","author_link":"https:\/\/www.mormaii.com.br\/site\/author\/fabiano\/"},"uagb_comment_info":0,"uagb_excerpt":"Descubras curiosidades e personagens dos 10 anos de Rei e Rainha do Mar O ano era 2008. E a televis\u00e3o estava sintonizada na Globo. De um lado, um cover de Tim Maia se apresentava no \u201cDoming\u00e3o do Faust\u00e3o\u201d. Do outro, o ent\u00e3o nadador Luiz Lima tinha uma ideia enquanto assistia ao programa. \u2014 Lembro que&hellip;","_links":{"self":[{"href":"https:\/\/www.mormaii.com.br\/site\/wp-json\/wp\/v2\/posts\/11751"}],"collection":[{"href":"https:\/\/www.mormaii.com.br\/site\/wp-json\/wp\/v2\/posts"}],"about":[{"href":"https:\/\/www.mormaii.com.br\/site\/wp-json\/wp\/v2\/types\/post"}],"author":[{"embeddable":true,"href":"https:\/\/www.mormaii.com.br\/site\/wp-json\/wp\/v2\/users\/5"}],"replies":[{"embeddable":true,"href":"https:\/\/www.mormaii.com.br\/site\/wp-json\/wp\/v2\/comments?post=11751"}],"version-history":[{"count":2,"href":"https:\/\/www.mormaii.com.br\/site\/wp-json\/wp\/v2\/posts\/11751\/revisions"}],"predecessor-version":[{"id":11754,"href":"https:\/\/www.mormaii.com.br\/site\/wp-json\/wp\/v2\/posts\/11751\/revisions\/11754"}],"wp:featuredmedia":[{"embeddable":true,"href":"https:\/\/www.mormaii.com.br\/site\/wp-json\/wp\/v2\/media\/11752"}],"wp:attachment":[{"href":"https:\/\/www.mormaii.com.br\/site\/wp-json\/wp\/v2\/media?parent=11751"}],"wp:term":[{"taxonomy":"category","embeddable":true,"href":"https:\/\/www.mormaii.com.br\/site\/wp-json\/wp\/v2\/categories?post=11751"},{"taxonomy":"post_tag","embeddable":true,"href":"https:\/\/www.mormaii.com.br\/site\/wp-json\/wp\/v2\/tags?post=11751"}],"curies":[{"name":"wp","href":"https:\/\/api.w.org\/{rel}","templated":true}]}}