{"id":1178,"date":"2016-04-04T13:33:38","date_gmt":"2016-04-04T13:33:38","guid":{"rendered":"http:\/\/www.mormaii.com.br\/site\/?p=1178"},"modified":"2022-06-10T10:49:58","modified_gmt":"2022-06-10T13:49:58","slug":"noticiasassista-o-filme-a-onda-da-vida","status":"publish","type":"post","link":"https:\/\/www.mormaii.com.br\/site\/noticiasassista-o-filme-a-onda-da-vida\/","title":{"rendered":"Assista o filme &#8220;A Onda da Vida&#8221;"},"content":{"rendered":"<p><a href=\"http:\/\/www.mormaii.com.br\/author\/guilhermetripa\/\" target=\"_blank\" style=\"font-size: 13px;  background-color: rgb(255, 255, 255);\" rel=\"noopener\">Guilherme Tripa<\/a>&nbsp;e&nbsp;<a href=\"http:\/\/www.mormaii.com.br\/author\/caiovaz\/\" target=\"_blank\" style=\"font-size: 13px;  background-color: rgb(255, 255, 255);\" rel=\"noopener\">Caio Vaz<\/a>&nbsp;s\u00e3o protagonistas de&nbsp;<em style=\"font-size: 13px;\">A Onda da Vida<\/em>, rodado pelo diretor Jos\u00e9 Augusto Muleta, um filme que mostra o surf de uma forma diferente, com muita a\u00e7\u00e3o, romance, poesia e altas ondas em territ\u00f3rio brasileiro.<\/p>\n<p>As \u00faltimas produ\u00e7\u00f5es do g\u00eanero no p\u00e1is foram os long\u00ednquos&nbsp;<em>Menino do Rio<\/em>&nbsp;(1981),&nbsp;<em>Garota Dourada<\/em>&nbsp;(1984) e&nbsp;<em>Manobra Radical<\/em>&nbsp;(1991).<\/p>\n<p>Tripa e Caio acreditaram no roteiro desde o in\u00edcio e n\u00e3o mediram esfor\u00e7os para concretizar a empreitada, tornando-se produtores associados da obra.<\/p>\n<p>\u201cSempre fui apaixonado por c\u00e2mera, roteiros, ideias e projetos de filmes de surf com algo mais\u201d, afirma Guilherme, que possui grande experi\u00eancia como apresentador do programa&nbsp;<em>Trip do Tripa<\/em>, no SporTV.<\/p>\n<p>Caio Vaz, tamb\u00e9m \u00e9 habituado com as c\u00e2meras. O carioca \u00e9 ator profissional e, entre outros trabalhos, participou da novela&nbsp;<em>Tr\u00eas Irm\u00e3s<\/em>, da TV Globo, onde interpretava&nbsp;<em>Thor<\/em>, um jovem surfista da Cidade Maravilhosa. Atualmente protagoniza, em fam\u00edlia, o programa&nbsp;<em>Irm\u00e3os Vaz<\/em>, no Canal OFF.<\/p>\n<p>Rodado no Rio de Janeiro e no vilarejo de Reg\u00eancia (ES),&nbsp;<em>A Onda da Vida<\/em>&nbsp;est\u00e1 dispov\u00edvel no&nbsp;<a href=\"https:\/\/tcondemand.vxcom.me\/ui\/desc_filme.php?id=621&amp;nome=A%20Onda%20Da%20Vida%20-%20Uma%20Hist%C3%B3ria%20De%20Amor%20E%20Surf&amp;genero=aventura\" target=\"_blank\" rel=\"noopener\">Telecine On<\/a>, servi\u00e7o da TV \u00e0 cabo.<\/p>\n<p>Al\u00e9m do filme, o&nbsp;<a href=\"%22http%3A\/\/busca.livrariasaraiva.com.br\/search#w=a\" onda=\"\" da=\"\" vida&#038;pac_id=\"&#038;af=\" \"=\"\" target=\"_blank\">livro<\/a>, de mesmo nome, permite aos f\u00e3s se aprofundarem ainda mais no roteiro dessa bela hist\u00f3ria.<\/p>\n<p>Imperd\u00edvel!<\/p>\n","protected":false},"excerpt":{"rendered":"<p>Guilherme Tripa&nbsp;e&nbsp;Caio Vaz&nbsp;s\u00e3o protagonistas de&nbsp;A Onda da Vida, rodado pelo diretor Jos\u00e9 Augusto Muleta, um filme que mostra o surf de uma forma diferente, com muita a\u00e7\u00e3o, romance, poesia e altas ondas em territ\u00f3rio brasileiro. As \u00faltimas produ\u00e7\u00f5es do g\u00eanero no p\u00e1is foram os long\u00ednquos&nbsp;Menino do Rio&nbsp;(1981),&nbsp;Garota Dourada&nbsp;(1984) e&nbsp;Manobra Radical&nbsp;(1991). Tripa e Caio acreditaram no [&hellip;]<\/p>\n","protected":false},"author":3,"featured_media":1179,"comment_status":"open","ping_status":"open","sticky":false,"template":"","format":"standard","meta":{"_uag_custom_page_level_css":"","_mi_skip_tracking":false,"footnotes":""},"categories":[914,7],"tags":[],"class_list":["post-1178","post","type-post","status-publish","format-standard","has-post-thumbnail","hentry","category-mormaii","category-novidades"],"acf":[],"uagb_featured_image_src":{"full":["https:\/\/www.mormaii.com.br\/site\/wp-content\/uploads\/2017\/06\/e9a4d4b47df785916086.jpg",1600,959,false],"thumbnail":["https:\/\/www.mormaii.com.br\/site\/wp-content\/uploads\/2017\/06\/e9a4d4b47df785916086-150x150.jpg",150,150,true],"medium":["https:\/\/www.mormaii.com.br\/site\/wp-content\/uploads\/2017\/06\/e9a4d4b47df785916086-300x180.jpg",300,180,true],"medium_large":["https:\/\/www.mormaii.com.br\/site\/wp-content\/uploads\/2017\/06\/e9a4d4b47df785916086-768x460.jpg",768,460,true],"large":["https:\/\/www.mormaii.com.br\/site\/wp-content\/uploads\/2017\/06\/e9a4d4b47df785916086-1024x614.jpg",1024,614,true],"1536x1536":["https:\/\/www.mormaii.com.br\/site\/wp-content\/uploads\/2017\/06\/e9a4d4b47df785916086.jpg",1536,921,false],"2048x2048":["https:\/\/www.mormaii.com.br\/site\/wp-content\/uploads\/2017\/06\/e9a4d4b47df785916086.jpg",1600,959,false],"qi_addons_for_elementor_image_size_square":["https:\/\/www.mormaii.com.br\/site\/wp-content\/uploads\/2017\/06\/e9a4d4b47df785916086.jpg",650,390,false],"qi_addons_for_elementor_image_size_landscape":["https:\/\/www.mormaii.com.br\/site\/wp-content\/uploads\/2017\/06\/e9a4d4b47df785916086.jpg",1084,650,false],"qi_addons_for_elementor_image_size_portrait":["https:\/\/www.mormaii.com.br\/site\/wp-content\/uploads\/2017\/06\/e9a4d4b47df785916086.jpg",650,390,false],"qi_addons_for_elementor_image_size_huge-square":["https:\/\/www.mormaii.com.br\/site\/wp-content\/uploads\/2017\/06\/e9a4d4b47df785916086.jpg",1300,779,false]},"uagb_author_info":{"display_name":"mormaii_importer","author_link":"https:\/\/www.mormaii.com.br\/site\/author\/mormaii_importer\/"},"uagb_comment_info":0,"uagb_excerpt":"Guilherme Tripa&nbsp;e&nbsp;Caio Vaz&nbsp;s\u00e3o protagonistas de&nbsp;A Onda da Vida, rodado pelo diretor Jos\u00e9 Augusto Muleta, um filme que mostra o surf de uma forma diferente, com muita a\u00e7\u00e3o, romance, poesia e altas ondas em territ\u00f3rio brasileiro. As \u00faltimas produ\u00e7\u00f5es do g\u00eanero no p\u00e1is foram os long\u00ednquos&nbsp;Menino do Rio&nbsp;(1981),&nbsp;Garota Dourada&nbsp;(1984) e&nbsp;Manobra Radical&nbsp;(1991). Tripa e Caio acreditaram no&hellip;","_links":{"self":[{"href":"https:\/\/www.mormaii.com.br\/site\/wp-json\/wp\/v2\/posts\/1178"}],"collection":[{"href":"https:\/\/www.mormaii.com.br\/site\/wp-json\/wp\/v2\/posts"}],"about":[{"href":"https:\/\/www.mormaii.com.br\/site\/wp-json\/wp\/v2\/types\/post"}],"author":[{"embeddable":true,"href":"https:\/\/www.mormaii.com.br\/site\/wp-json\/wp\/v2\/users\/3"}],"replies":[{"embeddable":true,"href":"https:\/\/www.mormaii.com.br\/site\/wp-json\/wp\/v2\/comments?post=1178"}],"version-history":[{"count":1,"href":"https:\/\/www.mormaii.com.br\/site\/wp-json\/wp\/v2\/posts\/1178\/revisions"}],"predecessor-version":[{"id":58240,"href":"https:\/\/www.mormaii.com.br\/site\/wp-json\/wp\/v2\/posts\/1178\/revisions\/58240"}],"wp:featuredmedia":[{"embeddable":true,"href":"https:\/\/www.mormaii.com.br\/site\/wp-json\/wp\/v2\/media\/1179"}],"wp:attachment":[{"href":"https:\/\/www.mormaii.com.br\/site\/wp-json\/wp\/v2\/media?parent=1178"}],"wp:term":[{"taxonomy":"category","embeddable":true,"href":"https:\/\/www.mormaii.com.br\/site\/wp-json\/wp\/v2\/categories?post=1178"},{"taxonomy":"post_tag","embeddable":true,"href":"https:\/\/www.mormaii.com.br\/site\/wp-json\/wp\/v2\/tags?post=1178"}],"curies":[{"name":"wp","href":"https:\/\/api.w.org\/{rel}","templated":true}]}}