{"id":11814,"date":"2019-07-08T09:48:19","date_gmt":"2019-07-08T12:48:19","guid":{"rendered":"https:\/\/www.mormaii.com.br\/site\/?p=11814"},"modified":"2022-06-10T09:57:30","modified_gmt":"2022-06-10T12:57:30","slug":"rafaella-miiller-na-lideranca-do-ranking-internacional-de-beach-tennis","status":"publish","type":"post","link":"https:\/\/www.mormaii.com.br\/site\/rafaella-miiller-na-lideranca-do-ranking-internacional-de-beach-tennis\/","title":{"rendered":"Rafaella Miiller na lideran\u00e7a do ranking internacional de Beach Tennis"},"content":{"rendered":"<p><img loading=\"lazy\" decoding=\"async\" class=\"wp-image-11815 size-full\" src=\"https:\/\/www.mormaii.com.br\/site\/wp-content\/uploads\/2019\/06\/rafa-miiller.jpg\" alt=\"\" width=\"700\" height=\"400\" srcset=\"https:\/\/www.mormaii.com.br\/site\/wp-content\/uploads\/2019\/06\/rafa-miiller.jpg 700w, https:\/\/www.mormaii.com.br\/site\/wp-content\/uploads\/2019\/06\/rafa-miiller-300x171.jpg 300w\" sizes=\"(max-width: 700px) 100vw, 700px\" \/><\/p>\n<h3>Rafaella Miiller<\/h3>\n<p>Rafaella Miiller assumiu a lideran\u00e7a do ranking internacional de Beach Tennis.<\/p>\n<p>A\u00a0bicampe\u00e3 mundial somou os pontos da conquista em Terracina, na It\u00e1lia, h\u00e1 pouco mais de uma semana.<\/p>\n<p>A brasileira foi aos 1602 pontos, 15 a mais que a parceira alem\u00e3 Maraike Biglmaier.<\/p>\n<p>A atleta da equipe Mormaii \u00e9 a terceira brasileira a liderar o ranking ITF da modalidade se juntando a Joana Cortez e Samantha Barijan.<\/p>\n<p>No masculino apenas Vinicius Font, tamb\u00e9m atleta da equipe Mormaii, conquistou esse m\u00e9rito.<\/p>\n<p>Rafa tem os tr\u00eas principais t\u00edtulos do esporte nos \u00faltimos 12 meses.<\/p>\n<p>Al\u00e9m do Mundial, venceu o Mundial por equipes com o Brasil na R\u00fassia e o torneio de Aruba, com maior n\u00famero de atletas.<\/p>\n<p><a href=\"https:\/\/www.mormaiishop.com.br\/beach%20tennis?PS=12&amp;O=OrderByPriceDESC\" target=\"_blank\" rel=\"noopener\"><img loading=\"lazy\" decoding=\"async\" class=\"alignnone wp-image-11591 size-full\" src=\"https:\/\/www.mormaii.com.br\/site\/wp-content\/uploads\/2019\/03\/BEACHTENNIS_bannerHOME1600x430.jpg\" alt=\"\" width=\"1600\" height=\"430\" srcset=\"https:\/\/www.mormaii.com.br\/site\/wp-content\/uploads\/2019\/03\/BEACHTENNIS_bannerHOME1600x430.jpg 1600w, https:\/\/www.mormaii.com.br\/site\/wp-content\/uploads\/2019\/03\/BEACHTENNIS_bannerHOME1600x430-300x81.jpg 300w, https:\/\/www.mormaii.com.br\/site\/wp-content\/uploads\/2019\/03\/BEACHTENNIS_bannerHOME1600x430-768x206.jpg 768w, https:\/\/www.mormaii.com.br\/site\/wp-content\/uploads\/2019\/03\/BEACHTENNIS_bannerHOME1600x430-1024x275.jpg 1024w, https:\/\/www.mormaii.com.br\/site\/wp-content\/uploads\/2019\/03\/BEACHTENNIS_bannerHOME1600x430-600x161.jpg 600w\" sizes=\"(max-width: 1600px) 100vw, 1600px\" \/><\/a><\/p>\n","protected":false},"excerpt":{"rendered":"<p>Rafaella Miiller Rafaella Miiller assumiu a lideran\u00e7a do ranking internacional de Beach Tennis. A\u00a0bicampe\u00e3 mundial somou os pontos da conquista em Terracina, na It\u00e1lia, h\u00e1 pouco mais de uma semana. A brasileira foi aos 1602 pontos, 15 a mais que a parceira alem\u00e3 Maraike Biglmaier. A atleta da equipe Mormaii \u00e9 a terceira brasileira a [&hellip;]<\/p>\n","protected":false},"author":5,"featured_media":11815,"comment_status":"closed","ping_status":"closed","sticky":false,"template":"","format":"standard","meta":{"_uag_custom_page_level_css":"","_mi_skip_tracking":false,"footnotes":""},"categories":[40,914,7],"tags":[468,282,29],"class_list":["post-11814","post","type-post","status-publish","format-standard","has-post-thumbnail","hentry","category-esportes","category-mormaii","category-novidades","tag-beach-tennis","tag-home","tag-mormaii"],"acf":[],"uagb_featured_image_src":{"full":["https:\/\/www.mormaii.com.br\/site\/wp-content\/uploads\/2019\/06\/rafa-miiller.jpg",700,400,false],"thumbnail":["https:\/\/www.mormaii.com.br\/site\/wp-content\/uploads\/2019\/06\/rafa-miiller-150x150.jpg",150,150,true],"medium":["https:\/\/www.mormaii.com.br\/site\/wp-content\/uploads\/2019\/06\/rafa-miiller-300x171.jpg",300,171,true],"medium_large":["https:\/\/www.mormaii.com.br\/site\/wp-content\/uploads\/2019\/06\/rafa-miiller.jpg",700,400,false],"large":["https:\/\/www.mormaii.com.br\/site\/wp-content\/uploads\/2019\/06\/rafa-miiller.jpg",700,400,false],"1536x1536":["https:\/\/www.mormaii.com.br\/site\/wp-content\/uploads\/2019\/06\/rafa-miiller.jpg",700,400,false],"2048x2048":["https:\/\/www.mormaii.com.br\/site\/wp-content\/uploads\/2019\/06\/rafa-miiller.jpg",700,400,false],"qi_addons_for_elementor_image_size_square":["https:\/\/www.mormaii.com.br\/site\/wp-content\/uploads\/2019\/06\/rafa-miiller.jpg",650,371,false],"qi_addons_for_elementor_image_size_landscape":["https:\/\/www.mormaii.com.br\/site\/wp-content\/uploads\/2019\/06\/rafa-miiller.jpg",700,400,false],"qi_addons_for_elementor_image_size_portrait":["https:\/\/www.mormaii.com.br\/site\/wp-content\/uploads\/2019\/06\/rafa-miiller.jpg",650,371,false],"qi_addons_for_elementor_image_size_huge-square":["https:\/\/www.mormaii.com.br\/site\/wp-content\/uploads\/2019\/06\/rafa-miiller.jpg",700,400,false]},"uagb_author_info":{"display_name":"Tissot","author_link":"https:\/\/www.mormaii.com.br\/site\/author\/fabiano\/"},"uagb_comment_info":0,"uagb_excerpt":"Rafaella Miiller Rafaella Miiller assumiu a lideran\u00e7a do ranking internacional de Beach Tennis. A\u00a0bicampe\u00e3 mundial somou os pontos da conquista em Terracina, na It\u00e1lia, h\u00e1 pouco mais de uma semana. A brasileira foi aos 1602 pontos, 15 a mais que a parceira alem\u00e3 Maraike Biglmaier. A atleta da equipe Mormaii \u00e9 a terceira brasileira a&hellip;","_links":{"self":[{"href":"https:\/\/www.mormaii.com.br\/site\/wp-json\/wp\/v2\/posts\/11814"}],"collection":[{"href":"https:\/\/www.mormaii.com.br\/site\/wp-json\/wp\/v2\/posts"}],"about":[{"href":"https:\/\/www.mormaii.com.br\/site\/wp-json\/wp\/v2\/types\/post"}],"author":[{"embeddable":true,"href":"https:\/\/www.mormaii.com.br\/site\/wp-json\/wp\/v2\/users\/5"}],"replies":[{"embeddable":true,"href":"https:\/\/www.mormaii.com.br\/site\/wp-json\/wp\/v2\/comments?post=11814"}],"version-history":[{"count":1,"href":"https:\/\/www.mormaii.com.br\/site\/wp-json\/wp\/v2\/posts\/11814\/revisions"}],"predecessor-version":[{"id":11816,"href":"https:\/\/www.mormaii.com.br\/site\/wp-json\/wp\/v2\/posts\/11814\/revisions\/11816"}],"wp:featuredmedia":[{"embeddable":true,"href":"https:\/\/www.mormaii.com.br\/site\/wp-json\/wp\/v2\/media\/11815"}],"wp:attachment":[{"href":"https:\/\/www.mormaii.com.br\/site\/wp-json\/wp\/v2\/media?parent=11814"}],"wp:term":[{"taxonomy":"category","embeddable":true,"href":"https:\/\/www.mormaii.com.br\/site\/wp-json\/wp\/v2\/categories?post=11814"},{"taxonomy":"post_tag","embeddable":true,"href":"https:\/\/www.mormaii.com.br\/site\/wp-json\/wp\/v2\/tags?post=11814"}],"curies":[{"name":"wp","href":"https:\/\/api.w.org\/{rel}","templated":true}]}}