{"id":11835,"date":"2019-07-09T09:39:42","date_gmt":"2019-07-09T12:39:42","guid":{"rendered":"https:\/\/www.mormaii.com.br\/site\/?p=11835"},"modified":"2022-06-10T10:25:34","modified_gmt":"2022-06-10T13:25:34","slug":"meia-maratona-de-blumenau-2019","status":"publish","type":"post","link":"https:\/\/www.mormaii.com.br\/site\/meia-maratona-de-blumenau-2019\/","title":{"rendered":"Meia Maratona de Blumenau 2019"},"content":{"rendered":"<h3><img loading=\"lazy\" decoding=\"async\" class=\"alignnone size-full wp-image-11836\" src=\"https:\/\/www.mormaii.com.br\/site\/wp-content\/uploads\/2019\/07\/MEIAblumenau700x400.jpg\" alt=\"\" width=\"700\" height=\"400\" srcset=\"https:\/\/www.mormaii.com.br\/site\/wp-content\/uploads\/2019\/07\/MEIAblumenau700x400.jpg 700w, https:\/\/www.mormaii.com.br\/site\/wp-content\/uploads\/2019\/07\/MEIAblumenau700x400-300x171.jpg 300w\" sizes=\"(max-width: 700px) 100vw, 700px\" \/><\/h3>\n<h3>Meia Maratona de Blumenau 2019<\/h3>\n<p>A Meia Maratona de Blumenau 2019 passa pelas principais ruas da cidade e os atletas chegam no Pavilh\u00e3o da Vila Germ\u00e2nica, onde um brinde com Chopp os aguarda!<\/p>\n<p>A expectativa de p\u00fablico \u00e9 de 2.000 atletas, percorrendo 21k (solo), 10km e 5km no dia 14 de Julho na Capital Nacional da Cerveja!<\/p>\n<h3>Data<\/h3>\n<p>14 de Julho de 2019 &#8211; Domingo<\/p>\n<h3>Hor\u00e1rio<\/h3>\n<p>7h \u2013 Largada 21km solo<\/p>\n<p>7h15 \u2013 Largada 10km e 5km<\/p>\n<p>10h &#8211; In\u00edcio da Cerim\u00f4nia de Premia\u00e7\u00e3o<\/p>\n<h3>Local<\/h3>\n<p>Largada: P\u00f3rtico Lateral do Parque Vila Germ\u00e2nica<br \/>\nChegada: Parque Vila Germ\u00e2nica &#8211; Pavilh\u00e3o 03<br \/>\nRua Alberto Stein, 199 &#8211; Blumenau\/SC<br \/>\nLocaliza\u00e7\u00e3o: https:\/\/goo.gl\/maps\/8aBPRFzxKhL2<\/p>\n<h3>\u200bDist\u00e2ncias<\/h3>\n<p>21km (solo), 10km e 5km<br \/>\nData e Hor\u00e1rios:<br \/>\n13 de Julho de 2019 &#8211; S\u00e1bado &#8211; 13h \u00e0s 19h<br \/>\n*n\u00e3o ser\u00e3o entregues Kits fora dos dias e hor\u00e1rios estipulados.<\/p>\n<h3>Local<\/h3>\n<p>Loja KORRER &#8211; Blumenau<\/p>\n<p>Rua Engenheiro Paul Werner, 1251 &#8211; Itoupava Seca &#8211; Blumenau\/SC<br \/>\n\u200b<br \/>\n*Obrigat\u00f3rio levar 1 kg de alimento n\u00e3o perec\u00edvel.<\/p>\n<p>*Obrigat\u00f3rio apresenta\u00e7\u00e3o do Voucher de inscri\u00e7\u00e3o.<\/p>\n<p><a href=\"https:\/\/www.mormaiishop.com.br\/running\"><img loading=\"lazy\" decoding=\"async\" class=\"alignnone size-full wp-image-11837\" src=\"https:\/\/www.mormaii.com.br\/site\/wp-content\/uploads\/2019\/07\/MEIAblumenau1600x430.jpg\" alt=\"\" width=\"1600\" height=\"430\" srcset=\"https:\/\/www.mormaii.com.br\/site\/wp-content\/uploads\/2019\/07\/MEIAblumenau1600x430.jpg 1600w, https:\/\/www.mormaii.com.br\/site\/wp-content\/uploads\/2019\/07\/MEIAblumenau1600x430-300x81.jpg 300w, https:\/\/www.mormaii.com.br\/site\/wp-content\/uploads\/2019\/07\/MEIAblumenau1600x430-768x206.jpg 768w, https:\/\/www.mormaii.com.br\/site\/wp-content\/uploads\/2019\/07\/MEIAblumenau1600x430-1024x275.jpg 1024w\" sizes=\"(max-width: 1600px) 100vw, 1600px\" \/><\/a><\/p>\n<p>&nbsp;<\/p>\n","protected":false},"excerpt":{"rendered":"<p>Meia Maratona de Blumenau 2019 A Meia Maratona de Blumenau 2019 passa pelas principais ruas da cidade e os atletas chegam no Pavilh\u00e3o da Vila Germ\u00e2nica, onde um brinde com Chopp os aguarda! A expectativa de p\u00fablico \u00e9 de 2.000 atletas, percorrendo 21k (solo), 10km e 5km no dia 14 de Julho na Capital Nacional [&hellip;]<\/p>\n","protected":false},"author":5,"featured_media":11836,"comment_status":"closed","ping_status":"closed","sticky":false,"template":"","format":"standard","meta":{"_uag_custom_page_level_css":"","_mi_skip_tracking":false,"footnotes":""},"categories":[40,914,7],"tags":[],"class_list":["post-11835","post","type-post","status-publish","format-standard","has-post-thumbnail","hentry","category-esportes","category-mormaii","category-novidades"],"acf":[],"uagb_featured_image_src":{"full":["https:\/\/www.mormaii.com.br\/site\/wp-content\/uploads\/2019\/07\/MEIAblumenau700x400.jpg",700,400,false],"thumbnail":["https:\/\/www.mormaii.com.br\/site\/wp-content\/uploads\/2019\/07\/MEIAblumenau700x400-150x150.jpg",150,150,true],"medium":["https:\/\/www.mormaii.com.br\/site\/wp-content\/uploads\/2019\/07\/MEIAblumenau700x400-300x171.jpg",300,171,true],"medium_large":["https:\/\/www.mormaii.com.br\/site\/wp-content\/uploads\/2019\/07\/MEIAblumenau700x400.jpg",700,400,false],"large":["https:\/\/www.mormaii.com.br\/site\/wp-content\/uploads\/2019\/07\/MEIAblumenau700x400.jpg",700,400,false],"1536x1536":["https:\/\/www.mormaii.com.br\/site\/wp-content\/uploads\/2019\/07\/MEIAblumenau700x400.jpg",700,400,false],"2048x2048":["https:\/\/www.mormaii.com.br\/site\/wp-content\/uploads\/2019\/07\/MEIAblumenau700x400.jpg",700,400,false],"qi_addons_for_elementor_image_size_square":["https:\/\/www.mormaii.com.br\/site\/wp-content\/uploads\/2019\/07\/MEIAblumenau700x400.jpg",650,371,false],"qi_addons_for_elementor_image_size_landscape":["https:\/\/www.mormaii.com.br\/site\/wp-content\/uploads\/2019\/07\/MEIAblumenau700x400.jpg",700,400,false],"qi_addons_for_elementor_image_size_portrait":["https:\/\/www.mormaii.com.br\/site\/wp-content\/uploads\/2019\/07\/MEIAblumenau700x400.jpg",650,371,false],"qi_addons_for_elementor_image_size_huge-square":["https:\/\/www.mormaii.com.br\/site\/wp-content\/uploads\/2019\/07\/MEIAblumenau700x400.jpg",700,400,false]},"uagb_author_info":{"display_name":"Tissot","author_link":"https:\/\/www.mormaii.com.br\/site\/author\/fabiano\/"},"uagb_comment_info":0,"uagb_excerpt":"Meia Maratona de Blumenau 2019 A Meia Maratona de Blumenau 2019 passa pelas principais ruas da cidade e os atletas chegam no Pavilh\u00e3o da Vila Germ\u00e2nica, onde um brinde com Chopp os aguarda! A expectativa de p\u00fablico \u00e9 de 2.000 atletas, percorrendo 21k (solo), 10km e 5km no dia 14 de Julho na Capital Nacional&hellip;","_links":{"self":[{"href":"https:\/\/www.mormaii.com.br\/site\/wp-json\/wp\/v2\/posts\/11835"}],"collection":[{"href":"https:\/\/www.mormaii.com.br\/site\/wp-json\/wp\/v2\/posts"}],"about":[{"href":"https:\/\/www.mormaii.com.br\/site\/wp-json\/wp\/v2\/types\/post"}],"author":[{"embeddable":true,"href":"https:\/\/www.mormaii.com.br\/site\/wp-json\/wp\/v2\/users\/5"}],"replies":[{"embeddable":true,"href":"https:\/\/www.mormaii.com.br\/site\/wp-json\/wp\/v2\/comments?post=11835"}],"version-history":[{"count":2,"href":"https:\/\/www.mormaii.com.br\/site\/wp-json\/wp\/v2\/posts\/11835\/revisions"}],"predecessor-version":[{"id":11839,"href":"https:\/\/www.mormaii.com.br\/site\/wp-json\/wp\/v2\/posts\/11835\/revisions\/11839"}],"wp:featuredmedia":[{"embeddable":true,"href":"https:\/\/www.mormaii.com.br\/site\/wp-json\/wp\/v2\/media\/11836"}],"wp:attachment":[{"href":"https:\/\/www.mormaii.com.br\/site\/wp-json\/wp\/v2\/media?parent=11835"}],"wp:term":[{"taxonomy":"category","embeddable":true,"href":"https:\/\/www.mormaii.com.br\/site\/wp-json\/wp\/v2\/categories?post=11835"},{"taxonomy":"post_tag","embeddable":true,"href":"https:\/\/www.mormaii.com.br\/site\/wp-json\/wp\/v2\/tags?post=11835"}],"curies":[{"name":"wp","href":"https:\/\/api.w.org\/{rel}","templated":true}]}}