{"id":11840,"date":"2019-07-10T09:57:57","date_gmt":"2019-07-10T12:57:57","guid":{"rendered":"https:\/\/www.mormaii.com.br\/site\/?p=11840"},"modified":"2022-06-10T10:22:13","modified_gmt":"2022-06-10T13:22:13","slug":"mountain-do-fernando-de-noronha-2019","status":"publish","type":"post","link":"https:\/\/www.mormaii.com.br\/site\/mountain-do-fernando-de-noronha-2019\/","title":{"rendered":"Mountain Do Fernando de Noronha 2019"},"content":{"rendered":"<h3><img loading=\"lazy\" decoding=\"async\" class=\"alignnone size-full wp-image-11841\" src=\"https:\/\/www.mormaii.com.br\/site\/wp-content\/uploads\/2019\/07\/MOUNTAINDOnoronha700x400.jpg\" alt=\"\" width=\"700\" height=\"400\" srcset=\"https:\/\/www.mormaii.com.br\/site\/wp-content\/uploads\/2019\/07\/MOUNTAINDOnoronha700x400.jpg 700w, https:\/\/www.mormaii.com.br\/site\/wp-content\/uploads\/2019\/07\/MOUNTAINDOnoronha700x400-300x171.jpg 300w\" sizes=\"(max-width: 700px) 100vw, 700px\" \/><\/h3>\n<h3>Mountain Do Fernando de Noronha 2019<\/h3>\n<p>O Mountain Do Fernando de Noronha ser\u00e1 realizado no arquip\u00e9lago de Fernando de Noronha, dia 27 de julho de 2019.<\/p>\n<p>A corrida ser\u00e1 disputada nas dist\u00e2ncias de 21 km e 08 km, com o in\u00edcio da concentra\u00e7\u00e3o previsto para as 07h30 e largada \u00e0s 08h.<\/p>\n<p>A chegada ser\u00e1 no mesmo local de partida e o tempo limite para conclus\u00e3o da prova de 21 km \u00e9 de 3h50 horas com pace m\u00e9dio de 11\/km, e da prova de 08 km \u00e9 de 1h45.<\/p>\n<p>O percurso da prova \u00e9 em terreno variado (asfalto &#8211; estrada de ch\u00e3o &#8211; trilha &#8211; praia).<\/p>\n<h3>Premia\u00e7\u00e3o<\/h3>\n<p>21km \u2013 trof\u00e9us para os tr\u00eas primeiros colocados no geral e para o tr\u00eas primeiros colocados de cada categoria (ver regulamento)<\/p>\n<p>08km \u2013 trof\u00e9us para os cinco primeiros colocados no geral feminino e masculino.<\/p>\n<p>Todos atletas que completarem a corrida no tempo estabelecido pela organiza\u00e7\u00e3o, ganhar\u00e3o medalha na chegada<\/p>\n<h3>Tempo m\u00e1ximo da prova<\/h3>\n<p>O tempo m\u00e1ximo para t\u00e9rmino da prova de 21 km \u00e9 3h50.<\/p>\n<p>O tempo m\u00e1ximo para t\u00e9rmino da prova de 8 km \u00e9 1h45.<\/p>\n<h3>Programa\u00e7\u00e3o<\/h3>\n<p>26\/07\/2019 &#8211; entrega kits 14h00 \u00e0s 19h00 &#8211;&gt; praia do cachorro, &#8211; vila dos rem\u00e9dios, fernando de noronha<\/p>\n<p>27\/07\/2019 &#8211; largada 08h<\/p>\n<p>27\/07\/2019 &#8211; premia\u00e7\u00e3o 11h15<\/p>\n<p><a href=\"https:\/\/www.mormaiishop.com.br\/running\"><img loading=\"lazy\" decoding=\"async\" class=\"alignnone size-full wp-image-11842\" src=\"https:\/\/www.mormaii.com.br\/site\/wp-content\/uploads\/2019\/07\/MOUNTAINDOnoronha1600x430.jpg\" alt=\"\" width=\"1600\" height=\"430\" srcset=\"https:\/\/www.mormaii.com.br\/site\/wp-content\/uploads\/2019\/07\/MOUNTAINDOnoronha1600x430.jpg 1600w, https:\/\/www.mormaii.com.br\/site\/wp-content\/uploads\/2019\/07\/MOUNTAINDOnoronha1600x430-300x81.jpg 300w, https:\/\/www.mormaii.com.br\/site\/wp-content\/uploads\/2019\/07\/MOUNTAINDOnoronha1600x430-768x206.jpg 768w, https:\/\/www.mormaii.com.br\/site\/wp-content\/uploads\/2019\/07\/MOUNTAINDOnoronha1600x430-1024x275.jpg 1024w\" sizes=\"(max-width: 1600px) 100vw, 1600px\" \/><\/a><\/p>\n","protected":false},"excerpt":{"rendered":"<p>Mountain Do Fernando de Noronha 2019 O Mountain Do Fernando de Noronha ser\u00e1 realizado no arquip\u00e9lago de Fernando de Noronha, dia 27 de julho de 2019. A corrida ser\u00e1 disputada nas dist\u00e2ncias de 21 km e 08 km, com o in\u00edcio da concentra\u00e7\u00e3o previsto para as 07h30 e largada \u00e0s 08h. A chegada ser\u00e1 no [&hellip;]<\/p>\n","protected":false},"author":5,"featured_media":11841,"comment_status":"closed","ping_status":"closed","sticky":false,"template":"","format":"standard","meta":{"_uag_custom_page_level_css":"","_mi_skip_tracking":false,"footnotes":""},"categories":[914,7],"tags":[],"class_list":["post-11840","post","type-post","status-publish","format-standard","has-post-thumbnail","hentry","category-mormaii","category-novidades"],"acf":[],"uagb_featured_image_src":{"full":["https:\/\/www.mormaii.com.br\/site\/wp-content\/uploads\/2019\/07\/MOUNTAINDOnoronha700x400.jpg",700,400,false],"thumbnail":["https:\/\/www.mormaii.com.br\/site\/wp-content\/uploads\/2019\/07\/MOUNTAINDOnoronha700x400-150x150.jpg",150,150,true],"medium":["https:\/\/www.mormaii.com.br\/site\/wp-content\/uploads\/2019\/07\/MOUNTAINDOnoronha700x400-300x171.jpg",300,171,true],"medium_large":["https:\/\/www.mormaii.com.br\/site\/wp-content\/uploads\/2019\/07\/MOUNTAINDOnoronha700x400.jpg",700,400,false],"large":["https:\/\/www.mormaii.com.br\/site\/wp-content\/uploads\/2019\/07\/MOUNTAINDOnoronha700x400.jpg",700,400,false],"1536x1536":["https:\/\/www.mormaii.com.br\/site\/wp-content\/uploads\/2019\/07\/MOUNTAINDOnoronha700x400.jpg",700,400,false],"2048x2048":["https:\/\/www.mormaii.com.br\/site\/wp-content\/uploads\/2019\/07\/MOUNTAINDOnoronha700x400.jpg",700,400,false],"qi_addons_for_elementor_image_size_square":["https:\/\/www.mormaii.com.br\/site\/wp-content\/uploads\/2019\/07\/MOUNTAINDOnoronha700x400.jpg",650,371,false],"qi_addons_for_elementor_image_size_landscape":["https:\/\/www.mormaii.com.br\/site\/wp-content\/uploads\/2019\/07\/MOUNTAINDOnoronha700x400.jpg",700,400,false],"qi_addons_for_elementor_image_size_portrait":["https:\/\/www.mormaii.com.br\/site\/wp-content\/uploads\/2019\/07\/MOUNTAINDOnoronha700x400.jpg",650,371,false],"qi_addons_for_elementor_image_size_huge-square":["https:\/\/www.mormaii.com.br\/site\/wp-content\/uploads\/2019\/07\/MOUNTAINDOnoronha700x400.jpg",700,400,false]},"uagb_author_info":{"display_name":"Tissot","author_link":"https:\/\/www.mormaii.com.br\/site\/author\/fabiano\/"},"uagb_comment_info":0,"uagb_excerpt":"Mountain Do Fernando de Noronha 2019 O Mountain Do Fernando de Noronha ser\u00e1 realizado no arquip\u00e9lago de Fernando de Noronha, dia 27 de julho de 2019. A corrida ser\u00e1 disputada nas dist\u00e2ncias de 21 km e 08 km, com o in\u00edcio da concentra\u00e7\u00e3o previsto para as 07h30 e largada \u00e0s 08h. A chegada ser\u00e1 no&hellip;","_links":{"self":[{"href":"https:\/\/www.mormaii.com.br\/site\/wp-json\/wp\/v2\/posts\/11840"}],"collection":[{"href":"https:\/\/www.mormaii.com.br\/site\/wp-json\/wp\/v2\/posts"}],"about":[{"href":"https:\/\/www.mormaii.com.br\/site\/wp-json\/wp\/v2\/types\/post"}],"author":[{"embeddable":true,"href":"https:\/\/www.mormaii.com.br\/site\/wp-json\/wp\/v2\/users\/5"}],"replies":[{"embeddable":true,"href":"https:\/\/www.mormaii.com.br\/site\/wp-json\/wp\/v2\/comments?post=11840"}],"version-history":[{"count":3,"href":"https:\/\/www.mormaii.com.br\/site\/wp-json\/wp\/v2\/posts\/11840\/revisions"}],"predecessor-version":[{"id":11845,"href":"https:\/\/www.mormaii.com.br\/site\/wp-json\/wp\/v2\/posts\/11840\/revisions\/11845"}],"wp:featuredmedia":[{"embeddable":true,"href":"https:\/\/www.mormaii.com.br\/site\/wp-json\/wp\/v2\/media\/11841"}],"wp:attachment":[{"href":"https:\/\/www.mormaii.com.br\/site\/wp-json\/wp\/v2\/media?parent=11840"}],"wp:term":[{"taxonomy":"category","embeddable":true,"href":"https:\/\/www.mormaii.com.br\/site\/wp-json\/wp\/v2\/categories?post=11840"},{"taxonomy":"post_tag","embeddable":true,"href":"https:\/\/www.mormaii.com.br\/site\/wp-json\/wp\/v2\/tags?post=11840"}],"curies":[{"name":"wp","href":"https:\/\/api.w.org\/{rel}","templated":true}]}}