{"id":11881,"date":"2019-08-03T14:40:40","date_gmt":"2019-08-03T17:40:40","guid":{"rendered":"https:\/\/www.mormaii.com.br\/site\/?p=11881"},"modified":"2022-06-10T10:52:52","modified_gmt":"2022-06-10T13:52:52","slug":"2a-etapa-do-circuito-mormaii-surfuturo-groms","status":"publish","type":"post","link":"https:\/\/www.mormaii.com.br\/site\/2a-etapa-do-circuito-mormaii-surfuturo-groms\/","title":{"rendered":"2\u00aa etapa do Mormaii Surfuturo Groms foi nota 10"},"content":{"rendered":"<div id=\"attachment_11883\" style=\"width: 3046px\" class=\"wp-caption alignnone\"><img loading=\"lazy\" decoding=\"async\" aria-describedby=\"caption-attachment-11883\" class=\"wp-image-11883 size-full\" src=\"https:\/\/www.mormaii.com.br\/site\/wp-content\/uploads\/2019\/08\/Bela-Nalu.jpg\" alt=\"\" width=\"3036\" height=\"2028\" srcset=\"https:\/\/www.mormaii.com.br\/site\/wp-content\/uploads\/2019\/08\/Bela-Nalu.jpg 3036w, https:\/\/www.mormaii.com.br\/site\/wp-content\/uploads\/2019\/08\/Bela-Nalu-300x200.jpg 300w, https:\/\/www.mormaii.com.br\/site\/wp-content\/uploads\/2019\/08\/Bela-Nalu-768x513.jpg 768w, https:\/\/www.mormaii.com.br\/site\/wp-content\/uploads\/2019\/08\/Bela-Nalu-1024x684.jpg 1024w\" sizes=\"(max-width: 3036px) 100vw, 3036px\" \/><p id=\"caption-attachment-11883\" class=\"wp-caption-text\">Bela Nalu garantiu sua primeira vit\u00f3ria no evento | Fotos: Bas\u00edlio Ruy<\/p><\/div>\n<h3>2\u00aa etapa do Mormaii Surfuturo Groms<\/h3>\n<p>A 2\u00aa etapa do circuito Mormaii Surfuturo Groms aconteceu nesse s\u00e1bado (03 de agosto) na Praia da Atalaia em Itaja\u00ed com ondas de meio metro, sol, frio e vento terral.<\/p>\n<p>As categorias em disputa foram, Petit sub-10, Infantil sub-12, Iniciantes sub-14, Mirim sub-16 e Feminino sub-12 e sub-16.<\/p>\n<p>Um total de 61 atletas estiveram em a\u00e7\u00e3o em Itaja\u00ed vindos de v\u00e1rias partes do Brasil como Paran\u00e1, S\u00e3o Paulo, Rio Grande do Norte e Para\u00edba, e tamb\u00e9m vizinhos Sul-americanos da Argentina e Chile.<\/p>\n<p>Anuar Chiah, de Matinhos, no Paran\u00e1, deu as cartas na Atalaia, venceu a Sub 10 e Sub 14 e foi vice na Sub 12, jovem talento paranaense estava em total sintonia com as ondas e cravou tr\u00eas p\u00f3dios num s\u00e1bado antol\u00f3gico em Itaja\u00ed.<\/p>\n<p>Luiz Mendes, de Barra do Sul, venceu novamente a Mirim e disparou na lideran\u00e7a do ranking em seu \u00faltimo ano de Surfuturo.<\/p>\n<p>Mendes frequenta o circuito desde quando era sub 10 e pode ser o primeiro surfista a ser campe\u00e3o de todas as categorias do Surfuturo Groms.<\/p>\n<p>Na Sub 12 a fera de Ubatuba, Kailani Renn\u00f3, venceu a grande final, contra Chiah, Vitorino e Glazer.<\/p>\n<p><img loading=\"lazy\" decoding=\"async\" class=\"alignnone size-full wp-image-11884\" src=\"https:\/\/www.mormaii.com.br\/site\/wp-content\/uploads\/2019\/08\/MG_2753-001.jpg\" alt=\"\" width=\"3021\" height=\"2118\" srcset=\"https:\/\/www.mormaii.com.br\/site\/wp-content\/uploads\/2019\/08\/MG_2753-001.jpg 3021w, https:\/\/www.mormaii.com.br\/site\/wp-content\/uploads\/2019\/08\/MG_2753-001-300x210.jpg 300w, https:\/\/www.mormaii.com.br\/site\/wp-content\/uploads\/2019\/08\/MG_2753-001-768x538.jpg 768w, https:\/\/www.mormaii.com.br\/site\/wp-content\/uploads\/2019\/08\/MG_2753-001-1024x718.jpg 1024w\" sizes=\"(max-width: 3021px) 100vw, 3021px\" \/><\/p>\n<p>Entre as meninas, Bela Nalu conquistou sua primeira vit\u00f3ria no Surfuturo vencendo a Sub 12 com uma \u00f3tima atua\u00e7\u00e3o na grande final.<\/p>\n<p>Luara Mandelli tamb\u00e9m fez final e assegurou seu lugar no p\u00f3dio, com a quarta coloca\u00e7\u00e3o.<\/p>\n<p>Na feminino Sub 16, Pamela Mel fez a festa novamente em Itaja\u00ed, ela j\u00e1 havia vencido a primeira etapa e segue forte pra conquistar o t\u00edtulo da temporada.<\/p>\n<p><img loading=\"lazy\" decoding=\"async\" class=\"alignnone size-full wp-image-11882\" src=\"https:\/\/www.mormaii.com.br\/site\/wp-content\/uploads\/2019\/08\/Atalaia.jpg\" alt=\"\" width=\"3924\" height=\"2118\" srcset=\"https:\/\/www.mormaii.com.br\/site\/wp-content\/uploads\/2019\/08\/Atalaia.jpg 3924w, https:\/\/www.mormaii.com.br\/site\/wp-content\/uploads\/2019\/08\/Atalaia-300x162.jpg 300w, https:\/\/www.mormaii.com.br\/site\/wp-content\/uploads\/2019\/08\/Atalaia-768x415.jpg 768w, https:\/\/www.mormaii.com.br\/site\/wp-content\/uploads\/2019\/08\/Atalaia-1024x553.jpg 1024w\" sizes=\"(max-width: 3924px) 100vw, 3924px\" \/><\/p>\n<p>O evento contou com o trabalho da Massoterapeuta Sol Schiefelbein que atendeu os atletas durante a etapa com muito profissionalismo.<\/p>\n<p>A terceira e decisiva etapa deve acontecer em Novembro com praia a ser definida.<\/p>\n<p><img loading=\"lazy\" decoding=\"async\" class=\"alignnone size-full wp-image-11886\" src=\"https:\/\/www.mormaii.com.br\/site\/wp-content\/uploads\/2019\/08\/MG_2750-001.jpg\" alt=\"\" width=\"4674\" height=\"3258\" srcset=\"https:\/\/www.mormaii.com.br\/site\/wp-content\/uploads\/2019\/08\/MG_2750-001.jpg 4674w, https:\/\/www.mormaii.com.br\/site\/wp-content\/uploads\/2019\/08\/MG_2750-001-300x209.jpg 300w, https:\/\/www.mormaii.com.br\/site\/wp-content\/uploads\/2019\/08\/MG_2750-001-768x535.jpg 768w, https:\/\/www.mormaii.com.br\/site\/wp-content\/uploads\/2019\/08\/MG_2750-001-1024x714.jpg 1024w\" sizes=\"(max-width: 4674px) 100vw, 4674px\" \/><\/p>\n<h3>Resultados<\/h3>\n<h3>Feminino Sub 12<\/h3>\n<p>1\u00ba Bela Nalu<br \/>\n2\u00ba Alexia Monteiro<br \/>\n3\u00ba Joanna Machado<br \/>\n4\u00ba Luara Mandelli PR<\/p>\n<h3>Feminino Sub 16<\/h3>\n<p>1\u00ba Pamela Mel<br \/>\n2\u00ba Atina Sacrillo ARG<br \/>\n3\u00ba Laura Raupp<br \/>\n4\u00ba Coco Cianciarulo ARG<\/p>\n<h3>Petit<\/h3>\n<p>1\u00ba Anuar Chiah PR<br \/>\n2\u00ba Kailani Renn\u00f3 SP<br \/>\n3\u00ba Keoni Renn\u00f3 SP<br \/>\n4\u00ba Michel Dem\u00e9trio<\/p>\n<h3>Infantil<\/h3>\n<p>1\u00ba Kailani Renn\u00f3 SP<br \/>\n2\u00ba Anuar Chiah PR<br \/>\n3\u00ba Antonio Vitorino<br \/>\n4\u00ba Davi Glazer<\/p>\n<h3>Iniciantes<\/h3>\n<p>1\u00ba Anuar Chiah<br \/>\n2\u00ba Noel Delatorre CHI<br \/>\n3\u00ba Samuel Joquinha RN<br \/>\n4\u00ba Yuri Barros PB<\/p>\n<h3>Mirim<\/h3>\n<p>1\u00ba Luiz Mendes<br \/>\n2\u00ba Arthur Rom\u00e3o<br \/>\n3\u00ba Leon Delatorre CHI<br \/>\n4\u00ba Samuel Joquinha RN<\/p>\n<p>Best Wave Fem \u2013 Laura Raupp 8,00 pontos<\/p>\n<p>Best Wave Mas \u2013 Yuri Gabriel 9,00 pontos<\/p>\n<p><img loading=\"lazy\" decoding=\"async\" class=\"alignnone size-full wp-image-11885\" src=\"https:\/\/www.mormaii.com.br\/site\/wp-content\/uploads\/2019\/08\/MG_2668-001.jpg\" alt=\"\" width=\"4108\" height=\"2772\" srcset=\"https:\/\/www.mormaii.com.br\/site\/wp-content\/uploads\/2019\/08\/MG_2668-001.jpg 4108w, https:\/\/www.mormaii.com.br\/site\/wp-content\/uploads\/2019\/08\/MG_2668-001-300x202.jpg 300w, https:\/\/www.mormaii.com.br\/site\/wp-content\/uploads\/2019\/08\/MG_2668-001-768x518.jpg 768w, https:\/\/www.mormaii.com.br\/site\/wp-content\/uploads\/2019\/08\/MG_2668-001-1024x691.jpg 1024w\" sizes=\"(max-width: 4108px) 100vw, 4108px\" \/><\/p>\n<h3>Patroc\u00ednio<\/h3>\n<p>O Mormaii Surfuturo Groms 2019 conta com o patroc\u00ednio da Mormaii, S\u00f3cioAmbientar, Banana Wax e Bar do Kao.<\/p>\n<h3>Apoio<\/h3>\n<p>Eco Board, PG, Brava Sports, Meister Willy, Lilou Beach Wear, Santa Costa, TBS Surfboards, Wizard, FMEL, Padang Padang Surf Shop, Beneduzi Lopes e Big Wave Board Shop.<br \/>\nRealiza\u00e7\u00e3o: ASPI \u2013 Associa\u00e7\u00e3o de Surf Praias de Itaja\u00ed<\/p>\n<h3>Supervis\u00e3o<\/h3>\n<p>Fecasurf<\/p>\n<p><a href=\"https:\/\/www.mormaiishop.com.br\/compre-long-ganhe-relogio?utm_source=Banner-topo&amp;utm_medium=Banner-topo-compre-long-ganhe-relogio&amp;utm_campaign=compre-long-ganhe-relogio\"><img loading=\"lazy\" decoding=\"async\" class=\"alignnone size-full wp-image-11887\" src=\"https:\/\/www.mormaii.com.br\/site\/wp-content\/uploads\/2019\/08\/Screenshot_8.jpg\" alt=\"\" width=\"1171\" height=\"361\" srcset=\"https:\/\/www.mormaii.com.br\/site\/wp-content\/uploads\/2019\/08\/Screenshot_8.jpg 1171w, https:\/\/www.mormaii.com.br\/site\/wp-content\/uploads\/2019\/08\/Screenshot_8-300x92.jpg 300w, https:\/\/www.mormaii.com.br\/site\/wp-content\/uploads\/2019\/08\/Screenshot_8-768x237.jpg 768w, https:\/\/www.mormaii.com.br\/site\/wp-content\/uploads\/2019\/08\/Screenshot_8-1024x316.jpg 1024w, https:\/\/www.mormaii.com.br\/site\/wp-content\/uploads\/2019\/08\/Screenshot_8-1170x361.jpg 1170w\" sizes=\"(max-width: 1171px) 100vw, 1171px\" \/><\/a><\/p>\n","protected":false},"excerpt":{"rendered":"<p>2\u00aa etapa do Mormaii Surfuturo Groms A 2\u00aa etapa do circuito Mormaii Surfuturo Groms aconteceu nesse s\u00e1bado (03 de agosto) na Praia da Atalaia em Itaja\u00ed com ondas de meio metro, sol, frio e vento terral. As categorias em disputa foram, Petit sub-10, Infantil sub-12, Iniciantes sub-14, Mirim sub-16 e Feminino sub-12 e sub-16. Um [&hellip;]<\/p>\n","protected":false},"author":5,"featured_media":11883,"comment_status":"closed","ping_status":"closed","sticky":false,"template":"","format":"standard","meta":{"_uag_custom_page_level_css":"","_mi_skip_tracking":false,"footnotes":""},"categories":[914,7,345],"tags":[],"class_list":["post-11881","post","type-post","status-publish","format-standard","has-post-thumbnail","hentry","category-mormaii","category-novidades","category-surf"],"acf":[],"uagb_featured_image_src":{"full":["https:\/\/www.mormaii.com.br\/site\/wp-content\/uploads\/2019\/08\/Bela-Nalu.jpg",3036,2028,false],"thumbnail":["https:\/\/www.mormaii.com.br\/site\/wp-content\/uploads\/2019\/08\/Bela-Nalu-150x150.jpg",150,150,true],"medium":["https:\/\/www.mormaii.com.br\/site\/wp-content\/uploads\/2019\/08\/Bela-Nalu-300x200.jpg",300,200,true],"medium_large":["https:\/\/www.mormaii.com.br\/site\/wp-content\/uploads\/2019\/08\/Bela-Nalu-768x513.jpg",768,513,true],"large":["https:\/\/www.mormaii.com.br\/site\/wp-content\/uploads\/2019\/08\/Bela-Nalu-1024x684.jpg",1024,684,true],"1536x1536":["https:\/\/www.mormaii.com.br\/site\/wp-content\/uploads\/2019\/08\/Bela-Nalu.jpg",1536,1026,false],"2048x2048":["https:\/\/www.mormaii.com.br\/site\/wp-content\/uploads\/2019\/08\/Bela-Nalu.jpg",2048,1368,false],"qi_addons_for_elementor_image_size_square":["https:\/\/www.mormaii.com.br\/site\/wp-content\/uploads\/2019\/08\/Bela-Nalu.jpg",650,434,false],"qi_addons_for_elementor_image_size_landscape":["https:\/\/www.mormaii.com.br\/site\/wp-content\/uploads\/2019\/08\/Bela-Nalu.jpg",973,650,false],"qi_addons_for_elementor_image_size_portrait":["https:\/\/www.mormaii.com.br\/site\/wp-content\/uploads\/2019\/08\/Bela-Nalu.jpg",650,434,false],"qi_addons_for_elementor_image_size_huge-square":["https:\/\/www.mormaii.com.br\/site\/wp-content\/uploads\/2019\/08\/Bela-Nalu.jpg",1300,868,false]},"uagb_author_info":{"display_name":"Tissot","author_link":"https:\/\/www.mormaii.com.br\/site\/author\/fabiano\/"},"uagb_comment_info":0,"uagb_excerpt":"2\u00aa etapa do Mormaii Surfuturo Groms A 2\u00aa etapa do circuito Mormaii Surfuturo Groms aconteceu nesse s\u00e1bado (03 de agosto) na Praia da Atalaia em Itaja\u00ed com ondas de meio metro, sol, frio e vento terral. As categorias em disputa foram, Petit sub-10, Infantil sub-12, Iniciantes sub-14, Mirim sub-16 e Feminino sub-12 e sub-16. Um&hellip;","_links":{"self":[{"href":"https:\/\/www.mormaii.com.br\/site\/wp-json\/wp\/v2\/posts\/11881"}],"collection":[{"href":"https:\/\/www.mormaii.com.br\/site\/wp-json\/wp\/v2\/posts"}],"about":[{"href":"https:\/\/www.mormaii.com.br\/site\/wp-json\/wp\/v2\/types\/post"}],"author":[{"embeddable":true,"href":"https:\/\/www.mormaii.com.br\/site\/wp-json\/wp\/v2\/users\/5"}],"replies":[{"embeddable":true,"href":"https:\/\/www.mormaii.com.br\/site\/wp-json\/wp\/v2\/comments?post=11881"}],"version-history":[{"count":4,"href":"https:\/\/www.mormaii.com.br\/site\/wp-json\/wp\/v2\/posts\/11881\/revisions"}],"predecessor-version":[{"id":11891,"href":"https:\/\/www.mormaii.com.br\/site\/wp-json\/wp\/v2\/posts\/11881\/revisions\/11891"}],"wp:featuredmedia":[{"embeddable":true,"href":"https:\/\/www.mormaii.com.br\/site\/wp-json\/wp\/v2\/media\/11883"}],"wp:attachment":[{"href":"https:\/\/www.mormaii.com.br\/site\/wp-json\/wp\/v2\/media?parent=11881"}],"wp:term":[{"taxonomy":"category","embeddable":true,"href":"https:\/\/www.mormaii.com.br\/site\/wp-json\/wp\/v2\/categories?post=11881"},{"taxonomy":"post_tag","embeddable":true,"href":"https:\/\/www.mormaii.com.br\/site\/wp-json\/wp\/v2\/tags?post=11881"}],"curies":[{"name":"wp","href":"https:\/\/api.w.org\/{rel}","templated":true}]}}