{"id":11900,"date":"2019-08-23T14:02:32","date_gmt":"2019-08-23T17:02:32","guid":{"rendered":"https:\/\/www.mormaii.com.br\/site\/?p=11900"},"modified":"2022-06-10T10:37:18","modified_gmt":"2022-06-10T13:37:18","slug":"desafio-serra-dona-francisca-2019","status":"publish","type":"post","link":"https:\/\/www.mormaii.com.br\/site\/desafio-serra-dona-francisca-2019\/","title":{"rendered":"Desafio Serra Dona Francisca 2019 teve 300 concluintes"},"content":{"rendered":"<div id=\"attachment_11902\" style=\"width: 970px\" class=\"wp-caption alignnone\"><img loading=\"lazy\" decoding=\"async\" aria-describedby=\"caption-attachment-11902\" class=\"wp-image-11902 size-full\" src=\"https:\/\/www.mormaii.com.br\/site\/wp-content\/uploads\/2019\/08\/desafio-serra-dona-francisca-2.jpg\" alt=\"\" width=\"960\" height=\"639\" srcset=\"https:\/\/www.mormaii.com.br\/site\/wp-content\/uploads\/2019\/08\/desafio-serra-dona-francisca-2.jpg 960w, https:\/\/www.mormaii.com.br\/site\/wp-content\/uploads\/2019\/08\/desafio-serra-dona-francisca-2-300x200.jpg 300w, https:\/\/www.mormaii.com.br\/site\/wp-content\/uploads\/2019\/08\/desafio-serra-dona-francisca-2-768x511.jpg 768w\" sizes=\"(max-width: 960px) 100vw, 960px\" \/><p id=\"caption-attachment-11902\" class=\"wp-caption-text\">Fotos: SC10K<\/p><\/div>\n<h3>Desafio Serra Dona Francisca 2019<\/h3>\n<p>O Desafio Serra Dona Francisca, no \u00faltimo domingo, contou com cerca de 300 concluintes.<\/p>\n<p>Al\u00e9m dos 700 metros de altimetria acumulada e 11 quil\u00f4metros, as baixas temperaturas tamb\u00e9m foi uma adversidade aos corredores.<\/p>\n<p>A estimativa \u00e9 de term\u00f4metros pr\u00f3ximos do zero grau na hora da largada, \u00e0s 7h.<\/p>\n<p>&#8211; Ao mesmo tempo em que \u00e9 uma prova desafiadora, ela \u00e9 muito poss\u00edvel de ser feita por todos os atletas que praticam corrida regularmente &#8211; considerou Juliano Pereira, organizador do evento e diretor t\u00e9cnico da prova, explicando que o evento pretende entrar para o calend\u00e1rio de Santa Catarina como uma das provas mais desafiadoras e bonitas do Estado.<\/p>\n<p><img loading=\"lazy\" decoding=\"async\" class=\"alignnone size-full wp-image-11901\" src=\"https:\/\/www.mormaii.com.br\/site\/wp-content\/uploads\/2019\/08\/desafio-serra-dona-francisca-3.jpg\" alt=\"\" width=\"960\" height=\"639\" srcset=\"https:\/\/www.mormaii.com.br\/site\/wp-content\/uploads\/2019\/08\/desafio-serra-dona-francisca-3.jpg 960w, https:\/\/www.mormaii.com.br\/site\/wp-content\/uploads\/2019\/08\/desafio-serra-dona-francisca-3-300x200.jpg 300w, https:\/\/www.mormaii.com.br\/site\/wp-content\/uploads\/2019\/08\/desafio-serra-dona-francisca-3-768x511.jpg 768w\" sizes=\"(max-width: 960px) 100vw, 960px\" \/><\/p>\n<p>A largada da prova ocorreu na Sociedade Dona Francisca e a chegada, no Hotel Dona Francisca &#8211; prova de ponta a ponta.<\/p>\n<p>Durante todo o percurso, para a seguran\u00e7a dos atletas, a serra ficou completamente fechada para o tr\u00e1fego de ve\u00edculos por pouco mais de duas horas.<\/p>\n<p>Com pouco mais de 48 minutos de prova, Lucas Alves Andrade (00:48:33) conquistou o trof\u00e9u de campe\u00e3o do<\/p>\n<p>Desafio Serra Dona Francisca.<\/p>\n<p><img loading=\"lazy\" decoding=\"async\" class=\"alignnone size-full wp-image-11903\" src=\"https:\/\/www.mormaii.com.br\/site\/wp-content\/uploads\/2019\/08\/desafio-serra-dona-francisca-1.jpg\" alt=\"\" width=\"960\" height=\"639\" srcset=\"https:\/\/www.mormaii.com.br\/site\/wp-content\/uploads\/2019\/08\/desafio-serra-dona-francisca-1.jpg 960w, https:\/\/www.mormaii.com.br\/site\/wp-content\/uploads\/2019\/08\/desafio-serra-dona-francisca-1-300x200.jpg 300w, https:\/\/www.mormaii.com.br\/site\/wp-content\/uploads\/2019\/08\/desafio-serra-dona-francisca-1-768x511.jpg 768w\" sizes=\"(max-width: 960px) 100vw, 960px\" \/><\/p>\n<p>O p\u00f3dio masculino geral foi completado por F\u00e1bio Schubert Gelbcke (00:50:19), Jos\u00e9 Mario de Souza Rodrigues (00:50:29), Alison Rodrigo de Santanna (00:52:55) e por Marcelo de Lima (00:54:27).<\/p>\n<p>O p\u00f3dio feminino foi formado pelas atletas Bianca Claudine Roos (01:10:56), Cristiane Brych (01:11:07), Preta Dallagno (01:12:15), Jaqueline Milbauer (01:13:21) e por Mayra Mayte Mejia Poener (01:13:35).<\/p>\n<div id=\"attachment_11767\" style=\"width: 947px\" class=\"wp-caption alignnone\"><a href=\"https:\/\/www.mormaiishop.com.br\/running\"><img loading=\"lazy\" decoding=\"async\" aria-describedby=\"caption-attachment-11767\" class=\"wp-image-11767 size-full\" src=\"https:\/\/www.mormaii.com.br\/site\/wp-content\/uploads\/2019\/05\/brisas-corrida.jpg\" alt=\"\" width=\"937\" height=\"295\" srcset=\"https:\/\/www.mormaii.com.br\/site\/wp-content\/uploads\/2019\/05\/brisas-corrida.jpg 937w, https:\/\/www.mormaii.com.br\/site\/wp-content\/uploads\/2019\/05\/brisas-corrida-300x94.jpg 300w, https:\/\/www.mormaii.com.br\/site\/wp-content\/uploads\/2019\/05\/brisas-corrida-768x242.jpg 768w\" sizes=\"(max-width: 937px) 100vw, 937px\" \/><\/a><p id=\"caption-attachment-11767\" class=\"wp-caption-text\">Clique e confira a linha Mormaii Running<\/p><\/div>\n","protected":false},"excerpt":{"rendered":"<p>Desafio Serra Dona Francisca 2019 O Desafio Serra Dona Francisca, no \u00faltimo domingo, contou com cerca de 300 concluintes. Al\u00e9m dos 700 metros de altimetria acumulada e 11 quil\u00f4metros, as baixas temperaturas tamb\u00e9m foi uma adversidade aos corredores. A estimativa \u00e9 de term\u00f4metros pr\u00f3ximos do zero grau na hora da largada, \u00e0s 7h. &#8211; Ao [&hellip;]<\/p>\n","protected":false},"author":5,"featured_media":11902,"comment_status":"closed","ping_status":"closed","sticky":false,"template":"","format":"standard","meta":{"_uag_custom_page_level_css":"","_mi_skip_tracking":false,"footnotes":""},"categories":[40,914,7],"tags":[],"class_list":["post-11900","post","type-post","status-publish","format-standard","has-post-thumbnail","hentry","category-esportes","category-mormaii","category-novidades"],"acf":[],"uagb_featured_image_src":{"full":["https:\/\/www.mormaii.com.br\/site\/wp-content\/uploads\/2019\/08\/desafio-serra-dona-francisca-2.jpg",960,639,false],"thumbnail":["https:\/\/www.mormaii.com.br\/site\/wp-content\/uploads\/2019\/08\/desafio-serra-dona-francisca-2-150x150.jpg",150,150,true],"medium":["https:\/\/www.mormaii.com.br\/site\/wp-content\/uploads\/2019\/08\/desafio-serra-dona-francisca-2-300x200.jpg",300,200,true],"medium_large":["https:\/\/www.mormaii.com.br\/site\/wp-content\/uploads\/2019\/08\/desafio-serra-dona-francisca-2-768x511.jpg",768,511,true],"large":["https:\/\/www.mormaii.com.br\/site\/wp-content\/uploads\/2019\/08\/desafio-serra-dona-francisca-2.jpg",960,639,false],"1536x1536":["https:\/\/www.mormaii.com.br\/site\/wp-content\/uploads\/2019\/08\/desafio-serra-dona-francisca-2.jpg",960,639,false],"2048x2048":["https:\/\/www.mormaii.com.br\/site\/wp-content\/uploads\/2019\/08\/desafio-serra-dona-francisca-2.jpg",960,639,false],"qi_addons_for_elementor_image_size_square":["https:\/\/www.mormaii.com.br\/site\/wp-content\/uploads\/2019\/08\/desafio-serra-dona-francisca-2.jpg",650,433,false],"qi_addons_for_elementor_image_size_landscape":["https:\/\/www.mormaii.com.br\/site\/wp-content\/uploads\/2019\/08\/desafio-serra-dona-francisca-2.jpg",960,639,false],"qi_addons_for_elementor_image_size_portrait":["https:\/\/www.mormaii.com.br\/site\/wp-content\/uploads\/2019\/08\/desafio-serra-dona-francisca-2.jpg",650,433,false],"qi_addons_for_elementor_image_size_huge-square":["https:\/\/www.mormaii.com.br\/site\/wp-content\/uploads\/2019\/08\/desafio-serra-dona-francisca-2.jpg",960,639,false]},"uagb_author_info":{"display_name":"Tissot","author_link":"https:\/\/www.mormaii.com.br\/site\/author\/fabiano\/"},"uagb_comment_info":0,"uagb_excerpt":"Desafio Serra Dona Francisca 2019 O Desafio Serra Dona Francisca, no \u00faltimo domingo, contou com cerca de 300 concluintes. Al\u00e9m dos 700 metros de altimetria acumulada e 11 quil\u00f4metros, as baixas temperaturas tamb\u00e9m foi uma adversidade aos corredores. A estimativa \u00e9 de term\u00f4metros pr\u00f3ximos do zero grau na hora da largada, \u00e0s 7h. &#8211; Ao&hellip;","_links":{"self":[{"href":"https:\/\/www.mormaii.com.br\/site\/wp-json\/wp\/v2\/posts\/11900"}],"collection":[{"href":"https:\/\/www.mormaii.com.br\/site\/wp-json\/wp\/v2\/posts"}],"about":[{"href":"https:\/\/www.mormaii.com.br\/site\/wp-json\/wp\/v2\/types\/post"}],"author":[{"embeddable":true,"href":"https:\/\/www.mormaii.com.br\/site\/wp-json\/wp\/v2\/users\/5"}],"replies":[{"embeddable":true,"href":"https:\/\/www.mormaii.com.br\/site\/wp-json\/wp\/v2\/comments?post=11900"}],"version-history":[{"count":2,"href":"https:\/\/www.mormaii.com.br\/site\/wp-json\/wp\/v2\/posts\/11900\/revisions"}],"predecessor-version":[{"id":11906,"href":"https:\/\/www.mormaii.com.br\/site\/wp-json\/wp\/v2\/posts\/11900\/revisions\/11906"}],"wp:featuredmedia":[{"embeddable":true,"href":"https:\/\/www.mormaii.com.br\/site\/wp-json\/wp\/v2\/media\/11902"}],"wp:attachment":[{"href":"https:\/\/www.mormaii.com.br\/site\/wp-json\/wp\/v2\/media?parent=11900"}],"wp:term":[{"taxonomy":"category","embeddable":true,"href":"https:\/\/www.mormaii.com.br\/site\/wp-json\/wp\/v2\/categories?post=11900"},{"taxonomy":"post_tag","embeddable":true,"href":"https:\/\/www.mormaii.com.br\/site\/wp-json\/wp\/v2\/tags?post=11900"}],"curies":[{"name":"wp","href":"https:\/\/api.w.org\/{rel}","templated":true}]}}