{"id":11953,"date":"2019-08-26T15:25:28","date_gmt":"2019-08-26T18:25:28","guid":{"rendered":"https:\/\/www.mormaii.com.br\/site\/?p=11953"},"modified":"2022-06-10T10:53:09","modified_gmt":"2022-06-10T13:53:09","slug":"12a-edicao-da-corrida-da-padroeira-de-cabo-frio","status":"publish","type":"post","link":"https:\/\/www.mormaii.com.br\/site\/12a-edicao-da-corrida-da-padroeira-de-cabo-frio\/","title":{"rendered":"12\u00aa edi\u00e7\u00e3o da Corrida da Padroeira de Cabo Frio"},"content":{"rendered":"<p><img loading=\"lazy\" decoding=\"async\" class=\"alignnone size-full wp-image-11955\" src=\"https:\/\/www.mormaii.com.br\/site\/wp-content\/uploads\/2019\/08\/corrida-da-padroeira-cabo-frio.jpg\" alt=\"\" width=\"960\" height=\"771\" srcset=\"https:\/\/www.mormaii.com.br\/site\/wp-content\/uploads\/2019\/08\/corrida-da-padroeira-cabo-frio.jpg 960w, https:\/\/www.mormaii.com.br\/site\/wp-content\/uploads\/2019\/08\/corrida-da-padroeira-cabo-frio-300x241.jpg 300w, https:\/\/www.mormaii.com.br\/site\/wp-content\/uploads\/2019\/08\/corrida-da-padroeira-cabo-frio-768x617.jpg 768w\" sizes=\"(max-width: 960px) 100vw, 960px\" \/><\/p>\n<h3>12\u00aa edi\u00e7\u00e3o da Corrida da Padroeira de Cabo Frio<\/h3>\n<p>Atletas de todo o Brasil e at\u00e9 de fora do pa\u00eds participaram neste domingo da 12\u00aa edi\u00e7\u00e3o da Corrida da Padroeira de Cabo Frio, na Regi\u00e3o dos Lagos do Rio.<\/p>\n<p>O evento que \u00e9 tradicional na cidade faz parte das homenagens ao dia de Nossa Senhora da Assun\u00e7\u00e3o, padroeira do munic\u00edpio.<\/p>\n<p>De acordo com a organiza\u00e7\u00e3o, cerca de 1.500 pessoas participaram das provas de 5 e 10 km. A corrida tamb\u00e9m promoveu a inclus\u00e3o no esporte.<\/p>\n<p>&#8211; Em nossos eventos sempre trabalhamos a inclus\u00e3o de uma forma muito forte.<\/p>\n<p>Cada cadeirante aqui presente est\u00e1 se superando e ajudando a outras pessoas a vencer seus obst\u00e1culos tamb\u00e9m &#8211; afirmou o organizador Hayllan Lima.<\/p>\n<p>As provas tiveram in\u00edcio a partir das 8h, com sa\u00edda da Pra\u00e7a Porto Rocha, no Centro, em dire\u00e7\u00e3o \u00e0 Praia do Forte, um dos principais pontos tur\u00edsticos da cidade.<\/p>\n<p>O percurso reuniu crian\u00e7as, jovens e idosos e muitos atletas estavam correndo pela primeira vez em Cabo Frio.<\/p>\n<p>&#8211; Estou estreando em Cabo Frio mesmo sendo da regi\u00e3o. Estou tentando encaixar um treinamento para voltar para o triatlo, essa prova \u00e9 um teste para mim. Gosto de correr aqui perto dos amigos, me sinto em casa &#8211; contou Fagner Bruno, atleta de Arraial do Cabo.<\/p>\n<p>Maria, de 90 anos, que \u00e9 cadeirante, n\u00e3o estava participando das provas, mas aguardava o filho que fazia o percurso de 10 km. Segundo o atleta, ela sempre o acompanha nos desafios.<\/p>\n<p>&#8211; A minha m\u00e3e \u00e9 a minha for\u00e7a, est\u00e1 sempre de olho no que estou fazendo, principalmente no esporte &#8211; explicou Joneson Carneiro.<\/p>\n<p>Todos os participantes que cumpriram a prova ganharam medalha de participa\u00e7\u00e3o.<\/p>\n<p>Os resultados de todas as categorias est\u00e3o dispon\u00edveis pelo <a href=\"https:\/\/esportecorrida.com.br\/v1\/resultados_.php?a=MTg2\" target=\"_blank\" rel=\"noopener\">link<\/a>.<\/p>\n<div id=\"attachment_11954\" style=\"width: 947px\" class=\"wp-caption alignnone\"><a href=\"https:\/\/www.mormaiishop.com.br\/running\"><img loading=\"lazy\" decoding=\"async\" aria-describedby=\"caption-attachment-11954\" class=\"size-full wp-image-11954\" src=\"https:\/\/www.mormaii.com.br\/site\/wp-content\/uploads\/2019\/08\/Screenshot_26.jpg\" alt=\"\" width=\"937\" height=\"297\" srcset=\"https:\/\/www.mormaii.com.br\/site\/wp-content\/uploads\/2019\/08\/Screenshot_26.jpg 937w, https:\/\/www.mormaii.com.br\/site\/wp-content\/uploads\/2019\/08\/Screenshot_26-300x95.jpg 300w, https:\/\/www.mormaii.com.br\/site\/wp-content\/uploads\/2019\/08\/Screenshot_26-768x243.jpg 768w\" sizes=\"(max-width: 937px) 100vw, 937px\" \/><\/a><p id=\"caption-attachment-11954\" class=\"wp-caption-text\">Clique e confira a linha running Mormaii<\/p><\/div>\n","protected":false},"excerpt":{"rendered":"<p>12\u00aa edi\u00e7\u00e3o da Corrida da Padroeira de Cabo Frio Atletas de todo o Brasil e at\u00e9 de fora do pa\u00eds participaram neste domingo da 12\u00aa edi\u00e7\u00e3o da Corrida da Padroeira de Cabo Frio, na Regi\u00e3o dos Lagos do Rio. O evento que \u00e9 tradicional na cidade faz parte das homenagens ao dia de Nossa Senhora [&hellip;]<\/p>\n","protected":false},"author":5,"featured_media":11955,"comment_status":"closed","ping_status":"closed","sticky":false,"template":"","format":"standard","meta":{"_uag_custom_page_level_css":"","_mi_skip_tracking":false,"footnotes":""},"categories":[40,914,7],"tags":[],"class_list":["post-11953","post","type-post","status-publish","format-standard","has-post-thumbnail","hentry","category-esportes","category-mormaii","category-novidades"],"acf":[],"uagb_featured_image_src":{"full":["https:\/\/www.mormaii.com.br\/site\/wp-content\/uploads\/2019\/08\/corrida-da-padroeira-cabo-frio.jpg",960,771,false],"thumbnail":["https:\/\/www.mormaii.com.br\/site\/wp-content\/uploads\/2019\/08\/corrida-da-padroeira-cabo-frio-150x150.jpg",150,150,true],"medium":["https:\/\/www.mormaii.com.br\/site\/wp-content\/uploads\/2019\/08\/corrida-da-padroeira-cabo-frio-300x241.jpg",300,241,true],"medium_large":["https:\/\/www.mormaii.com.br\/site\/wp-content\/uploads\/2019\/08\/corrida-da-padroeira-cabo-frio-768x617.jpg",768,617,true],"large":["https:\/\/www.mormaii.com.br\/site\/wp-content\/uploads\/2019\/08\/corrida-da-padroeira-cabo-frio.jpg",960,771,false],"1536x1536":["https:\/\/www.mormaii.com.br\/site\/wp-content\/uploads\/2019\/08\/corrida-da-padroeira-cabo-frio.jpg",960,771,false],"2048x2048":["https:\/\/www.mormaii.com.br\/site\/wp-content\/uploads\/2019\/08\/corrida-da-padroeira-cabo-frio.jpg",960,771,false],"qi_addons_for_elementor_image_size_square":["https:\/\/www.mormaii.com.br\/site\/wp-content\/uploads\/2019\/08\/corrida-da-padroeira-cabo-frio.jpg",650,522,false],"qi_addons_for_elementor_image_size_landscape":["https:\/\/www.mormaii.com.br\/site\/wp-content\/uploads\/2019\/08\/corrida-da-padroeira-cabo-frio.jpg",809,650,false],"qi_addons_for_elementor_image_size_portrait":["https:\/\/www.mormaii.com.br\/site\/wp-content\/uploads\/2019\/08\/corrida-da-padroeira-cabo-frio.jpg",650,522,false],"qi_addons_for_elementor_image_size_huge-square":["https:\/\/www.mormaii.com.br\/site\/wp-content\/uploads\/2019\/08\/corrida-da-padroeira-cabo-frio.jpg",960,771,false]},"uagb_author_info":{"display_name":"Tissot","author_link":"https:\/\/www.mormaii.com.br\/site\/author\/fabiano\/"},"uagb_comment_info":0,"uagb_excerpt":"12\u00aa edi\u00e7\u00e3o da Corrida da Padroeira de Cabo Frio Atletas de todo o Brasil e at\u00e9 de fora do pa\u00eds participaram neste domingo da 12\u00aa edi\u00e7\u00e3o da Corrida da Padroeira de Cabo Frio, na Regi\u00e3o dos Lagos do Rio. O evento que \u00e9 tradicional na cidade faz parte das homenagens ao dia de Nossa Senhora&hellip;","_links":{"self":[{"href":"https:\/\/www.mormaii.com.br\/site\/wp-json\/wp\/v2\/posts\/11953"}],"collection":[{"href":"https:\/\/www.mormaii.com.br\/site\/wp-json\/wp\/v2\/posts"}],"about":[{"href":"https:\/\/www.mormaii.com.br\/site\/wp-json\/wp\/v2\/types\/post"}],"author":[{"embeddable":true,"href":"https:\/\/www.mormaii.com.br\/site\/wp-json\/wp\/v2\/users\/5"}],"replies":[{"embeddable":true,"href":"https:\/\/www.mormaii.com.br\/site\/wp-json\/wp\/v2\/comments?post=11953"}],"version-history":[{"count":1,"href":"https:\/\/www.mormaii.com.br\/site\/wp-json\/wp\/v2\/posts\/11953\/revisions"}],"predecessor-version":[{"id":11956,"href":"https:\/\/www.mormaii.com.br\/site\/wp-json\/wp\/v2\/posts\/11953\/revisions\/11956"}],"wp:featuredmedia":[{"embeddable":true,"href":"https:\/\/www.mormaii.com.br\/site\/wp-json\/wp\/v2\/media\/11955"}],"wp:attachment":[{"href":"https:\/\/www.mormaii.com.br\/site\/wp-json\/wp\/v2\/media?parent=11953"}],"wp:term":[{"taxonomy":"category","embeddable":true,"href":"https:\/\/www.mormaii.com.br\/site\/wp-json\/wp\/v2\/categories?post=11953"},{"taxonomy":"post_tag","embeddable":true,"href":"https:\/\/www.mormaii.com.br\/site\/wp-json\/wp\/v2\/tags?post=11953"}],"curies":[{"name":"wp","href":"https:\/\/api.w.org\/{rel}","templated":true}]}}