{"id":1196,"date":"2016-04-04T13:33:38","date_gmt":"2016-04-04T13:33:38","guid":{"rendered":"http:\/\/www.mormaii.com.br\/site\/?p=1196"},"modified":"2022-06-10T10:34:10","modified_gmt":"2022-06-10T13:34:10","slug":"noticiasfique-de-bike-com-a-vida","status":"publish","type":"post","link":"https:\/\/www.mormaii.com.br\/site\/noticiasfique-de-bike-com-a-vida\/","title":{"rendered":"Fique de bike com a vida"},"content":{"rendered":"<p><\/p>\n<p>Equipe de funcion\u00e1rios embarca a favor do meio ambiente e fica de bike com a vida no Dia Mundial Sem Carro!<\/p>\n<p>Para comemorar o Dia Mundial Sem Carro, a Mormaii estimulou o seu time de colaboradores* a deixar o carro na garagem e ir de bicicleta para o trabalho atrav\u00e9s da a\u00e7\u00e3o \u201cFique de bike com a vida\u201d.<\/p>\n<p>Logo na chegada pela manh\u00e3, os funcion\u00e1rios foram recebidos por promotoras em uma blitz realizada na principal via de acesso da f\u00e1brica \u2013 onde havia coolers com energ\u00e9ticos e \u00e1guas, mesa com frutas e distribui\u00e7\u00e3o de folders com dicas para a seguran\u00e7a dos ciclistas e adesivos promocionais da a\u00e7\u00e3o. Aqueles que chegaram de carro foram convidados a deixar o ve\u00edculo no primeiro estacionamento e subir a rampa da empresa a p\u00e9.<\/p>\n<p>Al\u00e9m dos colaboradores, as demais pessoas da comunidade que estavam transitando em frente ao local, bem como alguns \u00f4nibus escolares, \u00f4nibus de linha e o pr\u00f3prio \u00f4nibus que leva os funcion\u00e1rios da f\u00e1brica at\u00e9 a empresa, tamb\u00e9m foram abordados e estimulados a participar do movimento.<\/p>\n<p>Como resultado da a\u00e7\u00e3o, cada colaborador que deixou o seu carro na garagem hoje ajudou a aumentar em torno de 50% a m\u00e9dia di\u00e1ria de funcion\u00e1rios que se deslocam sem o autom\u00f3vel at\u00e9 o trabalho. Para estimular que esse n\u00famero siga aumentando e que as pessoas sigam dirigindo a favor do meio ambiente, a Mormaii sorteou uma bicicleta novinha, capacetes e mochilas a todos que embarcaram na causa!<\/p>\n<p>*Tamb\u00e9m participaram da a\u00e7\u00e3o os colaboradores da El Faro, empresa parceira localizada no mesmo espa\u00e7o da Mormaii.<\/p>\n","protected":false},"excerpt":{"rendered":"<p>Equipe de funcion\u00e1rios embarca a favor do meio ambiente e fica de bike com a vida no Dia Mundial Sem Carro! Para comemorar o Dia Mundial Sem Carro, a Mormaii estimulou o seu time de colaboradores* a deixar o carro na garagem e ir de bicicleta para o trabalho atrav\u00e9s da a\u00e7\u00e3o \u201cFique de bike [&hellip;]<\/p>\n","protected":false},"author":3,"featured_media":1197,"comment_status":"open","ping_status":"open","sticky":false,"template":"","format":"standard","meta":{"_uag_custom_page_level_css":"","_mi_skip_tracking":false,"footnotes":""},"categories":[914,7],"tags":[],"class_list":["post-1196","post","type-post","status-publish","format-standard","has-post-thumbnail","hentry","category-mormaii","category-novidades"],"acf":[],"uagb_featured_image_src":{"full":["https:\/\/www.mormaii.com.br\/site\/wp-content\/uploads\/2017\/06\/c915c73332d44f05a1f9.jpg",1600,959,false],"thumbnail":["https:\/\/www.mormaii.com.br\/site\/wp-content\/uploads\/2017\/06\/c915c73332d44f05a1f9-150x150.jpg",150,150,true],"medium":["https:\/\/www.mormaii.com.br\/site\/wp-content\/uploads\/2017\/06\/c915c73332d44f05a1f9-300x180.jpg",300,180,true],"medium_large":["https:\/\/www.mormaii.com.br\/site\/wp-content\/uploads\/2017\/06\/c915c73332d44f05a1f9-768x460.jpg",768,460,true],"large":["https:\/\/www.mormaii.com.br\/site\/wp-content\/uploads\/2017\/06\/c915c73332d44f05a1f9-1024x614.jpg",1024,614,true],"1536x1536":["https:\/\/www.mormaii.com.br\/site\/wp-content\/uploads\/2017\/06\/c915c73332d44f05a1f9.jpg",1536,921,false],"2048x2048":["https:\/\/www.mormaii.com.br\/site\/wp-content\/uploads\/2017\/06\/c915c73332d44f05a1f9.jpg",1600,959,false],"qi_addons_for_elementor_image_size_square":["https:\/\/www.mormaii.com.br\/site\/wp-content\/uploads\/2017\/06\/c915c73332d44f05a1f9.jpg",650,390,false],"qi_addons_for_elementor_image_size_landscape":["https:\/\/www.mormaii.com.br\/site\/wp-content\/uploads\/2017\/06\/c915c73332d44f05a1f9.jpg",1084,650,false],"qi_addons_for_elementor_image_size_portrait":["https:\/\/www.mormaii.com.br\/site\/wp-content\/uploads\/2017\/06\/c915c73332d44f05a1f9.jpg",650,390,false],"qi_addons_for_elementor_image_size_huge-square":["https:\/\/www.mormaii.com.br\/site\/wp-content\/uploads\/2017\/06\/c915c73332d44f05a1f9.jpg",1300,779,false]},"uagb_author_info":{"display_name":"mormaii_importer","author_link":"https:\/\/www.mormaii.com.br\/site\/author\/mormaii_importer\/"},"uagb_comment_info":0,"uagb_excerpt":"Equipe de funcion\u00e1rios embarca a favor do meio ambiente e fica de bike com a vida no Dia Mundial Sem Carro! Para comemorar o Dia Mundial Sem Carro, a Mormaii estimulou o seu time de colaboradores* a deixar o carro na garagem e ir de bicicleta para o trabalho atrav\u00e9s da a\u00e7\u00e3o \u201cFique de bike&hellip;","_links":{"self":[{"href":"https:\/\/www.mormaii.com.br\/site\/wp-json\/wp\/v2\/posts\/1196"}],"collection":[{"href":"https:\/\/www.mormaii.com.br\/site\/wp-json\/wp\/v2\/posts"}],"about":[{"href":"https:\/\/www.mormaii.com.br\/site\/wp-json\/wp\/v2\/types\/post"}],"author":[{"embeddable":true,"href":"https:\/\/www.mormaii.com.br\/site\/wp-json\/wp\/v2\/users\/3"}],"replies":[{"embeddable":true,"href":"https:\/\/www.mormaii.com.br\/site\/wp-json\/wp\/v2\/comments?post=1196"}],"version-history":[{"count":1,"href":"https:\/\/www.mormaii.com.br\/site\/wp-json\/wp\/v2\/posts\/1196\/revisions"}],"predecessor-version":[{"id":57539,"href":"https:\/\/www.mormaii.com.br\/site\/wp-json\/wp\/v2\/posts\/1196\/revisions\/57539"}],"wp:featuredmedia":[{"embeddable":true,"href":"https:\/\/www.mormaii.com.br\/site\/wp-json\/wp\/v2\/media\/1197"}],"wp:attachment":[{"href":"https:\/\/www.mormaii.com.br\/site\/wp-json\/wp\/v2\/media?parent=1196"}],"wp:term":[{"taxonomy":"category","embeddable":true,"href":"https:\/\/www.mormaii.com.br\/site\/wp-json\/wp\/v2\/categories?post=1196"},{"taxonomy":"post_tag","embeddable":true,"href":"https:\/\/www.mormaii.com.br\/site\/wp-json\/wp\/v2\/tags?post=1196"}],"curies":[{"name":"wp","href":"https:\/\/api.w.org\/{rel}","templated":true}]}}