{"id":11980,"date":"2019-10-02T09:40:48","date_gmt":"2019-10-02T12:40:48","guid":{"rendered":"https:\/\/www.mormaii.com.br\/site\/?p=11980"},"modified":"2022-06-10T10:37:38","modified_gmt":"2022-06-10T13:37:38","slug":"corrida-pela-vida-2019","status":"publish","type":"post","link":"https:\/\/www.mormaii.com.br\/site\/corrida-pela-vida-2019\/","title":{"rendered":"Corrida Pela Vida 2019"},"content":{"rendered":"<h3><img loading=\"lazy\" decoding=\"async\" class=\"alignnone size-full wp-image-11981\" src=\"https:\/\/www.mormaii.com.br\/site\/wp-content\/uploads\/2019\/10\/CORRIDApelaVIDA_post1-e1570019921548.jpg\" alt=\"\" width=\"700\" height=\"700\" \/><\/h3>\n<h3>Corrida Pela Vida 2019<\/h3>\n<p>A Corida Pela Vida ser\u00e1 realizada no domingo, dia 06 de Outubro de 2019.<\/p>\n<p>A largada da prova ser\u00e1 \u00e0s 7 horas, no Shopping Mueller Joinville , localizado na Senador Felipe Schimidt , 235 \u2013 Centro, Joinville &#8211; SC, com qualquer condi\u00e7\u00e3o clim\u00e1tica.<\/p>\n<p>O hor\u00e1rio da largada da prova ficar\u00e1 sujeito \u00e0s altera\u00e7\u00f5es em raz\u00e3o da quantidade de inscritos, bem como por problemas de ordem externa, tais como tr\u00e1fego intenso, falhas de comunica\u00e7\u00e3o, suspens\u00e3o no fornecimento de energia.<\/p>\n<p>A CORRIDA ser\u00e1 disputada na dist\u00e2ncia de 8,2km e 4,3 km e 3km (corrida e caminhada ), que ser\u00e1 amplamente divulgado no site www.muellerjoinville.com.br .<\/p>\n<p>Haver\u00e1 ainda corrida kids para crian\u00e7as com idade entre 4 e 13 anos. As crian\u00e7as percorrer\u00e3o entre 50 metros e 300 metros, conforme a idade.<\/p>\n<p>A prova ter\u00e1 a dura\u00e7\u00e3o m\u00e1xima de 1 (uma) hora e o atleta que em qualquer dos trechos n\u00e3o estiver dentro do tempo projetado ser\u00e1 convidado a se retirar da prova.<\/p>\n<p>A supervis\u00e3o t\u00e9cnica e organiza\u00e7\u00e3o ser\u00e1 da empresa 42K Assessoria Esportiva.<\/p>\n<p>A Corrida Pela Vida, ser\u00e1 disputada na categoria INDIVIDUAL MASCULINO e INDIVIDUAL FEMININO, onde cada atleta correr\u00e1 8,2 Km, 4,3 Km ou 3km.<\/p>\n<p>Ser\u00e3o desclassificados todos os atletas que n\u00e3o observarem a forma\u00e7\u00e3o acima descrita ou que cortarem caminho no percurso.<\/p>\n<p><a href=\"https:\/\/www.mormaiishop.com.br\/running\" target=\"_blank\" rel=\"noopener\"><img loading=\"lazy\" decoding=\"async\" class=\"alignnone wp-image-11982 size-full\" src=\"https:\/\/www.mormaii.com.br\/site\/wp-content\/uploads\/2019\/10\/image.png\" alt=\"\" width=\"939\" height=\"252\" srcset=\"https:\/\/www.mormaii.com.br\/site\/wp-content\/uploads\/2019\/10\/image.png 939w, https:\/\/www.mormaii.com.br\/site\/wp-content\/uploads\/2019\/10\/image-300x81.png 300w, https:\/\/www.mormaii.com.br\/site\/wp-content\/uploads\/2019\/10\/image-768x206.png 768w\" sizes=\"(max-width: 939px) 100vw, 939px\" \/><\/a><\/p>\n","protected":false},"excerpt":{"rendered":"<p>Corrida Pela Vida 2019 A Corida Pela Vida ser\u00e1 realizada no domingo, dia 06 de Outubro de 2019. A largada da prova ser\u00e1 \u00e0s 7 horas, no Shopping Mueller Joinville , localizado na Senador Felipe Schimidt , 235 \u2013 Centro, Joinville &#8211; SC, com qualquer condi\u00e7\u00e3o clim\u00e1tica. O hor\u00e1rio da largada da prova ficar\u00e1 sujeito [&hellip;]<\/p>\n","protected":false},"author":5,"featured_media":11983,"comment_status":"closed","ping_status":"closed","sticky":false,"template":"","format":"standard","meta":{"_uag_custom_page_level_css":"","_mi_skip_tracking":false,"footnotes":""},"categories":[40,914,7],"tags":[],"class_list":["post-11980","post","type-post","status-publish","format-standard","has-post-thumbnail","hentry","category-esportes","category-mormaii","category-novidades"],"acf":[],"uagb_featured_image_src":{"full":["https:\/\/www.mormaii.com.br\/site\/wp-content\/uploads\/2019\/10\/CORRIDApelaVIDA_NOTICIA400x340.jpg",401,341,false],"thumbnail":["https:\/\/www.mormaii.com.br\/site\/wp-content\/uploads\/2019\/10\/CORRIDApelaVIDA_NOTICIA400x340-150x150.jpg",150,150,true],"medium":["https:\/\/www.mormaii.com.br\/site\/wp-content\/uploads\/2019\/10\/CORRIDApelaVIDA_NOTICIA400x340-300x255.jpg",300,255,true],"medium_large":["https:\/\/www.mormaii.com.br\/site\/wp-content\/uploads\/2019\/10\/CORRIDApelaVIDA_NOTICIA400x340.jpg",401,341,false],"large":["https:\/\/www.mormaii.com.br\/site\/wp-content\/uploads\/2019\/10\/CORRIDApelaVIDA_NOTICIA400x340.jpg",401,341,false],"1536x1536":["https:\/\/www.mormaii.com.br\/site\/wp-content\/uploads\/2019\/10\/CORRIDApelaVIDA_NOTICIA400x340.jpg",401,341,false],"2048x2048":["https:\/\/www.mormaii.com.br\/site\/wp-content\/uploads\/2019\/10\/CORRIDApelaVIDA_NOTICIA400x340.jpg",401,341,false],"qi_addons_for_elementor_image_size_square":["https:\/\/www.mormaii.com.br\/site\/wp-content\/uploads\/2019\/10\/CORRIDApelaVIDA_NOTICIA400x340.jpg",401,341,false],"qi_addons_for_elementor_image_size_landscape":["https:\/\/www.mormaii.com.br\/site\/wp-content\/uploads\/2019\/10\/CORRIDApelaVIDA_NOTICIA400x340.jpg",401,341,false],"qi_addons_for_elementor_image_size_portrait":["https:\/\/www.mormaii.com.br\/site\/wp-content\/uploads\/2019\/10\/CORRIDApelaVIDA_NOTICIA400x340.jpg",401,341,false],"qi_addons_for_elementor_image_size_huge-square":["https:\/\/www.mormaii.com.br\/site\/wp-content\/uploads\/2019\/10\/CORRIDApelaVIDA_NOTICIA400x340.jpg",401,341,false]},"uagb_author_info":{"display_name":"Tissot","author_link":"https:\/\/www.mormaii.com.br\/site\/author\/fabiano\/"},"uagb_comment_info":0,"uagb_excerpt":"Corrida Pela Vida 2019 A Corida Pela Vida ser\u00e1 realizada no domingo, dia 06 de Outubro de 2019. A largada da prova ser\u00e1 \u00e0s 7 horas, no Shopping Mueller Joinville , localizado na Senador Felipe Schimidt , 235 \u2013 Centro, Joinville &#8211; SC, com qualquer condi\u00e7\u00e3o clim\u00e1tica. O hor\u00e1rio da largada da prova ficar\u00e1 sujeito&hellip;","_links":{"self":[{"href":"https:\/\/www.mormaii.com.br\/site\/wp-json\/wp\/v2\/posts\/11980"}],"collection":[{"href":"https:\/\/www.mormaii.com.br\/site\/wp-json\/wp\/v2\/posts"}],"about":[{"href":"https:\/\/www.mormaii.com.br\/site\/wp-json\/wp\/v2\/types\/post"}],"author":[{"embeddable":true,"href":"https:\/\/www.mormaii.com.br\/site\/wp-json\/wp\/v2\/users\/5"}],"replies":[{"embeddable":true,"href":"https:\/\/www.mormaii.com.br\/site\/wp-json\/wp\/v2\/comments?post=11980"}],"version-history":[{"count":1,"href":"https:\/\/www.mormaii.com.br\/site\/wp-json\/wp\/v2\/posts\/11980\/revisions"}],"predecessor-version":[{"id":11984,"href":"https:\/\/www.mormaii.com.br\/site\/wp-json\/wp\/v2\/posts\/11980\/revisions\/11984"}],"wp:featuredmedia":[{"embeddable":true,"href":"https:\/\/www.mormaii.com.br\/site\/wp-json\/wp\/v2\/media\/11983"}],"wp:attachment":[{"href":"https:\/\/www.mormaii.com.br\/site\/wp-json\/wp\/v2\/media?parent=11980"}],"wp:term":[{"taxonomy":"category","embeddable":true,"href":"https:\/\/www.mormaii.com.br\/site\/wp-json\/wp\/v2\/categories?post=11980"},{"taxonomy":"post_tag","embeddable":true,"href":"https:\/\/www.mormaii.com.br\/site\/wp-json\/wp\/v2\/tags?post=11980"}],"curies":[{"name":"wp","href":"https:\/\/api.w.org\/{rel}","templated":true}]}}