{"id":11985,"date":"2019-10-07T14:15:12","date_gmt":"2019-10-07T17:15:12","guid":{"rendered":"https:\/\/www.mormaii.com.br\/site\/?p=11985"},"modified":"2022-06-10T10:37:38","modified_gmt":"2022-06-10T13:37:38","slug":"corrida-pela-paz-2019","status":"publish","type":"post","link":"https:\/\/www.mormaii.com.br\/site\/corrida-pela-paz-2019\/","title":{"rendered":"Corrida Pela Paz 2019"},"content":{"rendered":"<h3><img loading=\"lazy\" decoding=\"async\" class=\"alignnone size-full wp-image-11989\" src=\"https:\/\/www.mormaii.com.br\/site\/wp-content\/uploads\/2020\/10\/CORRIDApelaPAZ_post2-e1570469732374.jpg\" alt=\"\" width=\"700\" height=\"700\" \/><\/h3>\n<h3>Corrida Pela Paz 2019<\/h3>\n<p>A Corrida Pela Paz 2019 acontece em Florian\u00f3polis, a Ilha da Magia, dia 13 de outubro nos percursos 5km, 10km e caminhada.<\/p>\n<h3>Data<\/h3>\n<p>13 de outubro de 2019.<\/p>\n<h3>Percursos<\/h3>\n<p>5km |10km | Caminhada<\/p>\n<h3>Programa\u00e7\u00e3o<\/h3>\n<p>No dia 13 de outubro:<br \/>\n8h \u2013 Largada 5km e 10km<br \/>\n8h05min \u2013 Largada Caminhada 3k<br \/>\n10h &#8211; In\u00edcio da Cerim\u00f4nia de Premia\u00e7\u00e3o<\/p>\n<h3>Local da largada<\/h3>\n<p>Bols\u00e3o da Beira Mar Continental &#8211; Florian\u00f3polis\/SC<br \/>\nna altura da Rua Claudio A. Barbosa, n\u00ba 24<\/p>\n<h3>Entrega de Kits<\/h3>\n<p>Loja Karsten &#8211; Florian\u00f3polis<br \/>\nAv. Bocai\u00fava (em frente Beira mar shopping), 2518.<\/p>\n<h3>Data\/Hor\u00e1rio<\/h3>\n<p>11\/10 &#8211; 14h \u00e0s 19h;<br \/>\n12\/10 &#8211; 10h \u00e0s 18h.<\/p>\n<h3>Local da entrega<\/h3>\n<p>Loja Karsten &#8211; Florian\u00f3polis<br \/>\nAv. Bocai\u00fava (em frente Beira mar shopping), 2518.<br \/>\n* Haver\u00e1 ponto de coleta de doa\u00e7\u00e3o de 1 kg de alimento n\u00e3o perec\u00edvel. O mesmo ser\u00e1 doado para Entidades Carentes da Cidade.<\/p>\n<h3>Realiza\u00e7\u00e3o<\/h3>\n<p>Associa\u00e7\u00e3o de Apoio e Cultura e Esporte de Santa Catarina &#8211; AACESC<\/p>\n<h3>Contato: atendimento@aacesc.org<br \/>\nSite: www.aacesc.org<\/h3>\n<h3>Kit Corrida<\/h3>\n<p>&#8211; Sacola<br \/>\n&#8211; Camiseta performance do evento<br \/>\n&#8211; N\u00famero de peito e chip (uso obrigat\u00f3rio)<br \/>\n&#8211; Brindes dos patrocinadores<\/p>\n<h3>Kit Caminhada<\/h3>\n<p>&#8211; Sacola<br \/>\n&#8211; Camiseta performance do evento<br \/>\n&#8211; Brindes dos patrocinadores<\/p>\n<div id=\"attachment_11991\" style=\"width: 710px\" class=\"wp-caption alignnone\"><a href=\"https:\/\/www.mormaiishop.com.br\/running\"><img loading=\"lazy\" decoding=\"async\" aria-describedby=\"caption-attachment-11991\" class=\"size-full wp-image-11991\" src=\"https:\/\/www.mormaii.com.br\/site\/wp-content\/uploads\/2019\/10\/Screenshot_10.jpg\" alt=\"\" width=\"700\" height=\"223\" srcset=\"https:\/\/www.mormaii.com.br\/site\/wp-content\/uploads\/2019\/10\/Screenshot_10.jpg 700w, https:\/\/www.mormaii.com.br\/site\/wp-content\/uploads\/2019\/10\/Screenshot_10-300x96.jpg 300w\" sizes=\"(max-width: 700px) 100vw, 700px\" \/><\/a><p id=\"caption-attachment-11991\" class=\"wp-caption-text\">Clique e confira os equipamentos de corrida Mormaii<\/p><\/div>\n","protected":false},"excerpt":{"rendered":"<p>Corrida Pela Paz 2019 A Corrida Pela Paz 2019 acontece em Florian\u00f3polis, a Ilha da Magia, dia 13 de outubro nos percursos 5km, 10km e caminhada. Data 13 de outubro de 2019. Percursos 5km |10km | Caminhada Programa\u00e7\u00e3o No dia 13 de outubro: 8h \u2013 Largada 5km e 10km 8h05min \u2013 Largada Caminhada 3k 10h [&hellip;]<\/p>\n","protected":false},"author":5,"featured_media":11987,"comment_status":"closed","ping_status":"closed","sticky":false,"template":"","format":"standard","meta":{"_uag_custom_page_level_css":"","_mi_skip_tracking":false,"footnotes":""},"categories":[40,914,7],"tags":[],"class_list":["post-11985","post","type-post","status-publish","format-standard","has-post-thumbnail","hentry","category-esportes","category-mormaii","category-novidades"],"acf":[],"uagb_featured_image_src":{"full":["https:\/\/www.mormaii.com.br\/site\/wp-content\/uploads\/2020\/10\/CORRIDApelaPAZ_NOTICIA400x340.jpg",401,341,false],"thumbnail":["https:\/\/www.mormaii.com.br\/site\/wp-content\/uploads\/2020\/10\/CORRIDApelaPAZ_NOTICIA400x340-150x150.jpg",150,150,true],"medium":["https:\/\/www.mormaii.com.br\/site\/wp-content\/uploads\/2020\/10\/CORRIDApelaPAZ_NOTICIA400x340-300x255.jpg",300,255,true],"medium_large":["https:\/\/www.mormaii.com.br\/site\/wp-content\/uploads\/2020\/10\/CORRIDApelaPAZ_NOTICIA400x340.jpg",401,341,false],"large":["https:\/\/www.mormaii.com.br\/site\/wp-content\/uploads\/2020\/10\/CORRIDApelaPAZ_NOTICIA400x340.jpg",401,341,false],"1536x1536":["https:\/\/www.mormaii.com.br\/site\/wp-content\/uploads\/2020\/10\/CORRIDApelaPAZ_NOTICIA400x340.jpg",401,341,false],"2048x2048":["https:\/\/www.mormaii.com.br\/site\/wp-content\/uploads\/2020\/10\/CORRIDApelaPAZ_NOTICIA400x340.jpg",401,341,false],"qi_addons_for_elementor_image_size_square":["https:\/\/www.mormaii.com.br\/site\/wp-content\/uploads\/2020\/10\/CORRIDApelaPAZ_NOTICIA400x340.jpg",401,341,false],"qi_addons_for_elementor_image_size_landscape":["https:\/\/www.mormaii.com.br\/site\/wp-content\/uploads\/2020\/10\/CORRIDApelaPAZ_NOTICIA400x340.jpg",401,341,false],"qi_addons_for_elementor_image_size_portrait":["https:\/\/www.mormaii.com.br\/site\/wp-content\/uploads\/2020\/10\/CORRIDApelaPAZ_NOTICIA400x340.jpg",401,341,false],"qi_addons_for_elementor_image_size_huge-square":["https:\/\/www.mormaii.com.br\/site\/wp-content\/uploads\/2020\/10\/CORRIDApelaPAZ_NOTICIA400x340.jpg",401,341,false]},"uagb_author_info":{"display_name":"Tissot","author_link":"https:\/\/www.mormaii.com.br\/site\/author\/fabiano\/"},"uagb_comment_info":0,"uagb_excerpt":"Corrida Pela Paz 2019 A Corrida Pela Paz 2019 acontece em Florian\u00f3polis, a Ilha da Magia, dia 13 de outubro nos percursos 5km, 10km e caminhada. Data 13 de outubro de 2019. Percursos 5km |10km | Caminhada Programa\u00e7\u00e3o No dia 13 de outubro: 8h \u2013 Largada 5km e 10km 8h05min \u2013 Largada Caminhada 3k 10h&hellip;","_links":{"self":[{"href":"https:\/\/www.mormaii.com.br\/site\/wp-json\/wp\/v2\/posts\/11985"}],"collection":[{"href":"https:\/\/www.mormaii.com.br\/site\/wp-json\/wp\/v2\/posts"}],"about":[{"href":"https:\/\/www.mormaii.com.br\/site\/wp-json\/wp\/v2\/types\/post"}],"author":[{"embeddable":true,"href":"https:\/\/www.mormaii.com.br\/site\/wp-json\/wp\/v2\/users\/5"}],"replies":[{"embeddable":true,"href":"https:\/\/www.mormaii.com.br\/site\/wp-json\/wp\/v2\/comments?post=11985"}],"version-history":[{"count":4,"href":"https:\/\/www.mormaii.com.br\/site\/wp-json\/wp\/v2\/posts\/11985\/revisions"}],"predecessor-version":[{"id":11992,"href":"https:\/\/www.mormaii.com.br\/site\/wp-json\/wp\/v2\/posts\/11985\/revisions\/11992"}],"wp:featuredmedia":[{"embeddable":true,"href":"https:\/\/www.mormaii.com.br\/site\/wp-json\/wp\/v2\/media\/11987"}],"wp:attachment":[{"href":"https:\/\/www.mormaii.com.br\/site\/wp-json\/wp\/v2\/media?parent=11985"}],"wp:term":[{"taxonomy":"category","embeddable":true,"href":"https:\/\/www.mormaii.com.br\/site\/wp-json\/wp\/v2\/categories?post=11985"},{"taxonomy":"post_tag","embeddable":true,"href":"https:\/\/www.mormaii.com.br\/site\/wp-json\/wp\/v2\/tags?post=11985"}],"curies":[{"name":"wp","href":"https:\/\/api.w.org\/{rel}","templated":true}]}}