{"id":11995,"date":"2019-10-11T10:46:46","date_gmt":"2019-10-11T13:46:46","guid":{"rendered":"https:\/\/www.mormaii.com.br\/site\/?p=11995"},"modified":"2022-06-10T10:22:13","modified_gmt":"2022-06-10T13:22:13","slug":"mountain-do-lagoa-da-conceicao-2019","status":"publish","type":"post","link":"https:\/\/www.mormaii.com.br\/site\/mountain-do-lagoa-da-conceicao-2019\/","title":{"rendered":"Mountain Do Lagoa da Concei\u00e7\u00e3o 2019"},"content":{"rendered":"<h3><img loading=\"lazy\" decoding=\"async\" class=\"alignnone size-full wp-image-11997\" src=\"https:\/\/www.mormaii.com.br\/site\/wp-content\/uploads\/2019\/10\/MOUNTAINdoLAGOA_post2.jpg\" alt=\"\" width=\"1200\" height=\"1200\" srcset=\"https:\/\/www.mormaii.com.br\/site\/wp-content\/uploads\/2019\/10\/MOUNTAINdoLAGOA_post2.jpg 1200w, https:\/\/www.mormaii.com.br\/site\/wp-content\/uploads\/2019\/10\/MOUNTAINdoLAGOA_post2-150x150.jpg 150w, https:\/\/www.mormaii.com.br\/site\/wp-content\/uploads\/2019\/10\/MOUNTAINdoLAGOA_post2-300x300.jpg 300w, https:\/\/www.mormaii.com.br\/site\/wp-content\/uploads\/2019\/10\/MOUNTAINdoLAGOA_post2-768x768.jpg 768w, https:\/\/www.mormaii.com.br\/site\/wp-content\/uploads\/2019\/10\/MOUNTAINdoLAGOA_post2-1024x1024.jpg 1024w, https:\/\/www.mormaii.com.br\/site\/wp-content\/uploads\/2019\/10\/MOUNTAINdoLAGOA_post2-100x100.jpg 100w, https:\/\/www.mormaii.com.br\/site\/wp-content\/uploads\/2019\/10\/MOUNTAINdoLAGOA_post2-380x380.jpg 380w, https:\/\/www.mormaii.com.br\/site\/wp-content\/uploads\/2019\/10\/MOUNTAINdoLAGOA_post2-460x460.jpg 460w, https:\/\/www.mormaii.com.br\/site\/wp-content\/uploads\/2019\/10\/MOUNTAINdoLAGOA_post2-400x400.jpg 400w\" sizes=\"(max-width: 1200px) 100vw, 1200px\" \/><\/h3>\n<h3><em>Mountain Do Lagoa da Concei\u00e7\u00e3o 2019<\/em><\/h3>\n<p>O Mountain Do Lagoa da Concei\u00e7\u00e3o 2019 acontece dia 19 de outubro de 2019 no Praia Mole Hotel, SC, Florian\u00f3polis.<\/p>\n<div class=\"window-overlay\">\n<div class=\"window\">\n<div class=\"window-wrapper js-tab-parent\">\n<div class=\"card-detail-window u-clearfix\">\n<div class=\"window-main-col\">\n<div class=\"js-fill-card-detail-desc\">\n<div class=\"window-module\">\n<div class=\"u-gutter\">\n<div class=\"editable\">\n<div class=\"description-content js-desc-content\">\n<div class=\"current markeddown hide-on-edit js-desc js-show-with-desc\" dir=\"auto\">\n<p dir=\"auto\">PROGRAMA\u00c7\u00c3O:<\/p>\n<p dir=\"auto\">Sexta 18 de Outubro &#8211; 14h \u00e0s 20h &#8211; Entrega dos Kits &#8211; Loja Mormaii lagoa<\/p>\n<p dir=\"auto\">S\u00e1bado 19 de Outubro &#8211; 07h30 &#8211; largada categoria individual 55Km &#8211; Praia Mole Hotel;<\/p>\n<p dir=\"auto\">S\u00e1bado 19 de Outubro &#8211; 08h00 &#8211; largada das equipes 55Km REVEZAMENTO &#8211; Praia Mole Hotel;<\/p>\n<p dir=\"auto\">S\u00e1bado 19 de Outubro &#8211; 17h00 &#8211; Premia\u00e7\u00e3o &#8211; Praia Mole Hotel;<\/p>\n<div id=\"attachment_11991\" style=\"width: 710px\" class=\"wp-caption alignnone\"><img loading=\"lazy\" decoding=\"async\" aria-describedby=\"caption-attachment-11991\" class=\"size-full wp-image-11991\" src=\"https:\/\/www.mormaii.com.br\/site\/wp-content\/uploads\/2019\/10\/Screenshot_10.jpg\" alt=\"\" width=\"700\" height=\"223\" srcset=\"https:\/\/www.mormaii.com.br\/site\/wp-content\/uploads\/2019\/10\/Screenshot_10.jpg 700w, https:\/\/www.mormaii.com.br\/site\/wp-content\/uploads\/2019\/10\/Screenshot_10-300x96.jpg 300w\" sizes=\"(max-width: 700px) 100vw, 700px\" \/><p id=\"caption-attachment-11991\" class=\"wp-caption-text\">Clique e confira os equipamentos de corrida Mormaii<\/p><\/div>\n<\/div>\n<\/div>\n<\/div>\n<\/div>\n<\/div>\n<\/div>\n<\/div>\n<\/div>\n<\/div>\n<\/div>\n<\/div>\n","protected":false},"excerpt":{"rendered":"<p>Mountain Do Lagoa da Concei\u00e7\u00e3o 2019 O Mountain Do Lagoa da Concei\u00e7\u00e3o 2019 acontece dia 19 de outubro de 2019 no Praia Mole Hotel, SC, Florian\u00f3polis. PROGRAMA\u00c7\u00c3O: Sexta 18 de Outubro &#8211; 14h \u00e0s 20h &#8211; Entrega dos Kits &#8211; Loja Mormaii lagoa S\u00e1bado 19 de Outubro &#8211; 07h30 &#8211; largada categoria individual 55Km &#8211; [&hellip;]<\/p>\n","protected":false},"author":5,"featured_media":11996,"comment_status":"closed","ping_status":"closed","sticky":false,"template":"","format":"standard","meta":{"_uag_custom_page_level_css":"","_mi_skip_tracking":false,"footnotes":""},"categories":[40,914,7],"tags":[],"class_list":["post-11995","post","type-post","status-publish","format-standard","has-post-thumbnail","hentry","category-esportes","category-mormaii","category-novidades"],"acf":[],"uagb_featured_image_src":{"full":["https:\/\/www.mormaii.com.br\/site\/wp-content\/uploads\/2019\/10\/MOUNTAINdoLAGOA_NOTICIA400x340.jpg",400,340,false],"thumbnail":["https:\/\/www.mormaii.com.br\/site\/wp-content\/uploads\/2019\/10\/MOUNTAINdoLAGOA_NOTICIA400x340-150x150.jpg",150,150,true],"medium":["https:\/\/www.mormaii.com.br\/site\/wp-content\/uploads\/2019\/10\/MOUNTAINdoLAGOA_NOTICIA400x340-300x255.jpg",300,255,true],"medium_large":["https:\/\/www.mormaii.com.br\/site\/wp-content\/uploads\/2019\/10\/MOUNTAINdoLAGOA_NOTICIA400x340.jpg",400,340,false],"large":["https:\/\/www.mormaii.com.br\/site\/wp-content\/uploads\/2019\/10\/MOUNTAINdoLAGOA_NOTICIA400x340.jpg",400,340,false],"1536x1536":["https:\/\/www.mormaii.com.br\/site\/wp-content\/uploads\/2019\/10\/MOUNTAINdoLAGOA_NOTICIA400x340.jpg",400,340,false],"2048x2048":["https:\/\/www.mormaii.com.br\/site\/wp-content\/uploads\/2019\/10\/MOUNTAINdoLAGOA_NOTICIA400x340.jpg",400,340,false],"qi_addons_for_elementor_image_size_square":["https:\/\/www.mormaii.com.br\/site\/wp-content\/uploads\/2019\/10\/MOUNTAINdoLAGOA_NOTICIA400x340.jpg",400,340,false],"qi_addons_for_elementor_image_size_landscape":["https:\/\/www.mormaii.com.br\/site\/wp-content\/uploads\/2019\/10\/MOUNTAINdoLAGOA_NOTICIA400x340.jpg",400,340,false],"qi_addons_for_elementor_image_size_portrait":["https:\/\/www.mormaii.com.br\/site\/wp-content\/uploads\/2019\/10\/MOUNTAINdoLAGOA_NOTICIA400x340.jpg",400,340,false],"qi_addons_for_elementor_image_size_huge-square":["https:\/\/www.mormaii.com.br\/site\/wp-content\/uploads\/2019\/10\/MOUNTAINdoLAGOA_NOTICIA400x340.jpg",400,340,false]},"uagb_author_info":{"display_name":"Tissot","author_link":"https:\/\/www.mormaii.com.br\/site\/author\/fabiano\/"},"uagb_comment_info":0,"uagb_excerpt":"Mountain Do Lagoa da Concei\u00e7\u00e3o 2019 O Mountain Do Lagoa da Concei\u00e7\u00e3o 2019 acontece dia 19 de outubro de 2019 no Praia Mole Hotel, SC, Florian\u00f3polis. PROGRAMA\u00c7\u00c3O: Sexta 18 de Outubro &#8211; 14h \u00e0s 20h &#8211; Entrega dos Kits &#8211; Loja Mormaii lagoa S\u00e1bado 19 de Outubro &#8211; 07h30 &#8211; largada categoria individual 55Km &#8211;&hellip;","_links":{"self":[{"href":"https:\/\/www.mormaii.com.br\/site\/wp-json\/wp\/v2\/posts\/11995"}],"collection":[{"href":"https:\/\/www.mormaii.com.br\/site\/wp-json\/wp\/v2\/posts"}],"about":[{"href":"https:\/\/www.mormaii.com.br\/site\/wp-json\/wp\/v2\/types\/post"}],"author":[{"embeddable":true,"href":"https:\/\/www.mormaii.com.br\/site\/wp-json\/wp\/v2\/users\/5"}],"replies":[{"embeddable":true,"href":"https:\/\/www.mormaii.com.br\/site\/wp-json\/wp\/v2\/comments?post=11995"}],"version-history":[{"count":1,"href":"https:\/\/www.mormaii.com.br\/site\/wp-json\/wp\/v2\/posts\/11995\/revisions"}],"predecessor-version":[{"id":11998,"href":"https:\/\/www.mormaii.com.br\/site\/wp-json\/wp\/v2\/posts\/11995\/revisions\/11998"}],"wp:featuredmedia":[{"embeddable":true,"href":"https:\/\/www.mormaii.com.br\/site\/wp-json\/wp\/v2\/media\/11996"}],"wp:attachment":[{"href":"https:\/\/www.mormaii.com.br\/site\/wp-json\/wp\/v2\/media?parent=11995"}],"wp:term":[{"taxonomy":"category","embeddable":true,"href":"https:\/\/www.mormaii.com.br\/site\/wp-json\/wp\/v2\/categories?post=11995"},{"taxonomy":"post_tag","embeddable":true,"href":"https:\/\/www.mormaii.com.br\/site\/wp-json\/wp\/v2\/tags?post=11995"}],"curies":[{"name":"wp","href":"https:\/\/api.w.org\/{rel}","templated":true}]}}