{"id":1202,"date":"2016-04-04T13:33:38","date_gmt":"2016-04-04T13:33:38","guid":{"rendered":"http:\/\/www.mormaii.com.br\/site\/?p=1202"},"modified":"2022-06-10T10:52:53","modified_gmt":"2022-06-10T13:52:53","slug":"noticias2209-celebre-o-dia-mundial-sem-carro-com-muita-atitude-daqui-pra-frente","status":"publish","type":"post","link":"https:\/\/www.mormaii.com.br\/site\/noticias2209-celebre-o-dia-mundial-sem-carro-com-muita-atitude-daqui-pra-frente\/","title":{"rendered":"22\/09: Celebre o Dia Mundial sem carro com muita atitude daqui pra frente!"},"content":{"rendered":"<p><\/p>\n<p><a href=\"http:\/\/images.mormaii.com.br\/wp-content\/uploads\/PIT-MOR-0137-14C-RELEASE-SITE-DIA-MUNDIAL-SEM-CARRO1.jpg\"><img loading=\"lazy\" decoding=\"async\" data-fr-image-pasted=\"true\" src=\"http:\/\/images.mormaii.com.br\/wp-content\/uploads\/PIT-MOR-0137-14C-RELEASE-SITE-DIA-MUNDIAL-SEM-CARRO1.jpg\" alt=\"\" title=\"PIT-MOR-0137-14C-RELEASE-SITE-DIA-MUNDIAL-SEM-CARRO\" width=\"600\" height=\"400\" class=\"aligncenter size-full wp-image-51361 fr-fin\"><\/a><\/p>\n<p>Enquanto voc\u00ea depende do seu carro para se locomover, a natureza depende de voc\u00ea para ser preservada.<\/p>\n<p>Na verdade, ela depende de voc\u00ea e de quase 50 milh\u00f5es de outros brasileiros que usam carro todos os dias do ano, fazendo desse meio de transporte uma amea\u00e7a ao meio ambiente.<\/p>\n<p>Mas ainda est\u00e1 em tempo de mudar o rumo desse trajeto atrav\u00e9s da mudan\u00e7a dos seus h\u00e1bitos di\u00e1rios.<\/p>\n<p>Por isso, no Dia Mundial Sem Carro, convidamos voc\u00ea a embarcar nessa causa daqui pra frente. Partiu? L\u00e1 v\u00e3o algumas sugest\u00f5es de a\u00e7\u00f5es!<\/p>\n<p>&#8211; Lembra do planejamento que sugerimos para o dia de hoje? Procure segui-lo pelo menos uma vez por m\u00eas e sustente essa causa enquanto se desloca por a\u00ed.<\/p>\n<p>&#8211; Voc\u00ea curte andar de bike, mas a cidade em que voc\u00ea mora ainda n\u00e3o possui ciclovias? Re\u00fana o seu c\u00edrculo de amigos, v\u00e1 at\u00e9 a prefeitura e fale com as autoridades para viabilizar o direito de ir e vir com seguran\u00e7a a cada pedalada.<\/p>\n<p>&#8211; Al\u00e9m de ciclovias, ela tamb\u00e9m n\u00e3o possui bicicletarios p\u00fablicos para voc\u00ea estacionar a sua bike? Estacione de novo na prefeitura e fale mais um pouco com as autoridades.<\/p>\n<p>&#8211; Ainda \u00e9 inevit\u00e1vel para voc\u00ea se deslocar constantemente com o carro, apesar dos meios alternativos dispon\u00edveis hoje em dia? Procure por autom\u00f3veis movidos a energias renov\u00e1veis \u2013 como o \u00e1lcool \u2013 e movimente menos polui\u00e7\u00e3o pela cidade.<\/p>\n<p>&#8211; Por falar em movimentar menos, voc\u00ea \u00e9 daqueles que trabalha o dia todo e n\u00e3o tem tempo mais de praticar um exerc\u00edcio f\u00edsico? Ligue os motores dos seus p\u00e9s e volte para casa caminhando ou correndo. De quebra, voc\u00ea gasta mais energia do seu corpo e menos do planeta. Bora come\u00e7ar agora?<\/p>\n<p>Seja qual for a sua a\u00e7\u00e3o, fa\u00e7a do seu meio de transporte um meio de preserva\u00e7\u00e3o.<\/p>\n<p>Sinta-se Mormaii no Dia Mundial Sem Carro.<\/p>\n","protected":false},"excerpt":{"rendered":"<p>Enquanto voc\u00ea depende do seu carro para se locomover, a natureza depende de voc\u00ea para ser preservada. Na verdade, ela depende de voc\u00ea e de quase 50 milh\u00f5es de outros brasileiros que usam carro todos os dias do ano, fazendo desse meio de transporte uma amea\u00e7a ao meio ambiente. Mas ainda est\u00e1 em tempo de [&hellip;]<\/p>\n","protected":false},"author":3,"featured_media":1203,"comment_status":"open","ping_status":"open","sticky":false,"template":"","format":"standard","meta":{"_uag_custom_page_level_css":"","_mi_skip_tracking":false,"footnotes":""},"categories":[914,7],"tags":[],"class_list":["post-1202","post","type-post","status-publish","format-standard","has-post-thumbnail","hentry","category-mormaii","category-novidades"],"acf":[],"uagb_featured_image_src":{"full":["https:\/\/www.mormaii.com.br\/site\/wp-content\/uploads\/2017\/06\/a4c24e68f3046f82cd50.jpg",1600,959,false],"thumbnail":["https:\/\/www.mormaii.com.br\/site\/wp-content\/uploads\/2017\/06\/a4c24e68f3046f82cd50-150x150.jpg",150,150,true],"medium":["https:\/\/www.mormaii.com.br\/site\/wp-content\/uploads\/2017\/06\/a4c24e68f3046f82cd50-300x180.jpg",300,180,true],"medium_large":["https:\/\/www.mormaii.com.br\/site\/wp-content\/uploads\/2017\/06\/a4c24e68f3046f82cd50-768x460.jpg",768,460,true],"large":["https:\/\/www.mormaii.com.br\/site\/wp-content\/uploads\/2017\/06\/a4c24e68f3046f82cd50-1024x614.jpg",1024,614,true],"1536x1536":["https:\/\/www.mormaii.com.br\/site\/wp-content\/uploads\/2017\/06\/a4c24e68f3046f82cd50.jpg",1536,921,false],"2048x2048":["https:\/\/www.mormaii.com.br\/site\/wp-content\/uploads\/2017\/06\/a4c24e68f3046f82cd50.jpg",1600,959,false],"qi_addons_for_elementor_image_size_square":["https:\/\/www.mormaii.com.br\/site\/wp-content\/uploads\/2017\/06\/a4c24e68f3046f82cd50.jpg",650,390,false],"qi_addons_for_elementor_image_size_landscape":["https:\/\/www.mormaii.com.br\/site\/wp-content\/uploads\/2017\/06\/a4c24e68f3046f82cd50.jpg",1084,650,false],"qi_addons_for_elementor_image_size_portrait":["https:\/\/www.mormaii.com.br\/site\/wp-content\/uploads\/2017\/06\/a4c24e68f3046f82cd50.jpg",650,390,false],"qi_addons_for_elementor_image_size_huge-square":["https:\/\/www.mormaii.com.br\/site\/wp-content\/uploads\/2017\/06\/a4c24e68f3046f82cd50.jpg",1300,779,false]},"uagb_author_info":{"display_name":"mormaii_importer","author_link":"https:\/\/www.mormaii.com.br\/site\/author\/mormaii_importer\/"},"uagb_comment_info":0,"uagb_excerpt":"Enquanto voc\u00ea depende do seu carro para se locomover, a natureza depende de voc\u00ea para ser preservada. Na verdade, ela depende de voc\u00ea e de quase 50 milh\u00f5es de outros brasileiros que usam carro todos os dias do ano, fazendo desse meio de transporte uma amea\u00e7a ao meio ambiente. Mas ainda est\u00e1 em tempo de&hellip;","_links":{"self":[{"href":"https:\/\/www.mormaii.com.br\/site\/wp-json\/wp\/v2\/posts\/1202"}],"collection":[{"href":"https:\/\/www.mormaii.com.br\/site\/wp-json\/wp\/v2\/posts"}],"about":[{"href":"https:\/\/www.mormaii.com.br\/site\/wp-json\/wp\/v2\/types\/post"}],"author":[{"embeddable":true,"href":"https:\/\/www.mormaii.com.br\/site\/wp-json\/wp\/v2\/users\/3"}],"replies":[{"embeddable":true,"href":"https:\/\/www.mormaii.com.br\/site\/wp-json\/wp\/v2\/comments?post=1202"}],"version-history":[{"count":1,"href":"https:\/\/www.mormaii.com.br\/site\/wp-json\/wp\/v2\/posts\/1202\/revisions"}],"predecessor-version":[{"id":58347,"href":"https:\/\/www.mormaii.com.br\/site\/wp-json\/wp\/v2\/posts\/1202\/revisions\/58347"}],"wp:featuredmedia":[{"embeddable":true,"href":"https:\/\/www.mormaii.com.br\/site\/wp-json\/wp\/v2\/media\/1203"}],"wp:attachment":[{"href":"https:\/\/www.mormaii.com.br\/site\/wp-json\/wp\/v2\/media?parent=1202"}],"wp:term":[{"taxonomy":"category","embeddable":true,"href":"https:\/\/www.mormaii.com.br\/site\/wp-json\/wp\/v2\/categories?post=1202"},{"taxonomy":"post_tag","embeddable":true,"href":"https:\/\/www.mormaii.com.br\/site\/wp-json\/wp\/v2\/tags?post=1202"}],"curies":[{"name":"wp","href":"https:\/\/api.w.org\/{rel}","templated":true}]}}