{"id":12031,"date":"2019-11-04T13:51:37","date_gmt":"2019-11-04T16:51:37","guid":{"rendered":"https:\/\/www.mormaii.com.br\/site\/?p=12031"},"modified":"2022-06-10T10:19:21","modified_gmt":"2022-06-10T13:19:21","slug":"praia-da-atalaia-quebra-de-gala-pra-decisao-do-mormaii-surfuturo-groms","status":"publish","type":"post","link":"https:\/\/www.mormaii.com.br\/site\/praia-da-atalaia-quebra-de-gala-pra-decisao-do-mormaii-surfuturo-groms\/","title":{"rendered":"Praia da Atalaia quebrou de gala pra decis\u00e3o do Mormaii Surfuturo Groms"},"content":{"rendered":"<h3><img loading=\"lazy\" decoding=\"async\" class=\"alignnone size-full wp-image-12033\" src=\"https:\/\/www.mormaii.com.br\/site\/wp-content\/uploads\/2019\/11\/WhatsApp-Image-2019-11-02-at-19.54.35.jpeg\" alt=\"\" width=\"1280\" height=\"853\" srcset=\"https:\/\/www.mormaii.com.br\/site\/wp-content\/uploads\/2019\/11\/WhatsApp-Image-2019-11-02-at-19.54.35.jpeg 1280w, https:\/\/www.mormaii.com.br\/site\/wp-content\/uploads\/2019\/11\/WhatsApp-Image-2019-11-02-at-19.54.35-300x200.jpeg 300w, https:\/\/www.mormaii.com.br\/site\/wp-content\/uploads\/2019\/11\/WhatsApp-Image-2019-11-02-at-19.54.35-768x512.jpeg 768w, https:\/\/www.mormaii.com.br\/site\/wp-content\/uploads\/2019\/11\/WhatsApp-Image-2019-11-02-at-19.54.35-1024x682.jpeg 1024w, https:\/\/www.mormaii.com.br\/site\/wp-content\/uploads\/2019\/11\/WhatsApp-Image-2019-11-02-at-19.54.35-1170x780.jpeg 1170w\" sizes=\"(max-width: 1280px) 100vw, 1280px\" \/><\/h3>\n<h3>Praia da Atalaia quebrou de gala pra decis\u00e3o do Mormaii Surfuturo Groms<\/h3>\n<p>A Praia da Atalaia quebrou de gala pra decis\u00e3o do Mormaii Surfuturo Groms que aconteceu s\u00e1bado (02) na Praia da Atalaia em Itaja\u00ed com ondas de um metro, sol, chuva e altas ondas.<\/p>\n<p>As categorias em disputa foram, Petit sub-10, Infantil sub-12, Iniciantes sub-14, Mirim sub-16 e Feminino sub-12 e sub-16.<\/p>\n<p>Um total de 64 atletas estiveram em a\u00e7\u00e3o em Itaja\u00ed vindos de v\u00e1rias partes do Brasil como Paran\u00e1, S\u00e3o Paulo e Rio Grande do Norte.<\/p>\n<p>A etapa final foi marcada por um excelente n\u00edvel t\u00e9cnico dos grommets, no total foram 19 notas excelentes na escala da arbitragem (de 8,00 a 10,00).<\/p>\n<p>Destaque para Anuar Chiah que no primeiro round da Petit, descolou a \u00fanica nota 10 do evento, onde arrepiou numa direita perfeita de Backside.<\/p>\n<p>Kailani Renn\u00f3 cravou 9,26 na semi-final Infantil e Samuel Joquinha 8,60 na segunda fase da Mirim.<\/p>\n<p>A terceira e decisiva etapa foi marcada por dobradinhas na Atalaia, Anuar Chiah faturou a Sub-10 e tamb\u00e9m o ranking, na Sub-12 foi a vez de Kailani Renn\u00f3 vencer a etapa e o circuito.<\/p>\n<p><img loading=\"lazy\" decoding=\"async\" class=\"alignnone size-full wp-image-12035\" src=\"https:\/\/www.mormaii.com.br\/site\/wp-content\/uploads\/2019\/11\/WhatsApp-Image-2019-11-02-at-19.54.40.jpeg\" alt=\"\" width=\"1280\" height=\"853\" srcset=\"https:\/\/www.mormaii.com.br\/site\/wp-content\/uploads\/2019\/11\/WhatsApp-Image-2019-11-02-at-19.54.40.jpeg 1280w, https:\/\/www.mormaii.com.br\/site\/wp-content\/uploads\/2019\/11\/WhatsApp-Image-2019-11-02-at-19.54.40-300x200.jpeg 300w, https:\/\/www.mormaii.com.br\/site\/wp-content\/uploads\/2019\/11\/WhatsApp-Image-2019-11-02-at-19.54.40-768x512.jpeg 768w, https:\/\/www.mormaii.com.br\/site\/wp-content\/uploads\/2019\/11\/WhatsApp-Image-2019-11-02-at-19.54.40-1024x682.jpeg 1024w, https:\/\/www.mormaii.com.br\/site\/wp-content\/uploads\/2019\/11\/WhatsApp-Image-2019-11-02-at-19.54.40-1170x780.jpeg 1170w\" sizes=\"(max-width: 1280px) 100vw, 1280px\" \/><\/p>\n<p>Na Feminino Sub-12 Bela Nalu tamb\u00e9m repetiu a dose e venceu etapa e ranking, j\u00e1 na Feminino sub-16 a talentosa atleta de Florian\u00f3polis Laura Raupp fez o dueto etapa e circuito.<\/p>\n<p>Na categoria Mirim o campe\u00e3o foi Samuel Joquinha, mas o t\u00edtulo da temporada ficou com Luiz Mendes, e na Iniciantes o vencedor da etapa foi Lucas Cainan, j\u00e1 o t\u00edtulo ficou com Anuar Chiah.<\/p>\n<p>Com o t\u00edtulo conquistado na Mirim Sub-16, Luiz Mendes de Barra do Sul se tornou o primeiro atleta a ser campe\u00e3o de todas as categorias do Surfuturo em doze anos de hist\u00f3ria, Mendes foi campe\u00e3o na Petit, Infantil, Iniciantes e Mirim.<\/p>\n<p>O atleta ser\u00e1 homenageado na abertura do circuito em 2020.<\/p>\n<p>\u201cCompletamos a 12\u00ba temporada de Mormaii Surfuturo Groms, a sensa\u00e7\u00e3o \u00e9 a melhor poss\u00edvel, o retorno positivo dos atletas e fam\u00edlias nos deixa orgulhosos e prova que o trabalho est\u00e1 sendo bem feito e nos motiva a seguir adiante\u201d declarou Cristhyan Ferro promotor do Surfuturo.<\/p>\n<p><img loading=\"lazy\" decoding=\"async\" class=\"alignnone size-full wp-image-12032\" src=\"https:\/\/www.mormaii.com.br\/site\/wp-content\/uploads\/2019\/11\/WhatsApp-Image-2019-11-02-at-19.54.34.jpeg\" alt=\"\" width=\"1280\" height=\"853\" srcset=\"https:\/\/www.mormaii.com.br\/site\/wp-content\/uploads\/2019\/11\/WhatsApp-Image-2019-11-02-at-19.54.34.jpeg 1280w, https:\/\/www.mormaii.com.br\/site\/wp-content\/uploads\/2019\/11\/WhatsApp-Image-2019-11-02-at-19.54.34-300x200.jpeg 300w, https:\/\/www.mormaii.com.br\/site\/wp-content\/uploads\/2019\/11\/WhatsApp-Image-2019-11-02-at-19.54.34-768x512.jpeg 768w, https:\/\/www.mormaii.com.br\/site\/wp-content\/uploads\/2019\/11\/WhatsApp-Image-2019-11-02-at-19.54.34-1024x682.jpeg 1024w, https:\/\/www.mormaii.com.br\/site\/wp-content\/uploads\/2019\/11\/WhatsApp-Image-2019-11-02-at-19.54.34-1170x780.jpeg 1170w\" sizes=\"(max-width: 1280px) 100vw, 1280px\" \/><\/p>\n<h3>Resultados<\/h3>\n<h3>Feminino Sub 12<\/h3>\n<p>1\u00ba Bela Nalu<br \/>\n2\u00ba Luara Mandelli<br \/>\n3\u00ba Alexia Monteiro<br \/>\n4\u00ba Gabriely Vasque<br \/>\nFeminino Sub 16<br \/>\n1\u00ba Laura Raupp<br \/>\n2\u00ba Bela Nalu<br \/>\n3\u00ba Maya Carpinelli<br \/>\n4\u00ba Amanda Mazzer<\/p>\n<h3>Petit<\/h3>\n<p>1\u00ba Anuar Chiah<br \/>\n2\u00ba Kailani Renn\u00f3<br \/>\n3\u00ba Kalani Robles<br \/>\n4\u00ba Keoni Renn\u00f3<\/p>\n<h3>Infantil<\/h3>\n<p>1\u00ba Kailani Renn\u00f3<br \/>\n2\u00ba Ryan Martins<br \/>\n3\u00ba Anuar Chiah<br \/>\n4\u00ba Davi Glazer<\/p>\n<h3>Iniciantes<\/h3>\n<p>1\u00ba Lucas Cainan<br \/>\n2\u00ba Noah Machado<br \/>\n3\u00ba Takeshi Oyama<br \/>\n4\u00ba Samuel Joquina<\/p>\n<h3>Mirim<\/h3>\n<p>1\u00ba Samuel Joquinha<br \/>\n2\u00ba Lucas Cainan<br \/>\n3\u00ba Artur Rom\u00e3o<br \/>\n4\u00ba Takeshi Oyama<br \/>\nMaior nota do evento \u2013 Anuar Chiah 10,00 pontos<\/p>\n<p><img loading=\"lazy\" decoding=\"async\" class=\"alignnone size-full wp-image-12037\" src=\"https:\/\/www.mormaii.com.br\/site\/wp-content\/uploads\/2019\/11\/WhatsApp-Image-2019-11-02-at-19.56.23.jpeg\" alt=\"\" width=\"1280\" height=\"960\" srcset=\"https:\/\/www.mormaii.com.br\/site\/wp-content\/uploads\/2019\/11\/WhatsApp-Image-2019-11-02-at-19.56.23.jpeg 1280w, https:\/\/www.mormaii.com.br\/site\/wp-content\/uploads\/2019\/11\/WhatsApp-Image-2019-11-02-at-19.56.23-300x225.jpeg 300w, https:\/\/www.mormaii.com.br\/site\/wp-content\/uploads\/2019\/11\/WhatsApp-Image-2019-11-02-at-19.56.23-768x576.jpeg 768w, https:\/\/www.mormaii.com.br\/site\/wp-content\/uploads\/2019\/11\/WhatsApp-Image-2019-11-02-at-19.56.23-1024x768.jpeg 1024w\" sizes=\"(max-width: 1280px) 100vw, 1280px\" \/><\/p>\n<h3>Campe\u00f5es do circuito Mormaii Surfuturo Groms 2019<\/h3>\n<h4>Feminino Sub-12 \u2013 Bela Nalu<br \/>\nFeminino Sub-16 \u2013 Laura Raupp<br \/>\nPetit \u2013 Anuar Chiah<br \/>\nInfantil \u2013 Kailani Renn\u00f3<br \/>\nIniciantes \u2013 Anuar Chiah<br \/>\nMirim \u2013 Luiz Mendes<\/h4>\n<p><strong>Fotos: Bas\u00edlio Ruy<\/strong><\/p>\n<p>O Mormaii Surfuturo Groms 2019 conta com o patroc\u00ednio da Mormaii, S\u00f3cioAmbientar, Banana Wax, Sefsy A\u00e7a\u00ed e Bar do Kao.<\/p>\n<h3>Apoio<\/h3>\n<p>Eco Board, PG, Brava Sports, Meister Willy, Lilou Beach Wear, Santa Costa, TBS Surfboards, Wizard, FMEL, Padang Padang Surf Shop, Beneduzi Lopes e Big Wave Board Shop.<\/p>\n<h3>Realiza\u00e7\u00e3o<\/h3>\n<p>ASPI \u2013 Associa\u00e7\u00e3o de Surf Praias de Itaja\u00ed<\/p>\n<h3>Supervis\u00e3o<\/h3>\n<p>Fecasurf<\/p>\n<p><a href=\"https:\/\/www.mormaiishop.com.br\/camisetas-uv\/camiseta?PS=12&amp;O=OrderByReleaseDateDESC&amp;utm_source=Banner-topo&amp;utm_medium=Banner-topo-camisetas-uv&amp;utm_campaign=camisetas-uv\"><img loading=\"lazy\" decoding=\"async\" class=\"alignnone size-full wp-image-12038\" src=\"https:\/\/www.mormaii.com.br\/site\/wp-content\/uploads\/2019\/11\/mormaii-surfuturo-groms.jpg\" alt=\"\" width=\"1010\" height=\"329\" srcset=\"https:\/\/www.mormaii.com.br\/site\/wp-content\/uploads\/2019\/11\/mormaii-surfuturo-groms.jpg 1010w, https:\/\/www.mormaii.com.br\/site\/wp-content\/uploads\/2019\/11\/mormaii-surfuturo-groms-300x98.jpg 300w, https:\/\/www.mormaii.com.br\/site\/wp-content\/uploads\/2019\/11\/mormaii-surfuturo-groms-768x250.jpg 768w\" sizes=\"(max-width: 1010px) 100vw, 1010px\" \/><\/a><\/p>\n","protected":false},"excerpt":{"rendered":"<p>Praia da Atalaia quebrou de gala pra decis\u00e3o do Mormaii Surfuturo Groms A Praia da Atalaia quebrou de gala pra decis\u00e3o do Mormaii Surfuturo Groms que aconteceu s\u00e1bado (02) na Praia da Atalaia em Itaja\u00ed com ondas de um metro, sol, chuva e altas ondas. As categorias em disputa foram, Petit sub-10, Infantil sub-12, Iniciantes [&hellip;]<\/p>\n","protected":false},"author":5,"featured_media":12035,"comment_status":"closed","ping_status":"closed","sticky":false,"template":"","format":"standard","meta":{"_uag_custom_page_level_css":"","_mi_skip_tracking":false,"footnotes":""},"categories":[36,914,345],"tags":[],"class_list":["post-12031","post","type-post","status-publish","format-standard","has-post-thumbnail","hentry","category-atletas","category-mormaii","category-surf"],"acf":[],"uagb_featured_image_src":{"full":["https:\/\/www.mormaii.com.br\/site\/wp-content\/uploads\/2019\/11\/WhatsApp-Image-2019-11-02-at-19.54.40.jpeg",1280,853,false],"thumbnail":["https:\/\/www.mormaii.com.br\/site\/wp-content\/uploads\/2019\/11\/WhatsApp-Image-2019-11-02-at-19.54.40-150x150.jpeg",150,150,true],"medium":["https:\/\/www.mormaii.com.br\/site\/wp-content\/uploads\/2019\/11\/WhatsApp-Image-2019-11-02-at-19.54.40-300x200.jpeg",300,200,true],"medium_large":["https:\/\/www.mormaii.com.br\/site\/wp-content\/uploads\/2019\/11\/WhatsApp-Image-2019-11-02-at-19.54.40-768x512.jpeg",768,512,true],"large":["https:\/\/www.mormaii.com.br\/site\/wp-content\/uploads\/2019\/11\/WhatsApp-Image-2019-11-02-at-19.54.40-1024x682.jpeg",1024,682,true],"1536x1536":["https:\/\/www.mormaii.com.br\/site\/wp-content\/uploads\/2019\/11\/WhatsApp-Image-2019-11-02-at-19.54.40.jpeg",1280,853,false],"2048x2048":["https:\/\/www.mormaii.com.br\/site\/wp-content\/uploads\/2019\/11\/WhatsApp-Image-2019-11-02-at-19.54.40.jpeg",1280,853,false],"qi_addons_for_elementor_image_size_square":["https:\/\/www.mormaii.com.br\/site\/wp-content\/uploads\/2019\/11\/WhatsApp-Image-2019-11-02-at-19.54.40.jpeg",650,433,false],"qi_addons_for_elementor_image_size_landscape":["https:\/\/www.mormaii.com.br\/site\/wp-content\/uploads\/2019\/11\/WhatsApp-Image-2019-11-02-at-19.54.40.jpeg",975,650,false],"qi_addons_for_elementor_image_size_portrait":["https:\/\/www.mormaii.com.br\/site\/wp-content\/uploads\/2019\/11\/WhatsApp-Image-2019-11-02-at-19.54.40.jpeg",650,433,false],"qi_addons_for_elementor_image_size_huge-square":["https:\/\/www.mormaii.com.br\/site\/wp-content\/uploads\/2019\/11\/WhatsApp-Image-2019-11-02-at-19.54.40.jpeg",1280,853,false]},"uagb_author_info":{"display_name":"Tissot","author_link":"https:\/\/www.mormaii.com.br\/site\/author\/fabiano\/"},"uagb_comment_info":0,"uagb_excerpt":"Praia da Atalaia quebrou de gala pra decis\u00e3o do Mormaii Surfuturo Groms A Praia da Atalaia quebrou de gala pra decis\u00e3o do Mormaii Surfuturo Groms que aconteceu s\u00e1bado (02) na Praia da Atalaia em Itaja\u00ed com ondas de um metro, sol, chuva e altas ondas. As categorias em disputa foram, Petit sub-10, Infantil sub-12, Iniciantes&hellip;","_links":{"self":[{"href":"https:\/\/www.mormaii.com.br\/site\/wp-json\/wp\/v2\/posts\/12031"}],"collection":[{"href":"https:\/\/www.mormaii.com.br\/site\/wp-json\/wp\/v2\/posts"}],"about":[{"href":"https:\/\/www.mormaii.com.br\/site\/wp-json\/wp\/v2\/types\/post"}],"author":[{"embeddable":true,"href":"https:\/\/www.mormaii.com.br\/site\/wp-json\/wp\/v2\/users\/5"}],"replies":[{"embeddable":true,"href":"https:\/\/www.mormaii.com.br\/site\/wp-json\/wp\/v2\/comments?post=12031"}],"version-history":[{"count":1,"href":"https:\/\/www.mormaii.com.br\/site\/wp-json\/wp\/v2\/posts\/12031\/revisions"}],"predecessor-version":[{"id":12039,"href":"https:\/\/www.mormaii.com.br\/site\/wp-json\/wp\/v2\/posts\/12031\/revisions\/12039"}],"wp:featuredmedia":[{"embeddable":true,"href":"https:\/\/www.mormaii.com.br\/site\/wp-json\/wp\/v2\/media\/12035"}],"wp:attachment":[{"href":"https:\/\/www.mormaii.com.br\/site\/wp-json\/wp\/v2\/media?parent=12031"}],"wp:term":[{"taxonomy":"category","embeddable":true,"href":"https:\/\/www.mormaii.com.br\/site\/wp-json\/wp\/v2\/categories?post=12031"},{"taxonomy":"post_tag","embeddable":true,"href":"https:\/\/www.mormaii.com.br\/site\/wp-json\/wp\/v2\/tags?post=12031"}],"curies":[{"name":"wp","href":"https:\/\/api.w.org\/{rel}","templated":true}]}}