{"id":12073,"date":"2019-11-26T13:49:27","date_gmt":"2019-11-26T16:49:27","guid":{"rendered":"https:\/\/www.mormaii.com.br\/site\/?p=12073"},"modified":"2022-06-10T10:53:08","modified_gmt":"2022-06-10T13:53:08","slug":"15a-edicao-da-meia-maratona-internacional-de-florianopolis","status":"publish","type":"post","link":"https:\/\/www.mormaii.com.br\/site\/15a-edicao-da-meia-maratona-internacional-de-florianopolis\/","title":{"rendered":"15\u00aa edi\u00e7\u00e3o da Meia Maratona Internacional de Florian\u00f3polis"},"content":{"rendered":"<p><img loading=\"lazy\" decoding=\"async\" class=\"alignnone size-full wp-image-12074\" src=\"https:\/\/www.mormaii.com.br\/site\/wp-content\/uploads\/2019\/11\/15-edi\u00e7\u00e3o-da-Meia-Maratona-Internacional-de-Florian\u00f3polis.jpg\" alt=\"\" width=\"1500\" height=\"1000\" srcset=\"https:\/\/www.mormaii.com.br\/site\/wp-content\/uploads\/2019\/11\/15-edi\u00e7\u00e3o-da-Meia-Maratona-Internacional-de-Florian\u00f3polis.jpg 1500w, https:\/\/www.mormaii.com.br\/site\/wp-content\/uploads\/2019\/11\/15-edi\u00e7\u00e3o-da-Meia-Maratona-Internacional-de-Florian\u00f3polis-300x200.jpg 300w, https:\/\/www.mormaii.com.br\/site\/wp-content\/uploads\/2019\/11\/15-edi\u00e7\u00e3o-da-Meia-Maratona-Internacional-de-Florian\u00f3polis-768x512.jpg 768w, https:\/\/www.mormaii.com.br\/site\/wp-content\/uploads\/2019\/11\/15-edi\u00e7\u00e3o-da-Meia-Maratona-Internacional-de-Florian\u00f3polis-1024x683.jpg 1024w, https:\/\/www.mormaii.com.br\/site\/wp-content\/uploads\/2019\/11\/15-edi\u00e7\u00e3o-da-Meia-Maratona-Internacional-de-Florian\u00f3polis-1170x780.jpg 1170w\" sizes=\"(max-width: 1500px) 100vw, 1500px\" \/><\/p>\n<h3>15\u00aa edi\u00e7\u00e3o da Meia Maratona Internacional de Florian\u00f3polis<\/h3>\n<p>Com patroc\u00edcio da Mormaii, a Corre Brasil promoveu no \u00faltimo domingo (24) a 15\u00aa edi\u00e7\u00e3o da Meia Maratona Internacional de Florian\u00f3polis na beira-mar norte da cidade.<\/p>\n<p>Segundo a organiza\u00e7\u00e3o, mais de 6 mil atletas se desafiaram em modalidades de 5km, 10km e 21km.<\/p>\n<p>Na dist\u00e2ncia de 21 km, quem subiu ao p\u00f3dio na categoria masculina para levar o pr\u00eamio de 1\u00ba lugar foi atleta Patrick Gularte Vieira, completando o percurso em 1 hora e 6 minutos.<\/p>\n<p>J\u00e1 na categoria feminina, a corredora Simone Ponte Ferraz, da assessoria esportiva SPF Running, levou a vit\u00f3ria com tempo de 1 hora e 20 minutos.<\/p>\n<p>O evento ainda contou uma transmiss\u00e3o ao vivo para as redes sociais, a qual inclu\u00eda entrevistas com os atletas que j\u00e1 haviam cruzado a linha de chegada.<\/p>\n<p>A pr\u00f3xima edi\u00e7\u00e3o da Meia Maratona Internacional de Florian\u00f3polis acontece no dia 22 de novembro de 2020. As inscri\u00e7\u00f5es ser\u00e3o disponibilizadas em breve.<\/p>\n<div id=\"attachment_11954\" style=\"width: 947px\" class=\"wp-caption alignnone\"><a href=\"https:\/\/www.mormaiishop.com.br\/running\" target=\"_blank\" rel=\"noopener\"><img loading=\"lazy\" decoding=\"async\" aria-describedby=\"caption-attachment-11954\" class=\"wp-image-11954 size-full\" src=\"https:\/\/www.mormaii.com.br\/site\/wp-content\/uploads\/2019\/08\/Screenshot_26.jpg\" alt=\"\" width=\"937\" height=\"297\" srcset=\"https:\/\/www.mormaii.com.br\/site\/wp-content\/uploads\/2019\/08\/Screenshot_26.jpg 937w, https:\/\/www.mormaii.com.br\/site\/wp-content\/uploads\/2019\/08\/Screenshot_26-300x95.jpg 300w, https:\/\/www.mormaii.com.br\/site\/wp-content\/uploads\/2019\/08\/Screenshot_26-768x243.jpg 768w\" sizes=\"(max-width: 937px) 100vw, 937px\" \/><\/a><p id=\"caption-attachment-11954\" class=\"wp-caption-text\">Clique e confira a linha running Mormaii<\/p><\/div>\n","protected":false},"excerpt":{"rendered":"<p>15\u00aa edi\u00e7\u00e3o da Meia Maratona Internacional de Florian\u00f3polis Com patroc\u00edcio da Mormaii, a Corre Brasil promoveu no \u00faltimo domingo (24) a 15\u00aa edi\u00e7\u00e3o da Meia Maratona Internacional de Florian\u00f3polis na beira-mar norte da cidade. Segundo a organiza\u00e7\u00e3o, mais de 6 mil atletas se desafiaram em modalidades de 5km, 10km e 21km. Na dist\u00e2ncia de 21 [&hellip;]<\/p>\n","protected":false},"author":5,"featured_media":12074,"comment_status":"closed","ping_status":"closed","sticky":false,"template":"","format":"standard","meta":{"_uag_custom_page_level_css":"","_mi_skip_tracking":false,"footnotes":""},"categories":[40,38,914],"tags":[],"class_list":["post-12073","post","type-post","status-publish","format-standard","has-post-thumbnail","hentry","category-esportes","category-eventos","category-mormaii"],"acf":[],"uagb_featured_image_src":{"full":["https:\/\/www.mormaii.com.br\/site\/wp-content\/uploads\/2019\/11\/15-edi\u00e7\u00e3o-da-Meia-Maratona-Internacional-de-Florian\u00f3polis.jpg",1500,1000,false],"thumbnail":["https:\/\/www.mormaii.com.br\/site\/wp-content\/uploads\/2019\/11\/15-edi\u00e7\u00e3o-da-Meia-Maratona-Internacional-de-Florian\u00f3polis-150x150.jpg",150,150,true],"medium":["https:\/\/www.mormaii.com.br\/site\/wp-content\/uploads\/2019\/11\/15-edi\u00e7\u00e3o-da-Meia-Maratona-Internacional-de-Florian\u00f3polis-300x200.jpg",300,200,true],"medium_large":["https:\/\/www.mormaii.com.br\/site\/wp-content\/uploads\/2019\/11\/15-edi\u00e7\u00e3o-da-Meia-Maratona-Internacional-de-Florian\u00f3polis-768x512.jpg",768,512,true],"large":["https:\/\/www.mormaii.com.br\/site\/wp-content\/uploads\/2019\/11\/15-edi\u00e7\u00e3o-da-Meia-Maratona-Internacional-de-Florian\u00f3polis-1024x683.jpg",1024,683,true],"1536x1536":["https:\/\/www.mormaii.com.br\/site\/wp-content\/uploads\/2019\/11\/15-edi\u00e7\u00e3o-da-Meia-Maratona-Internacional-de-Florian\u00f3polis.jpg",1500,1000,false],"2048x2048":["https:\/\/www.mormaii.com.br\/site\/wp-content\/uploads\/2019\/11\/15-edi\u00e7\u00e3o-da-Meia-Maratona-Internacional-de-Florian\u00f3polis.jpg",1500,1000,false],"qi_addons_for_elementor_image_size_square":["https:\/\/www.mormaii.com.br\/site\/wp-content\/uploads\/2019\/11\/15-edi\u00e7\u00e3o-da-Meia-Maratona-Internacional-de-Florian\u00f3polis.jpg",650,433,false],"qi_addons_for_elementor_image_size_landscape":["https:\/\/www.mormaii.com.br\/site\/wp-content\/uploads\/2019\/11\/15-edi\u00e7\u00e3o-da-Meia-Maratona-Internacional-de-Florian\u00f3polis.jpg",975,650,false],"qi_addons_for_elementor_image_size_portrait":["https:\/\/www.mormaii.com.br\/site\/wp-content\/uploads\/2019\/11\/15-edi\u00e7\u00e3o-da-Meia-Maratona-Internacional-de-Florian\u00f3polis.jpg",650,433,false],"qi_addons_for_elementor_image_size_huge-square":["https:\/\/www.mormaii.com.br\/site\/wp-content\/uploads\/2019\/11\/15-edi\u00e7\u00e3o-da-Meia-Maratona-Internacional-de-Florian\u00f3polis.jpg",1300,867,false]},"uagb_author_info":{"display_name":"Tissot","author_link":"https:\/\/www.mormaii.com.br\/site\/author\/fabiano\/"},"uagb_comment_info":0,"uagb_excerpt":"15\u00aa edi\u00e7\u00e3o da Meia Maratona Internacional de Florian\u00f3polis Com patroc\u00edcio da Mormaii, a Corre Brasil promoveu no \u00faltimo domingo (24) a 15\u00aa edi\u00e7\u00e3o da Meia Maratona Internacional de Florian\u00f3polis na beira-mar norte da cidade. Segundo a organiza\u00e7\u00e3o, mais de 6 mil atletas se desafiaram em modalidades de 5km, 10km e 21km. Na dist\u00e2ncia de 21&hellip;","_links":{"self":[{"href":"https:\/\/www.mormaii.com.br\/site\/wp-json\/wp\/v2\/posts\/12073"}],"collection":[{"href":"https:\/\/www.mormaii.com.br\/site\/wp-json\/wp\/v2\/posts"}],"about":[{"href":"https:\/\/www.mormaii.com.br\/site\/wp-json\/wp\/v2\/types\/post"}],"author":[{"embeddable":true,"href":"https:\/\/www.mormaii.com.br\/site\/wp-json\/wp\/v2\/users\/5"}],"replies":[{"embeddable":true,"href":"https:\/\/www.mormaii.com.br\/site\/wp-json\/wp\/v2\/comments?post=12073"}],"version-history":[{"count":1,"href":"https:\/\/www.mormaii.com.br\/site\/wp-json\/wp\/v2\/posts\/12073\/revisions"}],"predecessor-version":[{"id":12075,"href":"https:\/\/www.mormaii.com.br\/site\/wp-json\/wp\/v2\/posts\/12073\/revisions\/12075"}],"wp:featuredmedia":[{"embeddable":true,"href":"https:\/\/www.mormaii.com.br\/site\/wp-json\/wp\/v2\/media\/12074"}],"wp:attachment":[{"href":"https:\/\/www.mormaii.com.br\/site\/wp-json\/wp\/v2\/media?parent=12073"}],"wp:term":[{"taxonomy":"category","embeddable":true,"href":"https:\/\/www.mormaii.com.br\/site\/wp-json\/wp\/v2\/categories?post=12073"},{"taxonomy":"post_tag","embeddable":true,"href":"https:\/\/www.mormaii.com.br\/site\/wp-json\/wp\/v2\/tags?post=12073"}],"curies":[{"name":"wp","href":"https:\/\/api.w.org\/{rel}","templated":true}]}}