{"id":12089,"date":"2020-01-28T11:44:02","date_gmt":"2020-01-28T14:44:02","guid":{"rendered":"https:\/\/www.mormaii.com.br\/site\/?p=12089"},"modified":"2022-06-10T10:31:15","modified_gmt":"2022-06-10T13:31:15","slug":"inauguracao-mormaii-salvador","status":"publish","type":"post","link":"https:\/\/www.mormaii.com.br\/site\/inauguracao-mormaii-salvador\/","title":{"rendered":"Inaugura\u00e7\u00e3o Mormaii Salvador"},"content":{"rendered":"<p><img loading=\"lazy\" decoding=\"async\" class=\"alignnone size-full wp-image-12093\" src=\"https:\/\/www.mormaii.com.br\/site\/wp-content\/uploads\/2020\/01\/m_salvador_inauguracao_quiosque_post_1.jpg\" alt=\"\" width=\"1080\" height=\"1080\" srcset=\"https:\/\/www.mormaii.com.br\/site\/wp-content\/uploads\/2020\/01\/m_salvador_inauguracao_quiosque_post_1.jpg 1080w, https:\/\/www.mormaii.com.br\/site\/wp-content\/uploads\/2020\/01\/m_salvador_inauguracao_quiosque_post_1-150x150.jpg 150w, https:\/\/www.mormaii.com.br\/site\/wp-content\/uploads\/2020\/01\/m_salvador_inauguracao_quiosque_post_1-300x300.jpg 300w, https:\/\/www.mormaii.com.br\/site\/wp-content\/uploads\/2020\/01\/m_salvador_inauguracao_quiosque_post_1-768x768.jpg 768w, https:\/\/www.mormaii.com.br\/site\/wp-content\/uploads\/2020\/01\/m_salvador_inauguracao_quiosque_post_1-1024x1024.jpg 1024w, https:\/\/www.mormaii.com.br\/site\/wp-content\/uploads\/2020\/01\/m_salvador_inauguracao_quiosque_post_1-100x100.jpg 100w, https:\/\/www.mormaii.com.br\/site\/wp-content\/uploads\/2020\/01\/m_salvador_inauguracao_quiosque_post_1-380x380.jpg 380w, https:\/\/www.mormaii.com.br\/site\/wp-content\/uploads\/2020\/01\/m_salvador_inauguracao_quiosque_post_1-460x460.jpg 460w, https:\/\/www.mormaii.com.br\/site\/wp-content\/uploads\/2020\/01\/m_salvador_inauguracao_quiosque_post_1-400x400.jpg 400w\" sizes=\"(max-width: 1080px) 100vw, 1080px\" \/><\/p>\n<p>Voc\u00ea \u00e9 nosso convidado para a inaugura\u00e7\u00e3o da Loja Mormaii Salvador, dia 01 de fevereiro, a partir das 10h da manh\u00e3.<\/p>\n<p>A inaugura\u00e7\u00e3o acontece na Av. Luis Viana Filho 8544, Quiosque 118C, Piso, L1, localizada no Bairro Paralela, Salvador (BA).<\/p>\n<p>Al\u00e9m das novidades, nas compras acima de R$ 399,00 voc\u00ea ganha um rel\u00f3gio Mormaii.<\/p>\n<p>A promo\u00e7\u00e3o \u00e9 v\u00e1lida para o dia da inaugura\u00e7\u00e3o, at\u00e9 durarem os estoques.<\/p>\n<p>Esperamos voc\u00ea!<\/p>\n<p><img loading=\"lazy\" decoding=\"async\" class=\"alignnone size-full wp-image-12090\" src=\"https:\/\/www.mormaii.com.br\/site\/wp-content\/uploads\/2020\/01\/mormaii-salvador.jpg\" alt=\"\" width=\"999\" height=\"210\" srcset=\"https:\/\/www.mormaii.com.br\/site\/wp-content\/uploads\/2020\/01\/mormaii-salvador.jpg 999w, https:\/\/www.mormaii.com.br\/site\/wp-content\/uploads\/2020\/01\/mormaii-salvador-300x63.jpg 300w, https:\/\/www.mormaii.com.br\/site\/wp-content\/uploads\/2020\/01\/mormaii-salvador-768x161.jpg 768w\" sizes=\"(max-width: 999px) 100vw, 999px\" \/><\/p>\n","protected":false},"excerpt":{"rendered":"<p>Voc\u00ea \u00e9 nosso convidado para a inaugura\u00e7\u00e3o da Loja Mormaii Salvador, dia 01 de fevereiro, a partir das 10h da manh\u00e3. A inaugura\u00e7\u00e3o acontece na Av. Luis Viana Filho 8544, Quiosque 118C, Piso, L1, localizada no Bairro Paralela, Salvador (BA). Al\u00e9m das novidades, nas compras acima de R$ 399,00 voc\u00ea ganha um rel\u00f3gio Mormaii. A [&hellip;]<\/p>\n","protected":false},"author":5,"featured_media":12093,"comment_status":"closed","ping_status":"closed","sticky":false,"template":"","format":"standard","meta":{"_uag_custom_page_level_css":"","_mi_skip_tracking":false,"footnotes":""},"categories":[913,914],"tags":[],"class_list":["post-12089","post","type-post","status-publish","format-standard","has-post-thumbnail","hentry","category-franquias","category-mormaii"],"acf":[],"uagb_featured_image_src":{"full":["https:\/\/www.mormaii.com.br\/site\/wp-content\/uploads\/2020\/01\/m_salvador_inauguracao_quiosque_post_1.jpg",1080,1080,false],"thumbnail":["https:\/\/www.mormaii.com.br\/site\/wp-content\/uploads\/2020\/01\/m_salvador_inauguracao_quiosque_post_1-150x150.jpg",150,150,true],"medium":["https:\/\/www.mormaii.com.br\/site\/wp-content\/uploads\/2020\/01\/m_salvador_inauguracao_quiosque_post_1-300x300.jpg",300,300,true],"medium_large":["https:\/\/www.mormaii.com.br\/site\/wp-content\/uploads\/2020\/01\/m_salvador_inauguracao_quiosque_post_1-768x768.jpg",768,768,true],"large":["https:\/\/www.mormaii.com.br\/site\/wp-content\/uploads\/2020\/01\/m_salvador_inauguracao_quiosque_post_1-1024x1024.jpg",1024,1024,true],"1536x1536":["https:\/\/www.mormaii.com.br\/site\/wp-content\/uploads\/2020\/01\/m_salvador_inauguracao_quiosque_post_1.jpg",1080,1080,false],"2048x2048":["https:\/\/www.mormaii.com.br\/site\/wp-content\/uploads\/2020\/01\/m_salvador_inauguracao_quiosque_post_1.jpg",1080,1080,false],"qi_addons_for_elementor_image_size_square":["https:\/\/www.mormaii.com.br\/site\/wp-content\/uploads\/2020\/01\/m_salvador_inauguracao_quiosque_post_1.jpg",650,650,false],"qi_addons_for_elementor_image_size_landscape":["https:\/\/www.mormaii.com.br\/site\/wp-content\/uploads\/2020\/01\/m_salvador_inauguracao_quiosque_post_1.jpg",650,650,false],"qi_addons_for_elementor_image_size_portrait":["https:\/\/www.mormaii.com.br\/site\/wp-content\/uploads\/2020\/01\/m_salvador_inauguracao_quiosque_post_1.jpg",650,650,false],"qi_addons_for_elementor_image_size_huge-square":["https:\/\/www.mormaii.com.br\/site\/wp-content\/uploads\/2020\/01\/m_salvador_inauguracao_quiosque_post_1.jpg",1080,1080,false]},"uagb_author_info":{"display_name":"Tissot","author_link":"https:\/\/www.mormaii.com.br\/site\/author\/fabiano\/"},"uagb_comment_info":0,"uagb_excerpt":"Voc\u00ea \u00e9 nosso convidado para a inaugura\u00e7\u00e3o da Loja Mormaii Salvador, dia 01 de fevereiro, a partir das 10h da manh\u00e3. A inaugura\u00e7\u00e3o acontece na Av. Luis Viana Filho 8544, Quiosque 118C, Piso, L1, localizada no Bairro Paralela, Salvador (BA). Al\u00e9m das novidades, nas compras acima de R$ 399,00 voc\u00ea ganha um rel\u00f3gio Mormaii. A&hellip;","_links":{"self":[{"href":"https:\/\/www.mormaii.com.br\/site\/wp-json\/wp\/v2\/posts\/12089"}],"collection":[{"href":"https:\/\/www.mormaii.com.br\/site\/wp-json\/wp\/v2\/posts"}],"about":[{"href":"https:\/\/www.mormaii.com.br\/site\/wp-json\/wp\/v2\/types\/post"}],"author":[{"embeddable":true,"href":"https:\/\/www.mormaii.com.br\/site\/wp-json\/wp\/v2\/users\/5"}],"replies":[{"embeddable":true,"href":"https:\/\/www.mormaii.com.br\/site\/wp-json\/wp\/v2\/comments?post=12089"}],"version-history":[{"count":3,"href":"https:\/\/www.mormaii.com.br\/site\/wp-json\/wp\/v2\/posts\/12089\/revisions"}],"predecessor-version":[{"id":12095,"href":"https:\/\/www.mormaii.com.br\/site\/wp-json\/wp\/v2\/posts\/12089\/revisions\/12095"}],"wp:featuredmedia":[{"embeddable":true,"href":"https:\/\/www.mormaii.com.br\/site\/wp-json\/wp\/v2\/media\/12093"}],"wp:attachment":[{"href":"https:\/\/www.mormaii.com.br\/site\/wp-json\/wp\/v2\/media?parent=12089"}],"wp:term":[{"taxonomy":"category","embeddable":true,"href":"https:\/\/www.mormaii.com.br\/site\/wp-json\/wp\/v2\/categories?post=12089"},{"taxonomy":"post_tag","embeddable":true,"href":"https:\/\/www.mormaii.com.br\/site\/wp-json\/wp\/v2\/tags?post=12089"}],"curies":[{"name":"wp","href":"https:\/\/api.w.org\/{rel}","templated":true}]}}