{"id":12154,"date":"2020-04-14T16:52:21","date_gmt":"2020-04-14T19:52:21","guid":{"rendered":"https:\/\/www.mormaii.com.br\/site\/?p=12154"},"modified":"2022-06-10T10:20:05","modified_gmt":"2022-06-10T13:20:05","slug":"os-beneficios-da-agua-do-mar-para-a-saude","status":"publish","type":"post","link":"https:\/\/www.mormaii.com.br\/site\/os-beneficios-da-agua-do-mar-para-a-saude\/","title":{"rendered":"Os Benef\u00edcios da \u00c1gua do Mar para a Sa\u00fade"},"content":{"rendered":"<div id=\"attachment_12165\" style=\"width: 720px\" class=\"wp-caption alignnone\"><img loading=\"lazy\" decoding=\"async\" aria-describedby=\"caption-attachment-12165\" class=\"wp-image-12165 size-large\" title=\"Benef\u00edcios da \u00e1gua do mar para a sa\u00fade\" src=\"https:\/\/www.mormaii.com.br\/site\/wp-content\/uploads\/2020\/04\/saude-que-vem-do-mar-sebastian-rojas-_-1-1024x683.jpg\" alt=\"Benef\u00edcios da \u00e1gua do mar para a sa\u00fade\" width=\"710\" height=\"474\" srcset=\"https:\/\/www.mormaii.com.br\/site\/wp-content\/uploads\/2020\/04\/saude-que-vem-do-mar-sebastian-rojas-_-1-1024x683.jpg 1024w, https:\/\/www.mormaii.com.br\/site\/wp-content\/uploads\/2020\/04\/saude-que-vem-do-mar-sebastian-rojas-_-1-300x200.jpg 300w, https:\/\/www.mormaii.com.br\/site\/wp-content\/uploads\/2020\/04\/saude-que-vem-do-mar-sebastian-rojas-_-1-768x512.jpg 768w, https:\/\/www.mormaii.com.br\/site\/wp-content\/uploads\/2020\/04\/saude-que-vem-do-mar-sebastian-rojas-_-1-1170x780.jpg 1170w\" sizes=\"(max-width: 710px) 100vw, 710px\" \/><p id=\"caption-attachment-12165\" class=\"wp-caption-text\">Benef\u00edcios da \u00e1gua do mar para a sa\u00fade \/\/ Foto: Sebastian Rojas<\/p><\/div>\n<h3><span style=\"font-weight: 400;\">Os b<\/span><span style=\"font-weight: 400;\">enef\u00edcios da \u00e1gua do mar para a sa\u00fade<\/span><\/h3>\n<p><span style=\"font-weight: 400;\">Se tem uma coisa que todo <a href=\"https:\/\/www.mormaiishop.com.br\/neoprene-masculino\/surf?PS=12&amp;O=OrderByPriceDESC\" target=\"_blank\" rel=\"noopener\">surfista e demais praticantes de esportes mar\u00edtimos<\/a> sabem \u00e9 que o mar nos conecta a algo maior, melhora a disposi\u00e7\u00e3o e nos faz refletir sobre a vida.<\/span><\/p>\n<p><span style=\"font-weight: 400;\">No entanto, seus benef\u00edcios v\u00e3o ainda mais al\u00e9m.<\/span><\/p>\n<p><span style=\"font-weight: 400;\">Ele traz felicidade, qualidade de vida e beneficia a sa\u00fade f\u00edsica e mental, algo que aqui na Mormaii compreendemos muito bem, afinal, nossa empresa \u00e9 nascida e criada no mar.<\/span><\/p>\n<div id=\"attachment_12155\" style=\"width: 720px\" class=\"wp-caption alignnone\"><img loading=\"lazy\" decoding=\"async\" aria-describedby=\"caption-attachment-12155\" class=\"wp-image-12155 size-large\" src=\"https:\/\/www.mormaii.com.br\/site\/wp-content\/uploads\/2020\/04\/saude-que-vem-do-mar-sebastian-rojas-2-1024x683.jpg\" alt=\"\" width=\"710\" height=\"474\" srcset=\"https:\/\/www.mormaii.com.br\/site\/wp-content\/uploads\/2020\/04\/saude-que-vem-do-mar-sebastian-rojas-2-1024x683.jpg 1024w, https:\/\/www.mormaii.com.br\/site\/wp-content\/uploads\/2020\/04\/saude-que-vem-do-mar-sebastian-rojas-2-300x200.jpg 300w, https:\/\/www.mormaii.com.br\/site\/wp-content\/uploads\/2020\/04\/saude-que-vem-do-mar-sebastian-rojas-2-768x512.jpg 768w, https:\/\/www.mormaii.com.br\/site\/wp-content\/uploads\/2020\/04\/saude-que-vem-do-mar-sebastian-rojas-2-1170x780.jpg 1170w\" sizes=\"(max-width: 710px) 100vw, 710px\" \/><p id=\"caption-attachment-12155\" class=\"wp-caption-text\">Foto: Sebastian Rojas<\/p><\/div>\n<p><span style=\"font-weight: 400;\">O corpo humano cont\u00e9m cerca de 70 a 80% de \u00e1gua e todas as suas c\u00e9lulas est\u00e3o mergulhadas em um l\u00edquido de composi\u00e7\u00e3o muito parecida com a \u00e1gua do mar, assim como o plasma sangu\u00edneo.<\/span><\/p>\n<p><span style=\"font-weight: 400;\">Por consequ\u00eancia, basta um banho de \u00e1gua salgada para que haja absor\u00e7\u00e3o desses minerais atrav\u00e9s da pele.<\/span><\/p>\n<p><span style=\"font-weight: 400;\">A lista de benef\u00edcios da \u00e1gua do mar para a sa\u00fade \u00e9 imensa, auxilia o humor e pode ser considerada um rem\u00e9dio natural.\u00a0<\/span><\/p>\n<p><span style=\"font-weight: 400;\">Al\u00e9m disso, promove aquela incr\u00edvel sensa\u00e7\u00e3o de bem-estar que os surfistas conhecem bem.\u00a0<\/span><\/p>\n<p><span style=\"font-weight: 400;\">O contato com a \u00e1gua salgada tamb\u00e9m reduz alergias e auxilia no combate a depress\u00e3o, entre muitos outros benef\u00edcios para o corpo humano que voc\u00ea acompanha a seguir.<\/span><\/p>\n<p><img loading=\"lazy\" decoding=\"async\" class=\"alignnone wp-image-12162 size-large\" src=\"https:\/\/www.mormaii.com.br\/site\/wp-content\/uploads\/2020\/04\/saude-que-vem-do-mar-destino-azul-1024x768.jpg\" alt=\"\" width=\"710\" height=\"533\" srcset=\"https:\/\/www.mormaii.com.br\/site\/wp-content\/uploads\/2020\/04\/saude-que-vem-do-mar-destino-azul-1024x768.jpg 1024w, https:\/\/www.mormaii.com.br\/site\/wp-content\/uploads\/2020\/04\/saude-que-vem-do-mar-destino-azul-300x225.jpg 300w, https:\/\/www.mormaii.com.br\/site\/wp-content\/uploads\/2020\/04\/saude-que-vem-do-mar-destino-azul-768x576.jpg 768w, https:\/\/www.mormaii.com.br\/site\/wp-content\/uploads\/2020\/04\/saude-que-vem-do-mar-destino-azul.jpg 1200w\" sizes=\"(max-width: 710px) 100vw, 710px\" \/><\/p>\n<h3><span style=\"font-weight: 400;\">Potencializa o sistema imunol\u00f3gico\u00a0<\/span><\/h3>\n<p><span style=\"font-weight: 400;\">Um estudo recente realizado pela Universidade de Alicante, na Espanha<\/span><span style=\"font-weight: 400;\">, constatou que a \u00e1gua do mar refor\u00e7a o sistema imunol\u00f3gico do corpo.\u00a0<\/span><\/p>\n<p><span style=\"font-weight: 400;\">Al\u00e9m do cloreto de s\u00f3dio, outras diversas subst\u00e2ncias presentes na \u00e1gua salgada desenvolvem um funcionamento melhor das c\u00e9lulas.<\/span><\/p>\n<p><span style=\"font-weight: 400;\">O n\u00famero de gl\u00f3bulos vermelhos aumenta entre 5% e 20% ap\u00f3s um mergulho.\u00a0<\/span><\/p>\n<p><span style=\"font-weight: 400;\">Por isso, a \u00e1gua do mar \u00e9 um medicamento fant\u00e1stico para pessoas com um sistema imunol\u00f3gico enfraquecido, anemia ou altos n\u00edveis de a\u00e7\u00facar no sangue.\u00a0<\/span><\/p>\n<h3><span style=\"font-weight: 400;\">Combate stress, ansiedade e depress\u00e3o<\/span><\/h3>\n<p><span style=\"font-weight: 400;\">Devido \u00e0 sua composi\u00e7\u00e3o em magn\u00e9sio, que tem uma a\u00e7\u00e3o relaxante, a \u00e1gua do mar ajuda a aliviar a tens\u00e3o muscular, o estresse e a ansiedade.<\/span><\/p>\n<p><span style=\"font-weight: 400;\">Pessoas que vivem uma vida estressante s\u00e3o aconselhadas a ir \u00e0 praia para relaxar e usufruir das propriedades medicinais que compreendem todo seu ambiente.<\/span><\/p>\n<p><span style=\"font-weight: 400;\">Estudos indicam que as atividades esportivas na \u00e1gua s\u00e3o as mais ben\u00e9ficas para combater a depress\u00e3o.\u00a0<\/span><\/p>\n<p><span style=\"font-weight: 400;\">A pele \u00e9 o maior \u00f3rg\u00e3o do corpo humano e estima-se que seus in\u00fameros receptores sensitivos explicam o poder relaxante de um banho de mar, algo que podemos atestar pessoalmente.<\/span><\/p>\n<h3><span style=\"font-weight: 400;\">Vias respirat\u00f3rias<\/span><\/h3>\n<p><span style=\"font-weight: 400;\">Nada melhor do que curtir a brisa do mar e sentir aquele cheiro de praia, n\u00e3o \u00e9 mesmo?<\/span><\/p>\n<p><span style=\"font-weight: 400;\">Estudos do hospital Royal Prince Alfred, na Austr\u00e1lia<\/span><span style=\"font-weight: 400;\">, revelaram que a inala\u00e7\u00e3o da solu\u00e7\u00e3o de cloreto de s\u00f3dio alivia a press\u00e3o da sinusite, reduz a tosse e diminui o muco nasal.\u00a0<\/span><\/p>\n<p><span style=\"font-weight: 400;\">\u00c9 uma esp\u00e9cie de nebuliza\u00e7\u00e3o natural, pois como a \u00e1gua do mar \u00e9 altamente rica em minerais que ajudam a hidratar e fluidificar as mucosas, \u00e9 muito usada para aplica\u00e7\u00e3o nasal contra alergia, resfriados, gripes ou congest\u00e3o nasal.<\/span><\/p>\n<p><span style=\"font-weight: 400;\">J\u00e1 existem at\u00e9 dispositivos em spray que t\u00eam \u00e1gua do mar na sua composi\u00e7\u00e3o e podem ser comprados nas farm\u00e1cias.\u00a0<\/span><\/p>\n<p><span style=\"font-weight: 400;\">Por\u00e9m, a forma mais divertida e completa de desfrutar desses benef\u00edcios \u00e9 atrav\u00e9s de um bom mergulho, surf, kite ou outros esportes.<\/span><\/p>\n<h3><span style=\"font-weight: 400;\">Melhora a Pele<\/span><\/h3>\n<p><span style=\"font-weight: 400;\">Minerais como o s\u00f3dio, pot\u00e1ssio, iodo, zinco, sil\u00edcio e magn\u00e9sio, s\u00e3o muito importantes para a regenera\u00e7\u00e3o celular e a hidrata\u00e7\u00e3o da pele.\u00a0<\/span><\/p>\n<p><span style=\"font-weight: 400;\">Al\u00e9m disso, a \u00e1gua do mar tem uma a\u00e7\u00e3o desinfetante e antiss\u00e9ptica, muito eficaz no al\u00edvio dos sintomas da psor\u00edase e da acne, funcionando ainda como\u00a0<\/span><span style=\"font-weight: 400;\">um esfoliante natural, devido \u00e0 presen\u00e7a do sal.<\/span><\/p>\n<p><span style=\"font-weight: 400;\">As algas, ricas em prote\u00ednas, vitaminas e minerais, tamb\u00e9m contribuem para uma pele saud\u00e1vel.\u00a0<\/span><\/p>\n<h3><span style=\"font-weight: 400;\">Revigora o organismo\u00a0<\/span><\/h3>\n<p><span style=\"font-weight: 400;\">O contato com a \u00e1gua fria \u00e9 revigorante para o organismo, acelera os batimentos card\u00edacos, reduz a press\u00e3o arterial e desperta o sistema imunol\u00f3gico.\u00a0<\/span><\/p>\n<p><span style=\"font-weight: 400;\">A temperatura mais fria tamb\u00e9m atenua a sensa\u00e7\u00e3o de esfor\u00e7o f\u00edsico.\u00a0<\/span><\/p>\n<h3><span style=\"font-weight: 400;\">Auxilia a cicatriza\u00e7\u00e3o\u00a0<\/span><\/h3>\n<p><span style=\"font-weight: 400;\">A \u00e1gua do mar tem propriedades de cicatriza\u00e7\u00e3o, seja contra dermatite, feridas ou inflama\u00e7\u00f5es na pele, ela auxilia no al\u00edvio e no tratamento.\u00a0<\/span><\/p>\n<p><span style=\"font-weight: 400;\">Por ser rica em sais minerais, como o s\u00f3dio e o iodo, possui a\u00e7\u00f5es antiss\u00e9pticas e cicatrizantes na pele.<\/span><\/p>\n<h3><span style=\"font-weight: 400;\">Auxilia f\u00edgado e rins\u00a0<\/span><\/h3>\n<p><span style=\"font-weight: 400;\">Ajuda a combater problemas no f\u00edgado e nos rins, pois acelera o processo de regenera\u00e7\u00e3o celular, especialmente \u00e0queles danificados por doen\u00e7as como a cirrose.\u00a0<\/span><\/p>\n<p><span style=\"font-weight: 400;\">Tamb\u00e9m ajuda a eliminar o excesso de \u00e1gua acumulado no abd\u00f4men, que ocorre como consequ\u00eancia desta doen\u00e7a.<\/span><\/p>\n<h3><span style=\"font-weight: 400;\">Benef\u00edcios das profundezas do mar<\/span><\/h3>\n<p><span style=\"font-weight: 400;\">Composta por mais de uma centena de microminerais, a \u00e1gua do mar n\u00e3o \u00e9 s\u00f3 \u00e1gua e sal.\u00a0<\/span><\/p>\n<p><span style=\"font-weight: 400;\">\u00c9 uma bebida que re\u00fane um vasto leque de minerais e micronutrientes como o magn\u00e9sio, c\u00e1lcio, s\u00f3dio, pot\u00e1ssio e iodo.\u00a0<\/span><\/p>\n<p><span style=\"font-weight: 400;\">O teor varia segundo a origem, superf\u00edcie ou profundidade.\u00a0<\/span><\/p>\n<p><span style=\"font-weight: 400;\">A \u00e1gua obtida a mais de 200 metros de profundidade \u00e9 considerada uma vers\u00e3o mais pura, com mais nutrientes e menos bact\u00e9rias, por n\u00e3o receber radia\u00e7\u00e3o solar.\u00a0<\/span><\/p>\n<p><span style=\"font-weight: 400;\">\u00c9 o tipo de \u00e1gua mais usado em investiga\u00e7\u00f5es cient\u00edficas e, atualmente, j\u00e1 \u00e9 at\u00e9 comercializada em diversos pa\u00edses.\u00a0<\/span><\/p>\n<h3><span style=\"font-weight: 400;\">Sa\u00fade cardiovascular\u00a0<\/span><\/h3>\n<p><span style=\"font-weight: 400;\">Cientistas identificaram propriedades ben\u00e9ficas na \u00e1gua do mar para a sa\u00fade cardiovascular.\u00a0<\/span><\/p>\n<p><span style=\"font-weight: 400;\">Al\u00e9m de reduzir a press\u00e3o arterial, os microminerais previnem a acumula\u00e7\u00e3o de gordura nas art\u00e9rias.\u00a0<\/span><\/p>\n<p><span style=\"font-weight: 400;\">Considerada por muitos como uma aliada anti-envelhecimento, a \u00e1gua do mar tamb\u00e9m conta com a\u00e7\u00e3o antioxidante.\u00a0<\/span><\/p>\n<h3><span style=\"font-weight: 400;\">Melhora a circula\u00e7\u00e3o das pernas<\/span><\/h3>\n<p><span style=\"font-weight: 400;\">As ondas do mar batendo levemente nas pernas promovem a vasoconstri\u00e7\u00e3o e o aumento da oxigena\u00e7\u00e3o de tecidos, o que melhora a circula\u00e7\u00e3o sangu\u00ednea, reduzindo o incha\u00e7o caracter\u00edstico das pernas pesadas, um est\u00edmulo e uma massagem relaxante.<\/span><\/p>\n<p><span style=\"font-weight: 400;\">Caminhar na \u00e1gua \u00e9 um poderoso exerc\u00edcio para os membros inferiores, pois ativa a funcionalidade das veias, aliviando a sensa\u00e7\u00e3o de \u201cpernas pesadas\u201d.\u00a0<\/span><\/p>\n<h3><span style=\"font-weight: 400;\">Energias positivas<\/span><\/h3>\n<p><span style=\"font-weight: 400;\">N\u00e3o \u00e9 mist\u00e9rio pra ningu\u00e9m que o sal \u00e9 capaz de restaurar as energias e diminuir a carga negativa do corpo, <\/span><span style=\"font-weight: 400;\">auxiliando no rejuvenescimento celular e equilibrando as rea\u00e7\u00f5es bioqu\u00edmicas.<\/span><\/p>\n<div id=\"attachment_12161\" style=\"width: 720px\" class=\"wp-caption alignnone\"><img loading=\"lazy\" decoding=\"async\" aria-describedby=\"caption-attachment-12161\" class=\"wp-image-12161 size-large\" src=\"https:\/\/www.mormaii.com.br\/site\/wp-content\/uploads\/2020\/04\/saude-que-vem-do-mar-james-thisted-3-1024x683.jpg\" alt=\"\" width=\"710\" height=\"474\" srcset=\"https:\/\/www.mormaii.com.br\/site\/wp-content\/uploads\/2020\/04\/saude-que-vem-do-mar-james-thisted-3-1024x683.jpg 1024w, https:\/\/www.mormaii.com.br\/site\/wp-content\/uploads\/2020\/04\/saude-que-vem-do-mar-james-thisted-3-300x200.jpg 300w, https:\/\/www.mormaii.com.br\/site\/wp-content\/uploads\/2020\/04\/saude-que-vem-do-mar-james-thisted-3-768x512.jpg 768w, https:\/\/www.mormaii.com.br\/site\/wp-content\/uploads\/2020\/04\/saude-que-vem-do-mar-james-thisted-3-1170x780.jpg 1170w, https:\/\/www.mormaii.com.br\/site\/wp-content\/uploads\/2020\/04\/saude-que-vem-do-mar-james-thisted-3.jpg 1200w\" sizes=\"(max-width: 710px) 100vw, 710px\" \/><p id=\"caption-attachment-12161\" class=\"wp-caption-text\">Foto: James Thisted<\/p><\/div>\n<h3><span style=\"font-weight: 400;\">O Mar e os 4 sentidos<\/span><\/h3>\n<p>As ondas dos oceanos, segundo a pesquisa do projeto <a href=\"https:\/\/bluehealth2020.eu\/\" target=\"_blank\" rel=\"noopener\">BlueHealth<\/a>, criam \u00edons negativos que, absorvidos, promovem altera\u00e7\u00f5es moleculares no corpo, gerando sensa\u00e7\u00e3o de paz e equil\u00edbrio.<\/p>\n<p>Eles ainda s\u00e3o capazes de regular os n\u00edveis de serotonina, subst\u00e2ncia qu\u00edmica respons\u00e1vel pela melhora do humor e pela redu\u00e7\u00e3o da ansiedade.<\/p>\n<p>Foi constatado tamb\u00e9m que o cortisol, o horm\u00f4nio do estresse, tamb\u00e9m tem seus n\u00edveis reduzidos com o barulho das ondas do mar, que tem padr\u00f5es de volume e frequ\u00eancia harm\u00f4nicos e relaxantes.<\/p>\n<p>Al\u00e9m disso, o som gerado pelo mar pode nos remeter aos ru\u00eddos que ouvimos quando estamos na barriga de nossas m\u00e3es, o que provocaria grande impacto emocional inconsciente no que diz respeito a prote\u00e7\u00e3o e seguran\u00e7a.<\/p>\n<p>At\u00e9 mesmo visualmente o mar \u00e9 capaz de transmitir calma e sensa\u00e7\u00e3o de seguran\u00e7a, uma vez que sua superf\u00edcie plana transmite estabilidade, afastando a preocupa\u00e7\u00e3o e o estresse causados pela imprevisibilidade do ambiente.<\/p>\n<p>Por isso, separamos qautro maneiras que o mar atinge nossos sentidos.<\/p>\n<div id=\"attachment_12166\" style=\"width: 720px\" class=\"wp-caption alignnone\"><img loading=\"lazy\" decoding=\"async\" aria-describedby=\"caption-attachment-12166\" class=\"wp-image-12166 size-large\" src=\"https:\/\/www.mormaii.com.br\/site\/wp-content\/uploads\/2020\/04\/saude-que-vem-do-mar-sebastian-rojas-_-2-1024x683.jpg\" alt=\"\" width=\"710\" height=\"474\" srcset=\"https:\/\/www.mormaii.com.br\/site\/wp-content\/uploads\/2020\/04\/saude-que-vem-do-mar-sebastian-rojas-_-2-1024x683.jpg 1024w, https:\/\/www.mormaii.com.br\/site\/wp-content\/uploads\/2020\/04\/saude-que-vem-do-mar-sebastian-rojas-_-2-300x200.jpg 300w, https:\/\/www.mormaii.com.br\/site\/wp-content\/uploads\/2020\/04\/saude-que-vem-do-mar-sebastian-rojas-_-2-768x512.jpg 768w, https:\/\/www.mormaii.com.br\/site\/wp-content\/uploads\/2020\/04\/saude-que-vem-do-mar-sebastian-rojas-_-2-1170x780.jpg 1170w\" sizes=\"(max-width: 710px) 100vw, 710px\" \/><p id=\"caption-attachment-12166\" class=\"wp-caption-text\">Foto: Sebastian Rojas<\/p><\/div>\n<h3><span style=\"font-weight: 400;\">Vista do mar<\/span><\/h3>\n<p><span style=\"font-weight: 400;\">Morar perto do mar ajuda a reduzir o estresse e induz a uma melhor qualidade de vida.\u00a0<\/span><\/p>\n<p><span style=\"font-weight: 400;\">Uma investiga\u00e7\u00e3o<\/span><span style=\"font-weight: 400;\"> da Universidade Estadual de Michigan, usou dados de topografia de Wellington, Nova Zel\u00e2ndia, para estudar a visibilidade de espa\u00e7os azuis de locais residenciais.\u00a0<\/span><\/p>\n<p><span style=\"font-weight: 400;\">O estudo tamb\u00e9m mostrou que a cor do mar pode ajudar a diminuir estresses psicol\u00f3gicos.<\/span><\/p>\n<div id=\"attachment_12167\" style=\"width: 720px\" class=\"wp-caption alignnone\"><img loading=\"lazy\" decoding=\"async\" aria-describedby=\"caption-attachment-12167\" class=\"wp-image-12167 size-large\" src=\"https:\/\/www.mormaii.com.br\/site\/wp-content\/uploads\/2020\/04\/saude-que-vem-do-mar-sebastian-rojas-_-3-1024x689.jpg\" alt=\"\" width=\"710\" height=\"478\" srcset=\"https:\/\/www.mormaii.com.br\/site\/wp-content\/uploads\/2020\/04\/saude-que-vem-do-mar-sebastian-rojas-_-3-1024x689.jpg 1024w, https:\/\/www.mormaii.com.br\/site\/wp-content\/uploads\/2020\/04\/saude-que-vem-do-mar-sebastian-rojas-_-3-300x202.jpg 300w, https:\/\/www.mormaii.com.br\/site\/wp-content\/uploads\/2020\/04\/saude-que-vem-do-mar-sebastian-rojas-_-3-768x517.jpg 768w\" sizes=\"(max-width: 710px) 100vw, 710px\" \/><p id=\"caption-attachment-12167\" class=\"wp-caption-text\">Foto: Sebastian Rojas<\/p><\/div>\n<h3><span style=\"font-weight: 400;\">Som do mar<\/span><\/h3>\n<p><span style=\"font-weight: 400;\">A raz\u00e3o pela qual as praias t\u00eam um efeito t\u00e3o calmante sobre n\u00f3s pode ser por causa do som das ondas.\u00a0<\/span><\/p>\n<p><span style=\"font-weight: 400;\">Os sons mais relaxantes e agrad\u00e1veis de ouvir s\u00e3o aqueles que t\u00eam padr\u00f5es de ondas previs\u00edveis.\u00a0<\/span><\/p>\n<p><span style=\"font-weight: 400;\">O som tamb\u00e9m deve ser suave em volumes e frequ\u00eancias harm\u00f4nicas, em intervalos regulares.\u00a0<\/span><\/p>\n<p><span style=\"font-weight: 400;\">O som do mar pode ter um efeito ainda mais profundo no emocional, de acordo com a neurocientista Shelley Batts.\u00a0<\/span><\/p>\n<p><span style=\"font-weight: 400;\">O ru\u00eddo do oceano provavelmente desencadeia mem\u00f3rias profundas ou sensa\u00e7\u00f5es de relaxamento e seguran\u00e7a.\u00a0<\/span><\/p>\n<p><span style=\"font-weight: 400;\">Algumas pessoas podem at\u00e9 dizer que recordam o \u00fatero e os batimentos card\u00edacos de sua m\u00e3e.\u00a0<\/span><\/p>\n<p><span style=\"font-weight: 400;\">Por isso, os sons do mar s\u00e3o muito positivos para o nosso bem-estar emocional.\u00a0<\/span><\/p>\n<p><span style=\"font-weight: 400;\">Um estudo de cientistas participantes do projeto BlueHealth mostrou que os sons do mar estimulam o c\u00f3rtex pr\u00e9-frontal do c\u00e9rebro.<\/span><\/p>\n<p><span style=\"font-weight: 400;\">Essa \u00e1rea \u00e9 a respons\u00e1vel por nossas emo\u00e7\u00f5es e reflex\u00e3o pessoal, melhorando a autoconsci\u00eancia e o bem-estar emocional.<\/span><\/p>\n<div id=\"attachment_12164\" style=\"width: 720px\" class=\"wp-caption alignnone\"><img loading=\"lazy\" decoding=\"async\" aria-describedby=\"caption-attachment-12164\" class=\"wp-image-12164 size-large\" src=\"https:\/\/www.mormaii.com.br\/site\/wp-content\/uploads\/2020\/04\/saude-que-vem-do-mar-carlos-carpinelli-5-1024x682.jpg\" alt=\"\" width=\"710\" height=\"473\" srcset=\"https:\/\/www.mormaii.com.br\/site\/wp-content\/uploads\/2020\/04\/saude-que-vem-do-mar-carlos-carpinelli-5-1024x682.jpg 1024w, https:\/\/www.mormaii.com.br\/site\/wp-content\/uploads\/2020\/04\/saude-que-vem-do-mar-carlos-carpinelli-5-300x200.jpg 300w, https:\/\/www.mormaii.com.br\/site\/wp-content\/uploads\/2020\/04\/saude-que-vem-do-mar-carlos-carpinelli-5-768x512.jpg 768w, https:\/\/www.mormaii.com.br\/site\/wp-content\/uploads\/2020\/04\/saude-que-vem-do-mar-carlos-carpinelli-5.jpg 1100w\" sizes=\"(max-width: 710px) 100vw, 710px\" \/><p id=\"caption-attachment-12164\" class=\"wp-caption-text\">Foto: Carlos Carpinelli<\/p><\/div>\n<h3><span style=\"font-weight: 400;\">Toque da maresia<\/span><\/h3>\n<p><span style=\"font-weight: 400;\">A sensa\u00e7\u00e3o de paz que temos na praia pode ser um resultado de altera\u00e7\u00f5es moleculares em nossos corpos.\u00a0<\/span><\/p>\n<p><span style=\"font-weight: 400;\">As ondas do oceano produzem \u00edons negativos, que aceleram a capacidade do nosso corpo de absorver oxig\u00eanio.\u00a0<\/span><\/p>\n<p><span style=\"font-weight: 400;\">Eles tamb\u00e9m equilibram os n\u00edveis de serotonina; uma subst\u00e2ncia qu\u00edmica produzida pelo organismo que est\u00e1 relacionada com o humor e o stress.\u00a0<\/span><\/p>\n<p><span style=\"font-weight: 400;\">Esta \u00e9 uma das raz\u00f5es pelas quais o fato de se estar em contato com a maresia \u00e9 associado pelos cientistas \u00e0 energia mental positiva e uma sensa\u00e7\u00e3o geral de sa\u00fade e bem-estar.\u00a0<\/span><\/p>\n<div id=\"attachment_12168\" style=\"width: 720px\" class=\"wp-caption alignnone\"><img loading=\"lazy\" decoding=\"async\" aria-describedby=\"caption-attachment-12168\" class=\"wp-image-12168 size-large\" src=\"https:\/\/www.mormaii.com.br\/site\/wp-content\/uploads\/2020\/04\/saude-que-vem-do-mar-sebastian-rojas-_-4-1024x661.jpg\" alt=\"\" width=\"710\" height=\"458\" srcset=\"https:\/\/www.mormaii.com.br\/site\/wp-content\/uploads\/2020\/04\/saude-que-vem-do-mar-sebastian-rojas-_-4-1024x661.jpg 1024w, https:\/\/www.mormaii.com.br\/site\/wp-content\/uploads\/2020\/04\/saude-que-vem-do-mar-sebastian-rojas-_-4-300x194.jpg 300w, https:\/\/www.mormaii.com.br\/site\/wp-content\/uploads\/2020\/04\/saude-que-vem-do-mar-sebastian-rojas-_-4-768x496.jpg 768w\" sizes=\"(max-width: 710px) 100vw, 710px\" \/><p id=\"caption-attachment-12168\" class=\"wp-caption-text\">Foto: Sebastian Rojas<\/p><\/div>\n<h3><span style=\"font-weight: 400;\">Cheiro de mar<\/span><\/h3>\n<p><span style=\"font-weight: 400;\">Voc\u00ea sabia que o\u00a0 cheiro de mar caracter\u00edstico que voc\u00ea sente quando est\u00e1 na praia n\u00e3o \u00e9 da \u00e1gua do mar, nem dos peixes?<\/span><\/p>\n<p><span style=\"font-weight: 400;\">Os culpados s\u00e3o fitopl\u00e2nctons e algas marinhas que possuem um papel t\u00e3o importante na sa\u00fade dos oceanos que, consequentemente, s\u00e3o os respons\u00e1veis por tornar o planeta Terra habit\u00e1vel para os humanos.<\/span><\/p>\n<p><a href=\"https:\/\/www.mormaiishop.com.br\/camiseta-uv?utm_source=site-oficial&amp;utm_medium=oficial-banner-cross-midia-camiseta-uv&amp;utm_campaign=banner-cross-midia-camiseta-uv&amp;utm_content=camiseta-uv\" target=\"_blank\" rel=\"noopener\"><img loading=\"lazy\" decoding=\"async\" class=\" wp-image-55833 alignleft\" src=\"https:\/\/www.mormaii.com.br\/site\/wp-content\/uploads\/2020\/04\/BANNER-NOTICIAS-1024x323_UV.jpg\" alt=\"\" width=\"672\" height=\"182\" \/><\/a><\/p>\n","protected":false},"excerpt":{"rendered":"<p>Os benef\u00edcios da \u00e1gua do mar para a sa\u00fade Se tem uma coisa que todo surfista e demais praticantes de esportes mar\u00edtimos sabem \u00e9 que o mar nos conecta a algo maior, melhora a disposi\u00e7\u00e3o e nos faz refletir sobre a vida. No entanto, seus benef\u00edcios v\u00e3o ainda mais al\u00e9m. Ele traz felicidade, qualidade de [&hellip;]<\/p>\n","protected":false},"author":5,"featured_media":12165,"comment_status":"closed","ping_status":"closed","sticky":false,"template":"","format":"standard","meta":{"_uag_custom_page_level_css":"","_mi_skip_tracking":false,"footnotes":""},"categories":[914],"tags":[],"class_list":["post-12154","post","type-post","status-publish","format-standard","has-post-thumbnail","hentry","category-mormaii"],"acf":[],"uagb_featured_image_src":{"full":["https:\/\/www.mormaii.com.br\/site\/wp-content\/uploads\/2020\/04\/saude-que-vem-do-mar-sebastian-rojas-_-1.jpg",4896,3264,false],"thumbnail":["https:\/\/www.mormaii.com.br\/site\/wp-content\/uploads\/2020\/04\/saude-que-vem-do-mar-sebastian-rojas-_-1-150x150.jpg",150,150,true],"medium":["https:\/\/www.mormaii.com.br\/site\/wp-content\/uploads\/2020\/04\/saude-que-vem-do-mar-sebastian-rojas-_-1-300x200.jpg",300,200,true],"medium_large":["https:\/\/www.mormaii.com.br\/site\/wp-content\/uploads\/2020\/04\/saude-que-vem-do-mar-sebastian-rojas-_-1-768x512.jpg",768,512,true],"large":["https:\/\/www.mormaii.com.br\/site\/wp-content\/uploads\/2020\/04\/saude-que-vem-do-mar-sebastian-rojas-_-1-1024x683.jpg",1024,683,true],"1536x1536":["https:\/\/www.mormaii.com.br\/site\/wp-content\/uploads\/2020\/04\/saude-que-vem-do-mar-sebastian-rojas-_-1.jpg",1536,1024,false],"2048x2048":["https:\/\/www.mormaii.com.br\/site\/wp-content\/uploads\/2020\/04\/saude-que-vem-do-mar-sebastian-rojas-_-1.jpg",2048,1365,false],"qi_addons_for_elementor_image_size_square":["https:\/\/www.mormaii.com.br\/site\/wp-content\/uploads\/2020\/04\/saude-que-vem-do-mar-sebastian-rojas-_-1.jpg",650,433,false],"qi_addons_for_elementor_image_size_landscape":["https:\/\/www.mormaii.com.br\/site\/wp-content\/uploads\/2020\/04\/saude-que-vem-do-mar-sebastian-rojas-_-1.jpg",975,650,false],"qi_addons_for_elementor_image_size_portrait":["https:\/\/www.mormaii.com.br\/site\/wp-content\/uploads\/2020\/04\/saude-que-vem-do-mar-sebastian-rojas-_-1.jpg",650,433,false],"qi_addons_for_elementor_image_size_huge-square":["https:\/\/www.mormaii.com.br\/site\/wp-content\/uploads\/2020\/04\/saude-que-vem-do-mar-sebastian-rojas-_-1.jpg",1300,867,false]},"uagb_author_info":{"display_name":"Tissot","author_link":"https:\/\/www.mormaii.com.br\/site\/author\/fabiano\/"},"uagb_comment_info":0,"uagb_excerpt":"Os benef\u00edcios da \u00e1gua do mar para a sa\u00fade Se tem uma coisa que todo surfista e demais praticantes de esportes mar\u00edtimos sabem \u00e9 que o mar nos conecta a algo maior, melhora a disposi\u00e7\u00e3o e nos faz refletir sobre a vida. No entanto, seus benef\u00edcios v\u00e3o ainda mais al\u00e9m. Ele traz felicidade, qualidade de&hellip;","_links":{"self":[{"href":"https:\/\/www.mormaii.com.br\/site\/wp-json\/wp\/v2\/posts\/12154"}],"collection":[{"href":"https:\/\/www.mormaii.com.br\/site\/wp-json\/wp\/v2\/posts"}],"about":[{"href":"https:\/\/www.mormaii.com.br\/site\/wp-json\/wp\/v2\/types\/post"}],"author":[{"embeddable":true,"href":"https:\/\/www.mormaii.com.br\/site\/wp-json\/wp\/v2\/users\/5"}],"replies":[{"embeddable":true,"href":"https:\/\/www.mormaii.com.br\/site\/wp-json\/wp\/v2\/comments?post=12154"}],"version-history":[{"count":17,"href":"https:\/\/www.mormaii.com.br\/site\/wp-json\/wp\/v2\/posts\/12154\/revisions"}],"predecessor-version":[{"id":55836,"href":"https:\/\/www.mormaii.com.br\/site\/wp-json\/wp\/v2\/posts\/12154\/revisions\/55836"}],"wp:featuredmedia":[{"embeddable":true,"href":"https:\/\/www.mormaii.com.br\/site\/wp-json\/wp\/v2\/media\/12165"}],"wp:attachment":[{"href":"https:\/\/www.mormaii.com.br\/site\/wp-json\/wp\/v2\/media?parent=12154"}],"wp:term":[{"taxonomy":"category","embeddable":true,"href":"https:\/\/www.mormaii.com.br\/site\/wp-json\/wp\/v2\/categories?post=12154"},{"taxonomy":"post_tag","embeddable":true,"href":"https:\/\/www.mormaii.com.br\/site\/wp-json\/wp\/v2\/tags?post=12154"}],"curies":[{"name":"wp","href":"https:\/\/api.w.org\/{rel}","templated":true}]}}