{"id":12252,"date":"2020-06-03T09:48:22","date_gmt":"2020-06-03T12:48:22","guid":{"rendered":"https:\/\/www.mormaii.com.br\/site\/?p=12252"},"modified":"2022-06-10T09:50:40","modified_gmt":"2022-06-10T12:50:40","slug":"maria-do-sol","status":"publish","type":"post","link":"https:\/\/www.mormaii.com.br\/site\/maria-do-sol\/","title":{"rendered":"Voc\u00ea \u00e9 maior do que pensa, por Maria do Sol"},"content":{"rendered":"<p><iframe loading=\"lazy\" src=\"https:\/\/www.youtube.com\/embed\/cNQA0tZn88c\" width=\"560\" height=\"315\" frameborder=\"0\" allowfullscreen=\"allowfullscreen\"><\/iframe><\/p>\n<h5>A nossa amiga e parceira Maria do Sol veio contribuir com a Onda do Bem e nos trouxe um depoimento inspirador.<\/h5>\n<p>Ela fala de supera\u00e7\u00e3o.<\/p>\n<p>Maria do Sol \u00e9 paratleta, biamputada e vice-campe\u00e3 brasileira de remo.<\/p>\n<p>\u00c9 m\u00e3e de 5 filhas e atua como palestrante, escritora, coach e digital influencer.<\/p>\n<p>Vale apena refletir sobre esse tema com ela.<\/p>\n<h3>Voc\u00ea \u00e9 maior do que pensa<\/h3>\n<p>Sabe aquela frase \u201cVoc\u00ea n\u00e3o sabe o quanto \u00e9 forte, at\u00e9 que ser forte seja a sua \u00fanica op\u00e7\u00e3o.\u201d<\/p>\n<p>Aquele que busca vencer um desafio, superar algo que parece imposs\u00edvel ou grandioso, vai precisar ultrapassar esse limite pessoal, sem certeza do resultado.<\/p>\n<p>Os big wave riders sabem o que \u00e9 isso: aquela onda que pode te matar e, mesmo tendo se preparado por anos, \u00e9 preciso entrega e f\u00e9, confiar na vida, pois viver ou morrer est\u00e3o ali.<\/p>\n<p>E \u00e9 a\u00ed que voc\u00ea aprende que pode expandir seus limites, que isso \u00e9 viver, correr riscos, enfrentar os medos e ter f\u00e9, entrega.<\/p>\n<p>Uma outra dimens\u00e3o de si mesmo recodifica seu DNA, pensamento e vis\u00e3o da vida.<\/p>\n<p>Segundo o professor Mihaly C., o estado de flow \u00e9 encontrado quando temos alto n\u00edvel de desafio com alto n\u00edvel de habilidade.<\/p>\n<p>Mas quando temos muita habilidade e pouco desafio, sentimos t\u00e9dio, paramos de crescer e sentir a vida pulsar e, por outro lado, se temos muito desafio e pouca habilidade, n\u00e3o conseguimos sentir entrega, apenas tens\u00e3o, stress e medo.<\/p>\n<p>\u00c9 como se o segredo da felicidade, da energia pulsando na veia, fosse uma vida na qual voc\u00ea sempre se sinta desafiado e crescendo ao mesmo tempo.<\/p>\n<p>O que nos leva \u00e0 conclus\u00e3o de que tudo o que te tranquiliza, acaba te afastando do sucesso que tanto procura.<\/p>\n<p>Apenas a crise, o problema, a incerteza e a inconst\u00e2ncia fazem com que eu produza mais.<\/p>\n<p>Eu perdi meus 2 p\u00e9s ainda crian\u00e7a e aprendi a surfar as ondas da dificuldade, superando cada desafio e encontrando um caminho, um jeito, uma possibilidade onde muitos enxergam o fim.<\/p>\n<p>E, para isso, precisei treinar minha coragem e conhecer a mim mesma.<\/p>\n<p>E s\u00f3 assim voc\u00ea pode estar ao seu lado e descobrir quem voc\u00ea \u00e9 e onde pode chegar.<\/p>\n<p>Voc\u00ea n\u00e3o sabe at\u00e9 tentar.<\/p>\n<p>Escolha acreditar em algo melhor, treine-se como voc\u00ea treina seu m\u00fasculo, afinal, sua mente \u00e9 mold\u00e1vel.<\/p>\n<p>E aproveite a quarentena para fazer este mergulho profundo, essa poda para que os bons frutos ven\u00e7am e voc\u00ea supere seu maior desafio: voc\u00ea mesmo!<\/p>\n<p>Eu acredito em voc\u00ea, fa\u00e7a sua luz brilhar!<\/p>\n<p><a href=\"https:\/\/youtu.be\/DBwPlR5tWQ4\" target=\"_blank\" rel=\"noopener\">Clique aqui e assista ao v\u00eddeo.<\/a><\/p>\n<p>Se voc\u00ea gostou do conte\u00fado da nossa amiga Maria do Sol, siga suas redes sociais:<\/p>\n<p>Website: https:\/\/www.mariadosol.com<br \/>\nYouTube: https:\/\/bit.ly\/2XepfmZ<br \/>\nInstagram: https:\/\/bit.ly\/2XFaQPY<br \/>\nTikTok: https:\/\/bit.ly\/2zHeXTx<br \/>\nTwitter: https:\/\/bit.ly\/3dfH0Ib<br \/>\nFacebook: encurtador.com.br\/koGX3<\/p>\n","protected":false},"excerpt":{"rendered":"<p>A nossa amiga e parceira Maria do Sol veio contribuir com a Onda do Bem e nos trouxe um depoimento inspirador. Ela fala de supera\u00e7\u00e3o. Maria do Sol \u00e9 paratleta, biamputada e vice-campe\u00e3 brasileira de remo. \u00c9 m\u00e3e de 5 filhas e atua como palestrante, escritora, coach e digital influencer. Vale apena refletir sobre esse [&hellip;]<\/p>\n","protected":false},"author":5,"featured_media":12253,"comment_status":"closed","ping_status":"closed","sticky":false,"template":"","format":"standard","meta":{"_uag_custom_page_level_css":"","_mi_skip_tracking":false,"footnotes":""},"categories":[914],"tags":[889],"class_list":["post-12252","post","type-post","status-publish","format-standard","has-post-thumbnail","hentry","category-mormaii","tag-onda-do-bem"],"acf":[],"uagb_featured_image_src":{"full":["https:\/\/www.mormaii.com.br\/site\/wp-content\/uploads\/2020\/06\/maria-do-sol.jpg",1338,654,false],"thumbnail":["https:\/\/www.mormaii.com.br\/site\/wp-content\/uploads\/2020\/06\/maria-do-sol-150x150.jpg",150,150,true],"medium":["https:\/\/www.mormaii.com.br\/site\/wp-content\/uploads\/2020\/06\/maria-do-sol-300x147.jpg",300,147,true],"medium_large":["https:\/\/www.mormaii.com.br\/site\/wp-content\/uploads\/2020\/06\/maria-do-sol-768x375.jpg",768,375,true],"large":["https:\/\/www.mormaii.com.br\/site\/wp-content\/uploads\/2020\/06\/maria-do-sol-1024x501.jpg",1024,501,true],"1536x1536":["https:\/\/www.mormaii.com.br\/site\/wp-content\/uploads\/2020\/06\/maria-do-sol.jpg",1338,654,false],"2048x2048":["https:\/\/www.mormaii.com.br\/site\/wp-content\/uploads\/2020\/06\/maria-do-sol.jpg",1338,654,false],"qi_addons_for_elementor_image_size_square":["https:\/\/www.mormaii.com.br\/site\/wp-content\/uploads\/2020\/06\/maria-do-sol.jpg",650,318,false],"qi_addons_for_elementor_image_size_landscape":["https:\/\/www.mormaii.com.br\/site\/wp-content\/uploads\/2020\/06\/maria-do-sol.jpg",1300,635,false],"qi_addons_for_elementor_image_size_portrait":["https:\/\/www.mormaii.com.br\/site\/wp-content\/uploads\/2020\/06\/maria-do-sol.jpg",650,318,false],"qi_addons_for_elementor_image_size_huge-square":["https:\/\/www.mormaii.com.br\/site\/wp-content\/uploads\/2020\/06\/maria-do-sol.jpg",1300,635,false]},"uagb_author_info":{"display_name":"Tissot","author_link":"https:\/\/www.mormaii.com.br\/site\/author\/fabiano\/"},"uagb_comment_info":0,"uagb_excerpt":"A nossa amiga e parceira Maria do Sol veio contribuir com a Onda do Bem e nos trouxe um depoimento inspirador. Ela fala de supera\u00e7\u00e3o. Maria do Sol \u00e9 paratleta, biamputada e vice-campe\u00e3 brasileira de remo. \u00c9 m\u00e3e de 5 filhas e atua como palestrante, escritora, coach e digital influencer. Vale apena refletir sobre esse&hellip;","_links":{"self":[{"href":"https:\/\/www.mormaii.com.br\/site\/wp-json\/wp\/v2\/posts\/12252"}],"collection":[{"href":"https:\/\/www.mormaii.com.br\/site\/wp-json\/wp\/v2\/posts"}],"about":[{"href":"https:\/\/www.mormaii.com.br\/site\/wp-json\/wp\/v2\/types\/post"}],"author":[{"embeddable":true,"href":"https:\/\/www.mormaii.com.br\/site\/wp-json\/wp\/v2\/users\/5"}],"replies":[{"embeddable":true,"href":"https:\/\/www.mormaii.com.br\/site\/wp-json\/wp\/v2\/comments?post=12252"}],"version-history":[{"count":8,"href":"https:\/\/www.mormaii.com.br\/site\/wp-json\/wp\/v2\/posts\/12252\/revisions"}],"predecessor-version":[{"id":12275,"href":"https:\/\/www.mormaii.com.br\/site\/wp-json\/wp\/v2\/posts\/12252\/revisions\/12275"}],"wp:featuredmedia":[{"embeddable":true,"href":"https:\/\/www.mormaii.com.br\/site\/wp-json\/wp\/v2\/media\/12253"}],"wp:attachment":[{"href":"https:\/\/www.mormaii.com.br\/site\/wp-json\/wp\/v2\/media?parent=12252"}],"wp:term":[{"taxonomy":"category","embeddable":true,"href":"https:\/\/www.mormaii.com.br\/site\/wp-json\/wp\/v2\/categories?post=12252"},{"taxonomy":"post_tag","embeddable":true,"href":"https:\/\/www.mormaii.com.br\/site\/wp-json\/wp\/v2\/tags?post=12252"}],"curies":[{"name":"wp","href":"https:\/\/api.w.org\/{rel}","templated":true}]}}