{"id":1236,"date":"2016-04-04T13:33:38","date_gmt":"2016-04-04T13:33:38","guid":{"rendered":"http:\/\/www.mormaii.com.br\/site\/?p=1236"},"modified":"2022-06-10T10:50:53","modified_gmt":"2022-06-10T13:50:53","slug":"noticiasallan-do-carmo-or-vitoria-inesquecivel","status":"publish","type":"post","link":"https:\/\/www.mormaii.com.br\/site\/noticiasallan-do-carmo-or-vitoria-inesquecivel\/","title":{"rendered":"Allan do Carmo | Vit\u00f3ria Inesquec\u00edvel"},"content":{"rendered":"<p><\/p>\n<div id=\"attachment_53960\" class=\"wp-caption aligncenter\"><a href=\"http:\/\/images.mormaii.com.br\/wp-content\/uploads\/allan-mormaii-11.jpg\"><img loading=\"lazy\" decoding=\"async\" data-fr-image-pasted=\"true\" class=\"size-full wp-image-53960 fr-fin\" title=\"Rei do Mar 2014 | Foto: Divulga\u00e7\u00e3o Rei e Rainha do Mar\" src=\"http:\/\/images.mormaii.com.br\/wp-content\/uploads\/allan-mormaii-11.jpg\" alt=\"Rei do Mar 2014 | Foto: Divulga\u00e7\u00e3o Rei e Rainha do Mar\" width=\"600\" height=\"400\"><\/a><\/p>\n<p class=\"wp-caption-text\">Rei do Mar 2014 | Foto: Divulga\u00e7\u00e3o Rei e Rainha do Mar<\/p>\n<\/div>\n<p>Quem acompanhou o&nbsp;<a href=\"http:\/\/www.mormaii.com.br\/noticias\/2014\/12\/allan-do-carmo-e-o-rei-do-mar-2014\/#ad-image-0\" target=\"_blank\" rel=\"noopener\">Rei e Rainha do Mar<\/a>&nbsp;pela televis\u00e3o nessa manh\u00e3 de domingo (14\/12) vibrou muito e pode at\u00e9 amenizar a saudade de uma era inesquec\u00edvel para o esporte brasileiro.<\/p>\n<p>A alegria dos bons tempos das corridas automobil\u00edsticas foram revividas com a chegada emocionante de&nbsp;<a href=\"http:\/\/www.mormaii.com.br\/author\/alandocarmo\/\" target=\"_blank\" rel=\"noopener\">Allan do Carmo<\/a>, atual campe\u00e3o mundial de maratonas aqu\u00e1ticas, nas areias de Copacabana.<\/p>\n<p>O baiano virou a curva por fora na \u00faltima b\u00f3ia, acelerou na reta final, ultrapassou o americano, pisou fundo e fechou todos os espa\u00e7os para evitar a ultrapassagem.<\/p>\n<p>Manobra digna dos pilotos mais arrojados que garantiu a coroa de Rei e Rainha do Mar 2014 para a dupla Allan do Carmo e Ana Marcela.<\/p>\n<p>Uma vit\u00f3ria inesquec\u00edvel que relembrou os bons tempos das manh\u00e3s de domingo, levando emo\u00e7\u00e3o e alegria para a casa dos brasileiros.<\/p>\n","protected":false},"excerpt":{"rendered":"<p>Rei do Mar 2014 | Foto: Divulga\u00e7\u00e3o Rei e Rainha do Mar Quem acompanhou o&nbsp;Rei e Rainha do Mar&nbsp;pela televis\u00e3o nessa manh\u00e3 de domingo (14\/12) vibrou muito e pode at\u00e9 amenizar a saudade de uma era inesquec\u00edvel para o esporte brasileiro. A alegria dos bons tempos das corridas automobil\u00edsticas foram revividas com a chegada emocionante [&hellip;]<\/p>\n","protected":false},"author":3,"featured_media":1237,"comment_status":"open","ping_status":"open","sticky":false,"template":"","format":"standard","meta":{"_uag_custom_page_level_css":"","_mi_skip_tracking":false,"footnotes":""},"categories":[914,7],"tags":[],"class_list":["post-1236","post","type-post","status-publish","format-standard","has-post-thumbnail","hentry","category-mormaii","category-novidades"],"acf":[],"uagb_featured_image_src":{"full":["https:\/\/www.mormaii.com.br\/site\/wp-content\/uploads\/2017\/06\/776664f2f682ba0947d6.jpg",1600,959,false],"thumbnail":["https:\/\/www.mormaii.com.br\/site\/wp-content\/uploads\/2017\/06\/776664f2f682ba0947d6-150x150.jpg",150,150,true],"medium":["https:\/\/www.mormaii.com.br\/site\/wp-content\/uploads\/2017\/06\/776664f2f682ba0947d6-300x180.jpg",300,180,true],"medium_large":["https:\/\/www.mormaii.com.br\/site\/wp-content\/uploads\/2017\/06\/776664f2f682ba0947d6-768x460.jpg",768,460,true],"large":["https:\/\/www.mormaii.com.br\/site\/wp-content\/uploads\/2017\/06\/776664f2f682ba0947d6-1024x614.jpg",1024,614,true],"1536x1536":["https:\/\/www.mormaii.com.br\/site\/wp-content\/uploads\/2017\/06\/776664f2f682ba0947d6.jpg",1536,921,false],"2048x2048":["https:\/\/www.mormaii.com.br\/site\/wp-content\/uploads\/2017\/06\/776664f2f682ba0947d6.jpg",1600,959,false],"qi_addons_for_elementor_image_size_square":["https:\/\/www.mormaii.com.br\/site\/wp-content\/uploads\/2017\/06\/776664f2f682ba0947d6.jpg",650,390,false],"qi_addons_for_elementor_image_size_landscape":["https:\/\/www.mormaii.com.br\/site\/wp-content\/uploads\/2017\/06\/776664f2f682ba0947d6.jpg",1084,650,false],"qi_addons_for_elementor_image_size_portrait":["https:\/\/www.mormaii.com.br\/site\/wp-content\/uploads\/2017\/06\/776664f2f682ba0947d6.jpg",650,390,false],"qi_addons_for_elementor_image_size_huge-square":["https:\/\/www.mormaii.com.br\/site\/wp-content\/uploads\/2017\/06\/776664f2f682ba0947d6.jpg",1300,779,false]},"uagb_author_info":{"display_name":"mormaii_importer","author_link":"https:\/\/www.mormaii.com.br\/site\/author\/mormaii_importer\/"},"uagb_comment_info":0,"uagb_excerpt":"Rei do Mar 2014 | Foto: Divulga\u00e7\u00e3o Rei e Rainha do Mar Quem acompanhou o&nbsp;Rei e Rainha do Mar&nbsp;pela televis\u00e3o nessa manh\u00e3 de domingo (14\/12) vibrou muito e pode at\u00e9 amenizar a saudade de uma era inesquec\u00edvel para o esporte brasileiro. A alegria dos bons tempos das corridas automobil\u00edsticas foram revividas com a chegada emocionante&hellip;","_links":{"self":[{"href":"https:\/\/www.mormaii.com.br\/site\/wp-json\/wp\/v2\/posts\/1236"}],"collection":[{"href":"https:\/\/www.mormaii.com.br\/site\/wp-json\/wp\/v2\/posts"}],"about":[{"href":"https:\/\/www.mormaii.com.br\/site\/wp-json\/wp\/v2\/types\/post"}],"author":[{"embeddable":true,"href":"https:\/\/www.mormaii.com.br\/site\/wp-json\/wp\/v2\/users\/3"}],"replies":[{"embeddable":true,"href":"https:\/\/www.mormaii.com.br\/site\/wp-json\/wp\/v2\/comments?post=1236"}],"version-history":[{"count":1,"href":"https:\/\/www.mormaii.com.br\/site\/wp-json\/wp\/v2\/posts\/1236\/revisions"}],"predecessor-version":[{"id":58276,"href":"https:\/\/www.mormaii.com.br\/site\/wp-json\/wp\/v2\/posts\/1236\/revisions\/58276"}],"wp:featuredmedia":[{"embeddable":true,"href":"https:\/\/www.mormaii.com.br\/site\/wp-json\/wp\/v2\/media\/1237"}],"wp:attachment":[{"href":"https:\/\/www.mormaii.com.br\/site\/wp-json\/wp\/v2\/media?parent=1236"}],"wp:term":[{"taxonomy":"category","embeddable":true,"href":"https:\/\/www.mormaii.com.br\/site\/wp-json\/wp\/v2\/categories?post=1236"},{"taxonomy":"post_tag","embeddable":true,"href":"https:\/\/www.mormaii.com.br\/site\/wp-json\/wp\/v2\/tags?post=1236"}],"curies":[{"name":"wp","href":"https:\/\/api.w.org\/{rel}","templated":true}]}}