{"id":1244,"date":"2016-04-04T13:33:38","date_gmt":"2016-04-04T16:33:38","guid":{"rendered":"http:\/\/www.mormaii.com.br\/site\/?p=1244"},"modified":"2022-06-10T10:46:02","modified_gmt":"2022-06-10T13:46:02","slug":"noticiasblog-do-desenho-humano-or-ciencia-empirica-para-autoconhecimento","status":"publish","type":"post","link":"https:\/\/www.mormaii.com.br\/site\/noticiasblog-do-desenho-humano-or-ciencia-empirica-para-autoconhecimento\/","title":{"rendered":"Blog do Desenho Humano | Ci\u00eancia Emp\u00edrica para Autoconhecimento"},"content":{"rendered":"<p>O CONHECIMENTO DO DESENHO HUMANO NOS DESPERTA PARA A DUALIDADE DE SER HUMANO: HOMOGENEIZA\u00c7\u00c3O x DIFERENCIA\u00c7\u00c3O.<\/p>\n<p>\u201cCada indiv\u00edduo nasce com POTENCIAL gen\u00e9tico predisposto para DIFERENCIA\u00c7\u00c3O DA FORMA e com a VULNERABILIDADE da transfer\u00eancia desse potencial \u00fanico de diferencia\u00e7\u00e3o para uma pr\u00e9 disposi\u00e7\u00e3o condicionada de HOMOGENEIZA\u00c7\u00c3O DA FORMA\u201d.<\/p>\n<p>Na perspectiva social que estivemos vivendo e vivemos nos dias de hoje, o ser humano, completamente desamparado de si mesmo, j\u00e1 n\u00e3o sabe mais quem realmente \u00e9. Todos os dias, a ilus\u00e3o do que pensamos que pensamos que pensamos que pensamos que somos preenche todos os espa\u00e7os da nossa vida em detrimento da natureza verdadeira de cada um de n\u00f3s.<\/p>\n<p>Em outras palavras, o indiv\u00edduo abriga dentro de si a qu\u00edmica do seu verdadeiro ser e a qu\u00edmica do seu n\u00e3o ser. Ambos os aspectos, em justaposi\u00e7\u00e3o, comp\u00f5e a vida do indiv\u00edduo para um prop\u00f3sito \u00fanico, e a humanidade j\u00e1 descobriu que o todo \u00e9 maior do que a soma de suas partes.<\/p>\n<p>O que o conhecimento do Desenho Humano traz para sua vida?<\/p>\n<p>Desenho Humano desperta o indiv\u00edduo para a possibilidade de express\u00e3o do potencial \u00fanico do Ser simultaneamente com o despertar do Ser para o desenvolvimento de uma nova rela\u00e7\u00e3o interna consigo mesmo e educa\u00e7\u00e3o do N\u00e3o-Ser.<\/p>\n<p>Atrav\u00e9s da leitura do seu desenho, o Ser, a for\u00e7a vital emissora do eterno estudante dentro de voc\u00ea, \u00e9 auto re-conhecida e ressoa dentro de uma nova perspectiva. O N\u00e3o-Ser, que \u00e9 a escola \u00fanica da vida do Ser \u2013 os nossos receptores singulares \u2013 \u00e9 re-descoberto atrav\u00e9s de uma perspectiva poderosa e inovadora e voc\u00ea pode comprovar isso consigo mesmo. N\u00e3o \u00e9 para ser acreditado, voc\u00ea comprova na pr\u00e1tica, nos resultados que obt\u00e9m quando aplica o conhecimento do Desenho Humano em sua vida!<\/p>\n<p>Na vida, na pr\u00e1tica, Desenho Humano disponibiliza as ferramentas para o indiv\u00edduo acessar a possibilidade de viver o seu potencial \u00fanico, de acordo com sua natureza, atrav\u00e9s de uma nova linguagem e com uma nova compreens\u00e3o interna, que resulta em uma nova perspectiva de consci\u00eancia de passageiro.<\/p>\n<p>A experi\u00eancia do indiv\u00edduo com o Desenho Humano, atrav\u00e9s do tempo, culmina alinhando-o com o ambiente, as experi\u00eancias e pessoas corretas de acordo com a natureza e o prop\u00f3sito \u00fanico de cada um e de todos n\u00f3s.<\/p>\n<p>Quando voc\u00ea come\u00e7a a despertar para consci\u00eancia de passageiro, uma das grandes armadilhas que vai encontrar \u00e9 a classifica\u00e7\u00e3o mental de que o N\u00e3o-ser \u00e9 algo ruim e que deve ser eliminado. N\u00e3o entre nesse beco sem sa\u00edda! O N\u00e3o-ser est\u00e1 l\u00e1 dentro de voc\u00ea da mesma forma que o seu Ser o habita, quer voc\u00ea queira ou n\u00e3o, e a vida \u2013 junto com as suas decis\u00f5es \u2013 s\u00e3o o cen\u00e1rio de tal mecanismo dual.<\/p>\n<p>Para o indiv\u00edduo adulto ou para o adolescente, uma vez que p\u00f5e em pr\u00e1tica essa consci\u00eancia de passageiro que apreende a sua pr\u00f3pria dualidade, o passo firme dispon\u00edvel para dar atrav\u00e9s do Desenho Humano \u00e9 render-se ao processo de descondicionamento, que se desenvolver\u00e1 em sua vida de acordo com sua natureza \u00fanica e singular.<\/p>\n<p>Em poucas palavras, o conhecimento do Desenho Humano lhe traz uma nova perspectiva sobre como tomar decis\u00f5es corretas na vida de acordo a sua natureza e essa nova perspectiva \u00e9 poderosamente transformadora!<\/p>\n<p><em>M\u00e9ris Oliveira<br \/>DesenhoHumanoBrasil<\/em><\/p>\n<p>Para obter uma leitura do seu desenho humano pessoal, entre em contato com um analista profissional de Desenho Humano:&nbsp;<a href=\"http:\/\/www.desenhohumanobrasil.com.br\/recem-chegados\/analisedesenho\">www.desenhohumanobrasil.com.br\/recem-chegados\/analisedesenho<\/a><\/p>\n","protected":false},"excerpt":{"rendered":"<p>O CONHECIMENTO DO DESENHO HUMANO NOS DESPERTA PARA A DUALIDADE DE SER HUMANO: HOMOGENEIZA\u00c7\u00c3O x DIFERENCIA\u00c7\u00c3O. \u201cCada indiv\u00edduo nasce com POTENCIAL gen\u00e9tico predisposto para DIFERENCIA\u00c7\u00c3O DA FORMA e com a VULNERABILIDADE da transfer\u00eancia desse potencial \u00fanico de diferencia\u00e7\u00e3o para uma pr\u00e9 disposi\u00e7\u00e3o condicionada de HOMOGENEIZA\u00c7\u00c3O DA FORMA\u201d. Na perspectiva social que estivemos vivendo e vivemos [&hellip;]<\/p>\n","protected":false},"author":2,"featured_media":1245,"comment_status":"open","ping_status":"open","sticky":false,"template":"","format":"standard","meta":{"_uag_custom_page_level_css":"","_mi_skip_tracking":false,"footnotes":""},"categories":[914,7],"tags":[],"class_list":["post-1244","post","type-post","status-publish","format-standard","has-post-thumbnail","hentry","category-mormaii","category-novidades"],"acf":[],"uagb_featured_image_src":{"full":["https:\/\/www.mormaii.com.br\/site\/wp-content\/uploads\/2017\/06\/15cbb4c2be18bc5930ac.jpg",1600,959,false],"thumbnail":["https:\/\/www.mormaii.com.br\/site\/wp-content\/uploads\/2017\/06\/15cbb4c2be18bc5930ac-150x150.jpg",150,150,true],"medium":["https:\/\/www.mormaii.com.br\/site\/wp-content\/uploads\/2017\/06\/15cbb4c2be18bc5930ac-300x180.jpg",300,180,true],"medium_large":["https:\/\/www.mormaii.com.br\/site\/wp-content\/uploads\/2017\/06\/15cbb4c2be18bc5930ac-768x460.jpg",768,460,true],"large":["https:\/\/www.mormaii.com.br\/site\/wp-content\/uploads\/2017\/06\/15cbb4c2be18bc5930ac-1024x614.jpg",1024,614,true],"1536x1536":["https:\/\/www.mormaii.com.br\/site\/wp-content\/uploads\/2017\/06\/15cbb4c2be18bc5930ac.jpg",1536,921,false],"2048x2048":["https:\/\/www.mormaii.com.br\/site\/wp-content\/uploads\/2017\/06\/15cbb4c2be18bc5930ac.jpg",1600,959,false],"qi_addons_for_elementor_image_size_square":["https:\/\/www.mormaii.com.br\/site\/wp-content\/uploads\/2017\/06\/15cbb4c2be18bc5930ac.jpg",650,390,false],"qi_addons_for_elementor_image_size_landscape":["https:\/\/www.mormaii.com.br\/site\/wp-content\/uploads\/2017\/06\/15cbb4c2be18bc5930ac.jpg",1084,650,false],"qi_addons_for_elementor_image_size_portrait":["https:\/\/www.mormaii.com.br\/site\/wp-content\/uploads\/2017\/06\/15cbb4c2be18bc5930ac.jpg",650,390,false],"qi_addons_for_elementor_image_size_huge-square":["https:\/\/www.mormaii.com.br\/site\/wp-content\/uploads\/2017\/06\/15cbb4c2be18bc5930ac.jpg",1300,779,false]},"uagb_author_info":{"display_name":"mormaii","author_link":"https:\/\/www.mormaii.com.br\/site\/author\/mormaii\/"},"uagb_comment_info":0,"uagb_excerpt":"O CONHECIMENTO DO DESENHO HUMANO NOS DESPERTA PARA A DUALIDADE DE SER HUMANO: HOMOGENEIZA\u00c7\u00c3O x DIFERENCIA\u00c7\u00c3O. \u201cCada indiv\u00edduo nasce com POTENCIAL gen\u00e9tico predisposto para DIFERENCIA\u00c7\u00c3O DA FORMA e com a VULNERABILIDADE da transfer\u00eancia desse potencial \u00fanico de diferencia\u00e7\u00e3o para uma pr\u00e9 disposi\u00e7\u00e3o condicionada de HOMOGENEIZA\u00c7\u00c3O DA FORMA\u201d. Na perspectiva social que estivemos vivendo e vivemos&hellip;","_links":{"self":[{"href":"https:\/\/www.mormaii.com.br\/site\/wp-json\/wp\/v2\/posts\/1244"}],"collection":[{"href":"https:\/\/www.mormaii.com.br\/site\/wp-json\/wp\/v2\/posts"}],"about":[{"href":"https:\/\/www.mormaii.com.br\/site\/wp-json\/wp\/v2\/types\/post"}],"author":[{"embeddable":true,"href":"https:\/\/www.mormaii.com.br\/site\/wp-json\/wp\/v2\/users\/2"}],"replies":[{"embeddable":true,"href":"https:\/\/www.mormaii.com.br\/site\/wp-json\/wp\/v2\/comments?post=1244"}],"version-history":[{"count":1,"href":"https:\/\/www.mormaii.com.br\/site\/wp-json\/wp\/v2\/posts\/1244\/revisions"}],"predecessor-version":[{"id":6895,"href":"https:\/\/www.mormaii.com.br\/site\/wp-json\/wp\/v2\/posts\/1244\/revisions\/6895"}],"wp:featuredmedia":[{"embeddable":true,"href":"https:\/\/www.mormaii.com.br\/site\/wp-json\/wp\/v2\/media\/1245"}],"wp:attachment":[{"href":"https:\/\/www.mormaii.com.br\/site\/wp-json\/wp\/v2\/media?parent=1244"}],"wp:term":[{"taxonomy":"category","embeddable":true,"href":"https:\/\/www.mormaii.com.br\/site\/wp-json\/wp\/v2\/categories?post=1244"},{"taxonomy":"post_tag","embeddable":true,"href":"https:\/\/www.mormaii.com.br\/site\/wp-json\/wp\/v2\/tags?post=1244"}],"curies":[{"name":"wp","href":"https:\/\/api.w.org\/{rel}","templated":true}]}}